{"id":224014,"date":"2019-11-05T11:46:58","date_gmt":"2019-11-05T08:46:58","guid":{"rendered":"http:\/\/www.tvturk.com\/index.php\/rektor-bilgic-ve-ekibi-72lik-deprem-anini-yasadi\/"},"modified":"2019-11-05T11:46:58","modified_gmt":"2019-11-05T08:46:58","slug":"rektor-bilgic-ve-ekibi-72lik-deprem-anini-yasadi","status":"publish","type":"post","link":"http:\/\/www.tvturk.com\/index.php\/rektor-bilgic-ve-ekibi-72lik-deprem-anini-yasadi\/","title":{"rendered":"Rekt\u00f6r Bilgi\u00e7 ve ekibi 7,2\u2019lik deprem an\u0131n\u0131 ya\u015fad\u0131"},"content":{"rendered":"<p>Samsun Ondokuz May\u0131s \u00dcniversitesi (OM\u00dc) Rekt\u00f6r\u00fc Prof. Dr. Sait Bilgi\u00e7, similasyon t\u0131r\u0131nda 7,2\u2019lik deprem an\u0131n\u0131 ya\u015fad\u0131.<\/p>\n<p>K\u0131z\u0131lay Haftas\u0131 etkinlikleri kapsam\u0131nda Kurupelit Kamp\u00fcs\u00fc\u2019nde kurulan fuar alan\u0131nda Afet ve Acil Durum Y\u00f6netimi Ba\u015fkanl\u0131\u011f\u0131 (AFAD) taraf\u0131ndan getirilen sim\u00fclasyon t\u0131r\u0131 da yer ald\u0131. Sim\u00fclasyon t\u0131r\u0131n\u0131n misafirleri aras\u0131nda Ondokuz May\u0131s \u00dcniversitesi (OM\u00dc) Rekt\u00f6r\u00fc Prof. Dr. Sait Bilgi\u00e7 ve Rekt\u00f6r Yard\u0131mc\u0131lar\u0131 da vard\u0131. Rekt\u00f6r Bilgi\u00e7 ve yan\u0131ndakiler 2011 y\u0131l\u0131nda 7,2 b\u00fcy\u00fckl\u00fc\u011f\u00fcnde ya\u015fanan Van depremini sim\u00fclasyonla deneyimlediler. 15 saniye s\u00fcreyle suni bir deprem ortam\u0131n\u0131 ya\u015fayan Bilgi\u00e7 ve ekibi hemen \u2019\u00e7\u00f6k kapan tutun\u2019 tekni\u011fi uygulayarak deprem alan\u0131nda ya\u015fam \u00fc\u00e7geni olu\u015fturdu. 1 dakika s\u00fcren Van depreminin sadece 15 saniyelik k\u0131sm\u0131n\u0131 ya\u015fayan ekip, s\u00fcrenin 15 saniyeden daha uzun geldi\u011fini a\u00e7\u0131klad\u0131.<\/p>\n<p>Deprem sim\u00fclasyon t\u0131r\u0131 g\u00fcn boyu misafirlerini a\u011f\u0131rlad\u0131 ve onlara deprem an\u0131n\u0131 suni bir \u015fekilde ya\u015fatt\u0131. Ayr\u0131ca deprem sim\u00fclasyon t\u0131r\u0131nda, deprem an\u0131nda neler yap\u0131laca\u011f\u0131na dair e\u011fitimler de verildi.<\/p>\n<p>OM\u00dc\u2019deki deprem sim\u00fclasyon etkinli\u011fine Rekt\u00f6r Yard\u0131mc\u0131lar\u0131 Prof. Dr. Mehmet Kuran, Prof. Dr. Vedat Ceyhan ve Prof. Dr. Mehmet Ali Cengiz, T\u00fcrk K\u0131z\u0131lay Samsun \u015eube Ba\u015fkan\u0131 Dr. Habib Demirel, T\u00fcrk K\u0131z\u0131lay Samsun \u015eubesi Kad\u0131n Kollar\u0131 Ba\u015fkan\u0131 Hanife Papila, yetkililer ve \u00f6\u011frenciler i\u015ftirak etti.<\/p>\n","protected":false},"excerpt":{"rendered":"<p>AFAD DEPREM S\u0130M\u00dcLASYON TIRI OM\u00dc KURUPEL\u0130T KAMP\u00dcS\u00dcNDEYD\u0130.<\/p>\n","protected":false},"author":1,"featured_media":224015,"comment_status":"closed","ping_status":"open","sticky":false,"template":"","format":"standard","meta":{"jetpack_post_was_ever_published":false,"_jetpack_newsletter_access":"","_jetpack_dont_email_post_to_subs":false,"_jetpack_newsletter_tier_id":0,"_jetpack_memberships_contains_paywalled_content":false,"_jetpack_memberships_contains_paid_content":false,"footnotes":"","jetpack_publicize_message":"","jetpack_publicize_feature_enabled":true,"jetpack_social_post_already_shared":true,"jetpack_social_options":{"image_generator_settings":{"template":"highway","default_image_id":0,"font":"","enabled":false},"version":2}},"categories":[1],"tags":[56626,1800,20136,5082,221,2948,163,8303],"class_list":["post-224014","post","type-post","status-publish","format-standard","has-post-thumbnail","hentry","category-genel","tag-2lik","tag-1800","tag-anini","tag-bilgic","tag-deprem","tag-ekibi","tag-rektor","tag-yasadi"],"jetpack_publicize_connections":[],"jetpack_featured_media_url":"https:\/\/i0.wp.com\/www.tvturk.com\/wp-content\/uploads\/2019\/11\/rektor-bilgic-ve-ekibi-72lik-deprem-anini-yasadi_80f42e6.jpg?fit=1000%2C666","jetpack_sharing_enabled":true,"jetpack_shortlink":"https:\/\/wp.me\/paKIfm-Wh8","_links":{"self":[{"href":"http:\/\/www.tvturk.com\/index.php\/wp-json\/wp\/v2\/posts\/224014","targetHints":{"allow":["GET"]}}],"collection":[{"href":"http:\/\/www.tvturk.com\/index.php\/wp-json\/wp\/v2\/posts"}],"about":[{"href":"http:\/\/www.tvturk.com\/index.php\/wp-json\/wp\/v2\/types\/post"}],"author":[{"embeddable":true,"href":"http:\/\/www.tvturk.com\/index.php\/wp-json\/wp\/v2\/users\/1"}],"replies":[{"embeddable":true,"href":"http:\/\/www.tvturk.com\/index.php\/wp-json\/wp\/v2\/comments?post=224014"}],"version-history":[{"count":0,"href":"http:\/\/www.tvturk.com\/index.php\/wp-json\/wp\/v2\/posts\/224014\/revisions"}],"wp:featuredmedia":[{"embeddable":true,"href":"http:\/\/www.tvturk.com\/index.php\/wp-json\/wp\/v2\/media\/224015"}],"wp:attachment":[{"href":"http:\/\/www.tvturk.com\/index.php\/wp-json\/wp\/v2\/media?parent=224014"}],"wp:term":[{"taxonomy":"category","embeddable":true,"href":"http:\/\/www.tvturk.com\/index.php\/wp-json\/wp\/v2\/categories?post=224014"},{"taxonomy":"post_tag","embeddable":true,"href":"http:\/\/www.tvturk.com\/index.php\/wp-json\/wp\/v2\/tags?post=224014"}],"curies":[{"name":"wp","href":"https:\/\/api.w.org\/{rel}","templated":true}]}}