{"id":224026,"date":"2019-11-05T12:16:55","date_gmt":"2019-11-05T09:16:55","guid":{"rendered":"http:\/\/www.tvturk.com\/index.php\/buuden-uluslararasi-alanda-akademik-adim\/"},"modified":"2019-11-05T12:16:55","modified_gmt":"2019-11-05T09:16:55","slug":"buuden-uluslararasi-alanda-akademik-adim","status":"publish","type":"post","link":"http:\/\/www.tvturk.com\/index.php\/buuden-uluslararasi-alanda-akademik-adim\/","title":{"rendered":"BU\u00dc\u2019den uluslararas\u0131 alanda akademik ad\u0131m"},"content":{"rendered":"<p>Bursa Uluda\u011f \u00dcniversitesi (BU\u00dc) Rekt\u00f6r\u00fc Prof. Dr. Ahmet Saim K\u0131lavuz, yeni d\u00f6nemde uluslararas\u0131 akademik i\u015f birliklerine \u00f6zel \u00f6nem vereceklerini ve bu konuda ciddi ad\u0131mlar atacaklar\u0131n\u0131 s\u00f6yledi.<\/p>\n<p>BU\u00dc Rekt\u00f6r\u00fc Prof. Dr. A. Saim K\u0131lavuz, \u00fcniversite b\u00fcnyesinde kurulan Uluslararas\u0131 Akademik \u0130li\u015fkiler Koordinat\u00f6rl\u00fc\u011f\u00fcn\u00fc ziyaret ederek yap\u0131lan \u00e7al\u0131\u015fmalar hakk\u0131nda bilgi ald\u0131. Uluslararas\u0131 Akademik \u0130li\u015fkiler Koordinat\u00f6r\u00fc Do\u00e7. Dr. B\u00fclent \u015eenay ve Dan\u0131\u015fma Kurulu \u00dcyeleri taraf\u0131ndan yap\u0131lan \u00e7al\u0131\u015fmalar hakk\u0131nda bilgiler alan Rekt\u00f6r K\u0131lavuz, \u201c\u00dcniversitemizde bug\u00fcne kadar Erasmus, Mevlana ve Secondos de\u011fi\u015fim programlar\u0131, ikili anla\u015fmalar ve uluslararas\u0131 projeler konusunda \u00e7ok say\u0131da \u00e7al\u0131\u015fma yap\u0131ld\u0131. Ancak bu \u00e7al\u0131\u015fmalar her zaman istenilen d\u00fczeyde ilerleyemedi. Yeni d\u00f6nemde uluslararas\u0131 akademik i\u015fbirliklerine \u00f6zel \u00f6nem verece\u011fiz ve bu konuda ciddi ad\u0131mlar ataca\u011f\u0131z. Bundan b\u00f6yle b\u00fct\u00fcn programlar e\u015fg\u00fcd\u00fcml\u00fc ve merkezi bir yap\u0131 i\u00e7erisinde ilerleyecek. Kurdu\u011fumuz Uluslararas\u0131 Akademik \u0130li\u015fkiler Koordinat\u00f6rl\u00fc\u011f\u00fc Merkezi\u2019miz sayesinde daha vizyoner, daha verimli ve s\u00fcrd\u00fcr\u00fclebilir bir bi\u00e7imde bu \u00e7al\u0131\u015fmalar\u0131n \u00fczerine yo\u011funla\u015faca\u011f\u0131z. Planlamalar\u0131m\u0131z\u0131 ve g\u00f6r\u00fc\u015fmelerimizi bu hedef do\u011frultusunda y\u00fcr\u00fctece\u011fiz. Bursa Uluda\u011f \u00dcniversitesi\u2019ni istenilen seviyeye getirmenin bir yolu da uluslararas\u0131 arenada akademik olarak dikkate al\u0131n\u0131yor olmaktan ge\u00e7iyor. \u0130n\u015fallah hep birlikte g\u00fczel sonu\u00e7lar alaca\u011f\u0131z\u201d diye konu\u015ftu.<\/p>\n<p>Uluslararas\u0131 Akademik \u0130li\u015fkiler Koordinat\u00f6r\u00fc Do\u00e7. Dr. B\u00fclent \u015eenay, b\u00fct\u00fcn uluslararas\u0131 akademik \u00e7al\u0131\u015fmalar\u0131n e\u015fg\u00fcd\u00fcml\u00fc olarak y\u00fcr\u00fct\u00fclmesine ve BU\u00dc\u2019n\u00fcn uluslararas\u0131 bilimsel-akademik profilinin d\u00fcnyada ba\u015far\u0131l\u0131 \u00fcniversitelerle i\u015f birli\u011fi seviyesine ta\u015f\u0131nmas\u0131na y\u00f6nelik planlad\u0131klar\u0131 \u00e7al\u0131\u015fmalar hakk\u0131nda bilgiler verdi. Ziyarette yeni d\u00f6nemde izlenecek yol haritas\u0131 \u00fczerinde g\u00f6r\u00fc\u015f al\u0131\u015fveri\u015finde bulunuldu.<\/p>\n","protected":false},"excerpt":{"rendered":"<p>BURSA ULUDA\u011e \u00dcN\u0130VERS\u0130TES\u0130 (BU\u00dc) REKT\u00d6R\u00dc PROF. DR. AHMET SA\u0130M KILAVUZ, YEN\u0130 D\u00d6NEMDE ULUSLARARASI AKADEM\u0130K \u0130\u015e B\u0130RL\u0130KLER\u0130NE \u00d6ZEL \u00d6NEM VERECEKLER\u0130N\u0130 VE BU KONUDA C\u0130DD\u0130 ADIMLAR ATACAKLARINI S\u00d6YLED\u0130.<\/p>\n","protected":false},"author":1,"featured_media":224027,"comment_status":"closed","ping_status":"open","sticky":false,"template":"","format":"standard","meta":{"jetpack_post_was_ever_published":false,"_jetpack_newsletter_access":"","_jetpack_dont_email_post_to_subs":false,"_jetpack_newsletter_tier_id":0,"_jetpack_memberships_contains_paywalled_content":false,"_jetpack_memberships_contains_paid_content":false,"footnotes":"","jetpack_publicize_message":"","jetpack_publicize_feature_enabled":true,"jetpack_social_post_already_shared":true,"jetpack_social_options":{"image_generator_settings":{"template":"highway","default_image_id":0,"font":"","enabled":false},"version":2}},"categories":[1],"tags":[4839,7429,10673,1781,16719],"class_list":["post-224026","post","type-post","status-publish","format-standard","has-post-thumbnail","hentry","category-genel","tag-uluslararasi","tag-adim","tag-akademik","tag-alanda","tag-buuden"],"jetpack_publicize_connections":[],"jetpack_featured_media_url":"https:\/\/i0.wp.com\/www.tvturk.com\/wp-content\/uploads\/2019\/11\/buuden-uluslararasi-alanda-akademik-adim_92a01c9.jpg?fit=1000%2C666","jetpack_sharing_enabled":true,"jetpack_shortlink":"https:\/\/wp.me\/paKIfm-Whk","_links":{"self":[{"href":"http:\/\/www.tvturk.com\/index.php\/wp-json\/wp\/v2\/posts\/224026","targetHints":{"allow":["GET"]}}],"collection":[{"href":"http:\/\/www.tvturk.com\/index.php\/wp-json\/wp\/v2\/posts"}],"about":[{"href":"http:\/\/www.tvturk.com\/index.php\/wp-json\/wp\/v2\/types\/post"}],"author":[{"embeddable":true,"href":"http:\/\/www.tvturk.com\/index.php\/wp-json\/wp\/v2\/users\/1"}],"replies":[{"embeddable":true,"href":"http:\/\/www.tvturk.com\/index.php\/wp-json\/wp\/v2\/comments?post=224026"}],"version-history":[{"count":0,"href":"http:\/\/www.tvturk.com\/index.php\/wp-json\/wp\/v2\/posts\/224026\/revisions"}],"wp:featuredmedia":[{"embeddable":true,"href":"http:\/\/www.tvturk.com\/index.php\/wp-json\/wp\/v2\/media\/224027"}],"wp:attachment":[{"href":"http:\/\/www.tvturk.com\/index.php\/wp-json\/wp\/v2\/media?parent=224026"}],"wp:term":[{"taxonomy":"category","embeddable":true,"href":"http:\/\/www.tvturk.com\/index.php\/wp-json\/wp\/v2\/categories?post=224026"},{"taxonomy":"post_tag","embeddable":true,"href":"http:\/\/www.tvturk.com\/index.php\/wp-json\/wp\/v2\/tags?post=224026"}],"curies":[{"name":"wp","href":"https:\/\/api.w.org\/{rel}","templated":true}]}}