{"id":224188,"date":"2019-11-05T15:46:53","date_gmt":"2019-11-05T12:46:53","guid":{"rendered":"http:\/\/www.tvturk.com\/index.php\/ingiltere-disisleri-bakanligi-politika-direktoru-moore-bakan-akari-ziyaret-etti\/"},"modified":"2019-11-05T15:46:53","modified_gmt":"2019-11-05T12:46:53","slug":"ingiltere-disisleri-bakanligi-politika-direktoru-moore-bakan-akari-ziyaret-etti","status":"publish","type":"post","link":"http:\/\/www.tvturk.com\/index.php\/ingiltere-disisleri-bakanligi-politika-direktoru-moore-bakan-akari-ziyaret-etti\/","title":{"rendered":"\u0130ngiltere D\u0131\u015fi\u015fleri Bakanl\u0131\u011f\u0131 Politika Direkt\u00f6r\u00fc Moore, Bakan Akar\u2019\u0131 ziyaret etti"},"content":{"rendered":"<p>\u0130ngiltere D\u0131\u015fi\u015fleri Bakanl\u0131\u011f\u0131 Politika Direkt\u00f6r\u00fc Richard Moore, Milli Savunma Bakan\u0131 Hulusi Akar\u2019\u0131 ziyaret etti.<\/p>\n<p>Bir s\u00fcre \u00f6nce T\u00fcrkiye\u2019de B\u00fcy\u00fckel\u00e7ilik yapan \u0130ngiltere D\u0131\u015fi\u015fleri Politika Direkt\u00f6r\u00fc Richard Moore, Milli Savunma Bakan\u0131 Hulusi Akar\u2019\u0131 ziyaret etti. Ziyarette \u0130ngiltere Ankara B\u00fcy\u00fckel\u00e7isi Dominick Chilcott da haz\u0131r bulundu.<\/p>\n","protected":false},"excerpt":{"rendered":"<p>\u0130NG\u0130LTERE DI\u015e\u0130\u015eLER\u0130 BAKANLI\u011eI POL\u0130T\u0130KA D\u0130REKT\u00d6R\u00dc R\u0130CHARD MOORE, M\u0130LL\u0130 SAVUNMA BAKANI HULUS\u0130 AKAR&#8217;I Z\u0130YARET ETT\u0130.<\/p>\n","protected":false},"author":1,"featured_media":224189,"comment_status":"closed","ping_status":"open","sticky":false,"template":"","format":"standard","meta":{"jetpack_post_was_ever_published":false,"_jetpack_newsletter_access":"","_jetpack_dont_email_post_to_subs":false,"_jetpack_newsletter_tier_id":0,"_jetpack_memberships_contains_paywalled_content":false,"_jetpack_memberships_contains_paid_content":false,"footnotes":"","jetpack_publicize_message":"","jetpack_publicize_feature_enabled":true,"jetpack_social_post_already_shared":true,"jetpack_social_options":{"image_generator_settings":{"template":"highway","default_image_id":0,"font":"","enabled":false},"version":2}},"categories":[1],"tags":[18758,742,9825,10790,1498,207,838,56661,28289,150],"class_list":["post-224188","post","type-post","status-publish","format-standard","has-post-thumbnail","hentry","category-genel","tag-akari","tag-bakan","tag-bakanligi","tag-direktoru","tag-disisleri","tag-etti","tag-ingiltere","tag-moore","tag-politika","tag-ziyaret"],"jetpack_publicize_connections":[],"jetpack_featured_media_url":"https:\/\/i0.wp.com\/www.tvturk.com\/wp-content\/uploads\/2019\/11\/ingiltere-disisleri-bakanligi-politika-direktoru-moore-bakan-akari-ziyaret-etti_ee946db.jpg?fit=900%2C600","jetpack_sharing_enabled":true,"jetpack_shortlink":"https:\/\/wp.me\/paKIfm-WjW","_links":{"self":[{"href":"http:\/\/www.tvturk.com\/index.php\/wp-json\/wp\/v2\/posts\/224188","targetHints":{"allow":["GET"]}}],"collection":[{"href":"http:\/\/www.tvturk.com\/index.php\/wp-json\/wp\/v2\/posts"}],"about":[{"href":"http:\/\/www.tvturk.com\/index.php\/wp-json\/wp\/v2\/types\/post"}],"author":[{"embeddable":true,"href":"http:\/\/www.tvturk.com\/index.php\/wp-json\/wp\/v2\/users\/1"}],"replies":[{"embeddable":true,"href":"http:\/\/www.tvturk.com\/index.php\/wp-json\/wp\/v2\/comments?post=224188"}],"version-history":[{"count":0,"href":"http:\/\/www.tvturk.com\/index.php\/wp-json\/wp\/v2\/posts\/224188\/revisions"}],"wp:featuredmedia":[{"embeddable":true,"href":"http:\/\/www.tvturk.com\/index.php\/wp-json\/wp\/v2\/media\/224189"}],"wp:attachment":[{"href":"http:\/\/www.tvturk.com\/index.php\/wp-json\/wp\/v2\/media?parent=224188"}],"wp:term":[{"taxonomy":"category","embeddable":true,"href":"http:\/\/www.tvturk.com\/index.php\/wp-json\/wp\/v2\/categories?post=224188"},{"taxonomy":"post_tag","embeddable":true,"href":"http:\/\/www.tvturk.com\/index.php\/wp-json\/wp\/v2\/tags?post=224188"}],"curies":[{"name":"wp","href":"https:\/\/api.w.org\/{rel}","templated":true}]}}