{"id":224212,"date":"2019-11-05T16:47:01","date_gmt":"2019-11-05T13:47:01","guid":{"rendered":"http:\/\/www.tvturk.com\/index.php\/irakin-kuzeyine-hava-harekati-2-pkkli-terorist-etkisiz-getirildi\/"},"modified":"2019-11-05T16:47:01","modified_gmt":"2019-11-05T13:47:01","slug":"irakin-kuzeyine-hava-harekati-2-pkkli-terorist-etkisiz-getirildi","status":"publish","type":"post","link":"http:\/\/www.tvturk.com\/index.php\/irakin-kuzeyine-hava-harekati-2-pkkli-terorist-etkisiz-getirildi\/","title":{"rendered":"Irak\u2019\u0131n kuzeyine hava harekat\u0131: 2 PKK\u2019l\u0131 ter\u00f6rist etkisiz getirildi"},"content":{"rendered":"<p>Milli Savunma Bakanl\u0131\u011f\u0131 Pen\u00e7e-3 Harekat\u0131 kapsam\u0131nda Irak\u2019\u0131n kuzeyi Haftanin b\u00f6lgesinde d\u00fczenlenen hava harekat\u0131nda 2 PKK\u2019l\u0131 ter\u00f6ristin etkisiz hale getirildi\u011fini a\u00e7\u0131klad\u0131.<\/p>\n<p>Bakanl\u0131ktan yap\u0131lan a\u00e7\u0131klamada \u015fu ifadelere yer verildi:<\/p>\n<p>\u201cIrak\u2019\u0131n kuzeyinde ba\u015far\u0131yla devam eden Pen\u00e7e-3 Harekat\u0131 kapsam\u0131nda Haftanin b\u00f6lgesinde icra edilen hava destekli operasyonda 2 PKK\u2019l\u0131 ter\u00f6rist etkisiz hale getirildi.\u201d<\/p>\n","protected":false},"excerpt":{"rendered":"<p>M\u0130LL\u0130 SAVUNMA BAKANLI\u011eI  PEN\u00c7E-3 HAREKATI KAPSAMINDA IRAK\u2019IN KUZEY\u0130 HAFTAN\u0130N B\u00d6LGES\u0130NDE D\u00dcZENLENEN HAVA HAREKATINDA 2 PKK\u2019LI TER\u00d6R\u0130ST ETK\u0130S\u0130Z HALE GET\u0130R\u0130LD\u0130\u011e\u0130N\u0130 A\u00c7IKLADI.<\/p>\n","protected":false},"author":1,"featured_media":224213,"comment_status":"closed","ping_status":"open","sticky":false,"template":"","format":"standard","meta":{"jetpack_post_was_ever_published":false,"_jetpack_newsletter_access":"","_jetpack_dont_email_post_to_subs":false,"_jetpack_newsletter_tier_id":0,"_jetpack_memberships_contains_paywalled_content":false,"_jetpack_memberships_contains_paid_content":false,"footnotes":"","jetpack_publicize_message":"","jetpack_publicize_feature_enabled":true,"jetpack_social_post_already_shared":true,"jetpack_social_options":{"image_generator_settings":{"template":"highway","default_image_id":0,"font":"","enabled":false},"version":2}},"categories":[1],"tags":[4674,9576,17305,257,7859,54626,5992,6958],"class_list":["post-224212","post","type-post","status-publish","format-standard","has-post-thumbnail","hentry","category-genel","tag-etkisiz","tag-getirildi","tag-harekati","tag-hava","tag-irakin","tag-kuzeyine","tag-pkkli","tag-terorist"],"jetpack_publicize_connections":[],"jetpack_featured_media_url":"https:\/\/i0.wp.com\/www.tvturk.com\/wp-content\/uploads\/2019\/11\/irakin-kuzeyine-hava-harekati-2-pkkli-terorist-etkisiz-getirildi_905e74c.jpg?fit=680%2C453","jetpack_sharing_enabled":true,"jetpack_shortlink":"https:\/\/wp.me\/paKIfm-Wkk","_links":{"self":[{"href":"http:\/\/www.tvturk.com\/index.php\/wp-json\/wp\/v2\/posts\/224212","targetHints":{"allow":["GET"]}}],"collection":[{"href":"http:\/\/www.tvturk.com\/index.php\/wp-json\/wp\/v2\/posts"}],"about":[{"href":"http:\/\/www.tvturk.com\/index.php\/wp-json\/wp\/v2\/types\/post"}],"author":[{"embeddable":true,"href":"http:\/\/www.tvturk.com\/index.php\/wp-json\/wp\/v2\/users\/1"}],"replies":[{"embeddable":true,"href":"http:\/\/www.tvturk.com\/index.php\/wp-json\/wp\/v2\/comments?post=224212"}],"version-history":[{"count":0,"href":"http:\/\/www.tvturk.com\/index.php\/wp-json\/wp\/v2\/posts\/224212\/revisions"}],"wp:featuredmedia":[{"embeddable":true,"href":"http:\/\/www.tvturk.com\/index.php\/wp-json\/wp\/v2\/media\/224213"}],"wp:attachment":[{"href":"http:\/\/www.tvturk.com\/index.php\/wp-json\/wp\/v2\/media?parent=224212"}],"wp:term":[{"taxonomy":"category","embeddable":true,"href":"http:\/\/www.tvturk.com\/index.php\/wp-json\/wp\/v2\/categories?post=224212"},{"taxonomy":"post_tag","embeddable":true,"href":"http:\/\/www.tvturk.com\/index.php\/wp-json\/wp\/v2\/tags?post=224212"}],"curies":[{"name":"wp","href":"https:\/\/api.w.org\/{rel}","templated":true}]}}