{"id":224394,"date":"2019-11-06T10:46:39","date_gmt":"2019-11-06T07:46:39","guid":{"rendered":"http:\/\/www.tvturk.com\/index.php\/oka-gelecegin-meslekleri-uzerinde-calisiyor\/"},"modified":"2019-11-06T10:46:39","modified_gmt":"2019-11-06T07:46:39","slug":"oka-gelecegin-meslekleri-uzerinde-calisiyor","status":"publish","type":"post","link":"http:\/\/www.tvturk.com\/index.php\/oka-gelecegin-meslekleri-uzerinde-calisiyor\/","title":{"rendered":"OKA \u2018gelece\u011fin meslekleri\u2019 \u00fczerinde \u00e7al\u0131\u015f\u0131yor"},"content":{"rendered":"<p>Orta Karadeniz Kalk\u0131nma Ajans\u0131nca (OKA) 4 ilde yap\u0131lan \u201cMesleki ve Teknik E\u011fitim \u00c7al\u0131\u015ftaylar\u0131nda\u201d amac\u0131n, &#8220;TR83 B\u00f6lgesi Gelece\u011fin Meslekleri Kapsam\u0131nda \u0130\u015fg\u00fcc\u00fc ve Mesleki E\u011fitim Sekt\u00f6r Analiz Raporu&#8221; haz\u0131rlamak oldu\u011fu bildirildi.<\/p>\n<p>Sanayi ve Teknoloji Bakanl\u0131\u011f\u0131 Kalk\u0131nma Ajanslar\u0131 Genel M\u00fcd\u00fcrl\u00fc\u011f\u00fc ve kalk\u0131nma ajanslar\u0131n\u0131n isti\u015fareleri sonucunda 2019 y\u0131l\u0131 temas\u0131 olarak &#8220;Mesleki ve Teknik E\u011fitim&#8221; konusu belirlendi. Amasya, \u00c7orum, Samsun ve Tokat illerinden olu\u015fan TR83 B\u00f6lgesi\u2019nde, b\u00f6lgenin geli\u015fimi i\u00e7in faaliyetlerini y\u00fcr\u00fcten Orta Karadeniz Kalk\u0131nma Ajans\u0131n\u0131n bu kapsamdaki \u00e7al\u0131\u015fmalar\u0131ndan biri &#8220;TR83 B\u00f6lgesi Gelece\u011fin Meslekleri Kapsam\u0131nda \u0130\u015fg\u00fcc\u00fc ve Mesleki E\u011fitim Sekt\u00f6r Analiz Raporu&#8221; haz\u0131rlamak olacak.<\/p>\n<p>OKA koordinasyonunda, Samsun \u00dcniversitesi y\u00fcr\u00fct\u00fcc\u00fcl\u00fc\u011f\u00fcnde haz\u0131rlanacak olan &#8220;TR83 B\u00f6lgesi Gelece\u011fin Meslekleri Kapsam\u0131nda \u0130\u015fg\u00fcc\u00fc ve Mesleki E\u011fitim Sekt\u00f6r Analiz Raporu&#8221; \u00e7al\u0131\u015fmas\u0131 d\u00e2hilinde; Amasya Yat\u0131r\u0131m Destek Ofisinde, Tokat Yat\u0131r\u0131m Destek Ofisinde, \u00c7orum Yat\u0131r\u0131m Destek Ofisinde ve Samsun\u2019da Ajans Merkez Hizmet Binas\u0131nda \u00e7al\u0131\u015ftaylar ger\u00e7ekle\u015ftirildi.<\/p>\n<p>\u00c7al\u0131\u015fman\u0131n arka plan\u0131n\u0131 desteklemek \u00fczere \u00f6zel sekt\u00f6r firmalar\u0131na y\u00f6nelik olu\u015fturulan anket kapsam\u0131nda 50\u2019ye yak\u0131n cevap al\u0131n\u0131rken; illerde ger\u00e7ekle\u015ftirilen \u00e7al\u0131\u015ftaylar, iki oturumlu olarak yap\u0131ld\u0131. \u00d6\u011fleden \u00f6nce i\u015fg\u00fcc\u00fc arz\u0131n\u0131 sa\u011flayan kurum ve kurulu\u015flarla, \u00f6\u011fleden sonra ise i\u015fg\u00fcc\u00fc talebini olu\u015fturan \u00f6zel sekt\u00f6r firmalar\u0131yla derinlemesine g\u00f6r\u00fc\u015fmeler ger\u00e7ekle\u015ftirildi.<\/p>\n<p>104 payda\u015f\u0131n katk\u0131 verdi\u011fi \u00e7al\u0131\u015ftaylarda edinilen bilgileri de i\u00e7eren raporun aral\u0131k ay\u0131nda tamamlanmas\u0131 hedefleniyor. \u0130lgili rapor, \u00e7al\u0131\u015ftay kat\u0131l\u0131mc\u0131lar\u0131 ve kamuoyu ile payla\u015f\u0131lacak.<\/p>\n","protected":false},"excerpt":{"rendered":"<p>ORTA KARADEN\u0130Z KALKINMA AJANSINCA (OKA) 4 \u0130LDE \u201cMESLEK\u0130 VE TEKN\u0130K E\u011e\u0130T\u0130M \u00c7ALI\u015eTAYLARI\u201d GER\u00c7EKLE\u015eT\u0130RD\u0130.<\/p>\n","protected":false},"author":1,"featured_media":224395,"comment_status":"closed","ping_status":"open","sticky":false,"template":"","format":"standard","meta":{"jetpack_post_was_ever_published":false,"_jetpack_newsletter_access":"","_jetpack_dont_email_post_to_subs":false,"_jetpack_newsletter_tier_id":0,"_jetpack_memberships_contains_paywalled_content":false,"_jetpack_memberships_contains_paid_content":false,"footnotes":"","jetpack_publicize_message":"","jetpack_publicize_feature_enabled":true,"jetpack_social_post_already_shared":true,"jetpack_social_options":{"image_generator_settings":{"template":"highway","default_image_id":0,"font":"","enabled":false},"version":2}},"categories":[19],"tags":[1422,2337,15561,3296,2605],"class_list":["post-224394","post","type-post","status-publish","format-standard","has-post-thumbnail","hentry","category-ekonomi","tag-calisiyor","tag-gelecegin","tag-meslekleri","tag-oka","tag-uzerinde"],"jetpack_publicize_connections":[],"jetpack_featured_media_url":"https:\/\/i0.wp.com\/www.tvturk.com\/wp-content\/uploads\/2019\/11\/oka-gelecegin-meslekleri-uzerinde-calisiyor_fe07399.jpg?fit=1000%2C750","jetpack_sharing_enabled":true,"jetpack_shortlink":"https:\/\/wp.me\/paKIfm-Wng","_links":{"self":[{"href":"http:\/\/www.tvturk.com\/index.php\/wp-json\/wp\/v2\/posts\/224394","targetHints":{"allow":["GET"]}}],"collection":[{"href":"http:\/\/www.tvturk.com\/index.php\/wp-json\/wp\/v2\/posts"}],"about":[{"href":"http:\/\/www.tvturk.com\/index.php\/wp-json\/wp\/v2\/types\/post"}],"author":[{"embeddable":true,"href":"http:\/\/www.tvturk.com\/index.php\/wp-json\/wp\/v2\/users\/1"}],"replies":[{"embeddable":true,"href":"http:\/\/www.tvturk.com\/index.php\/wp-json\/wp\/v2\/comments?post=224394"}],"version-history":[{"count":0,"href":"http:\/\/www.tvturk.com\/index.php\/wp-json\/wp\/v2\/posts\/224394\/revisions"}],"wp:featuredmedia":[{"embeddable":true,"href":"http:\/\/www.tvturk.com\/index.php\/wp-json\/wp\/v2\/media\/224395"}],"wp:attachment":[{"href":"http:\/\/www.tvturk.com\/index.php\/wp-json\/wp\/v2\/media?parent=224394"}],"wp:term":[{"taxonomy":"category","embeddable":true,"href":"http:\/\/www.tvturk.com\/index.php\/wp-json\/wp\/v2\/categories?post=224394"},{"taxonomy":"post_tag","embeddable":true,"href":"http:\/\/www.tvturk.com\/index.php\/wp-json\/wp\/v2\/tags?post=224394"}],"curies":[{"name":"wp","href":"https:\/\/api.w.org\/{rel}","templated":true}]}}