{"id":224432,"date":"2019-11-06T11:17:35","date_gmt":"2019-11-06T08:17:35","guid":{"rendered":"http:\/\/www.tvturk.com\/index.php\/zeytinyagina-pamuk-ve-cicek-yaglari-karistiranlara-af-yok\/"},"modified":"2019-11-06T11:17:35","modified_gmt":"2019-11-06T08:17:35","slug":"zeytinyagina-pamuk-ve-cicek-yaglari-karistiranlara-af-yok","status":"publish","type":"post","link":"http:\/\/www.tvturk.com\/index.php\/zeytinyagina-pamuk-ve-cicek-yaglari-karistiranlara-af-yok\/","title":{"rendered":"Zeytinya\u011f\u0131na pamuk ve \u00e7i\u00e7ek ya\u011flar\u0131 kar\u0131\u015ft\u0131ranlara af yok"},"content":{"rendered":"<p>Zeytin hasad\u0131 d\u00f6neminde sat\u0131\u015flar\u0131 artan sahte zeytinya\u011f\u0131 i\u00e7in Torbal\u0131 Belediyesi Zab\u0131ta M\u00fcd\u00fcrl\u00fc\u011f\u00fc ekipleri denetimlere ba\u015flad\u0131. Kanola, pamuk, \u00e7i\u00e7ek ya\u011flar\u0131n\u0131n kar\u0131\u015ft\u0131r\u0131ld\u0131\u011f\u0131 sahte zeytinya\u011flar\u0131na m\u00fcdahale eden ekipler, pazarlarda g\u00f6z a\u00e7t\u0131rm\u0131yor.<\/p>\n<p>Her zeytin hasad\u0131 d\u00f6neminde sahte zeytinya\u011f\u0131 sat\u0131\u015flar\u0131 art\u0131\u015f g\u00f6steriyor. Torbal\u0131 Belediyesi Zab\u0131ta M\u00fcd\u00fcrl\u00fc\u011f\u00fc ekipleri de, il\u00e7ede kurulan semt pazarlar\u0131nda denetime \u00e7\u0131kt\u0131. Her y\u0131l oldu\u011fu gibi bu y\u0131l da sahte zeytinya\u011f\u0131 av\u0131na \u00e7\u0131kan ekipler, vatanda\u015flar\u0131 uyard\u0131. Kanola, pamuk, \u00e7i\u00e7ek ya\u011flar\u0131n\u0131n kar\u0131\u015ft\u0131r\u0131ld\u0131\u011f\u0131 sahte zeytinya\u011flar\u0131na m\u00fcdahale eden Torbal\u0131 zab\u0131ta ekipleri, vatanda\u015f\u0131n konu hakk\u0131nda bilin\u00e7lenmesi ad\u0131na da \u00f6zellikle semt pazarlar\u0131na yak\u0131n yerlere afi\u015f \u00e7al\u0131\u015fmas\u0131 yapt\u0131.<\/p>\n<p>Okul kantinleri ve okul yak\u0131nlar\u0131ndaki market ve yemek salonlar\u0131n\u0131 da denetleyen ekipler, halk sa\u011fl\u0131\u011f\u0131 a\u00e7\u0131s\u0131ndan tehdit unsuru olu\u015fturan i\u015fletmelere cezai i\u015flem uygulad\u0131.<\/p>\n<p>\u0130nsan sa\u011fl\u0131\u011f\u0131n\u0131 tehdit eden unsurlar i\u00e7in 7\/24 tetikte olduklar\u0131n\u0131 ifade eden Torbal\u0131 Belediyesi Zab\u0131ta M\u00fcd\u00fcr\u00fc Salih Sar\u0131do\u011fan, bu konuda vatanda\u015fa da b\u00fcy\u00fck i\u015f d\u00fc\u015ft\u00fc\u011f\u00fcn\u00fc s\u00f6yledi.<\/p>\n<p>Salih Sar\u0131do\u011fan, &#8220;Zab\u0131ta ekiplerimiz il\u00e7e genelinde denetimlerini s\u00fcrd\u00fcr\u00fcyor. \u0130nsan sa\u011fl\u0131\u011f\u0131n\u0131 tehdit edecek her unsurun kar\u015f\u0131s\u0131nday\u0131z. Bu kapsamda sahte zeytinya\u011f\u0131 ba\u015fta olmak \u00fczere sahte, imitasyon \u00fcr\u00fcnler i\u00e7in gerekli incelemeler s\u00fcr\u00fcyor. Ekiplerimiz il\u00e7e genelindeki semt pazarlar\u0131ndan bir an olsun ayr\u0131lm\u0131yor. Vatanda\u015flar\u0131m\u0131zdan duyarl\u0131 olmalar\u0131n\u0131 ve \u015f\u00fcpheli bir durum kar\u015f\u0131s\u0131nda hi\u00e7 \u00e7ekinmeden 153\u2019\u00fc aramalar\u0131n\u0131 rica ediyoruz&#8221; dedi.<\/p>\n","protected":false},"excerpt":{"rendered":"<p>ZEYT\u0130N HASADI D\u00d6NEM\u0130NDE SATI\u015eLARI ARTAN SAHTE ZEYT\u0130NYA\u011eI \u0130\u00c7\u0130N TORBALI BELED\u0130YES\u0130 ZABITA M\u00dcD\u00dcRL\u00dc\u011e\u00dc EK\u0130PLER\u0130 DENET\u0130MLERE BA\u015eLADI. KANOLA, PAMUK, \u00c7\u0130\u00c7EK YA\u011eLARININ KARI\u015eTIRILDI\u011eI SAHTE ZEYT\u0130NYA\u011eLARINA M\u00dcDAHALE EDEN EK\u0130PLER, PAZARLARDA G\u00d6Z A\u00c7TIRMIYOR.<\/p>\n","protected":false},"author":1,"featured_media":224433,"comment_status":"closed","ping_status":"open","sticky":false,"template":"","format":"standard","meta":{"jetpack_post_was_ever_published":false,"_jetpack_newsletter_access":"","_jetpack_dont_email_post_to_subs":false,"_jetpack_newsletter_tier_id":0,"_jetpack_memberships_contains_paywalled_content":false,"_jetpack_memberships_contains_paid_content":false,"footnotes":"","jetpack_publicize_message":"","jetpack_publicize_feature_enabled":true,"jetpack_social_post_already_shared":true,"jetpack_social_options":{"image_generator_settings":{"template":"highway","default_image_id":0,"font":"","enabled":false},"version":2}},"categories":[1],"tags":[1654,56713,36540,11336,664,56712],"class_list":["post-224432","post","type-post","status-publish","format-standard","has-post-thumbnail","hentry","category-genel","tag-cicek","tag-karistiranlara","tag-pamuk","tag-yaglari","tag-yok","tag-zeytinyagina"],"jetpack_publicize_connections":[],"jetpack_featured_media_url":"https:\/\/i0.wp.com\/www.tvturk.com\/wp-content\/uploads\/2019\/11\/zeytinyagina-pamuk-ve-cicek-yaglari-karistiranlara-af-yok_d4aa004.jpg?fit=1000%2C562","jetpack_sharing_enabled":true,"jetpack_shortlink":"https:\/\/wp.me\/paKIfm-WnS","_links":{"self":[{"href":"http:\/\/www.tvturk.com\/index.php\/wp-json\/wp\/v2\/posts\/224432","targetHints":{"allow":["GET"]}}],"collection":[{"href":"http:\/\/www.tvturk.com\/index.php\/wp-json\/wp\/v2\/posts"}],"about":[{"href":"http:\/\/www.tvturk.com\/index.php\/wp-json\/wp\/v2\/types\/post"}],"author":[{"embeddable":true,"href":"http:\/\/www.tvturk.com\/index.php\/wp-json\/wp\/v2\/users\/1"}],"replies":[{"embeddable":true,"href":"http:\/\/www.tvturk.com\/index.php\/wp-json\/wp\/v2\/comments?post=224432"}],"version-history":[{"count":0,"href":"http:\/\/www.tvturk.com\/index.php\/wp-json\/wp\/v2\/posts\/224432\/revisions"}],"wp:featuredmedia":[{"embeddable":true,"href":"http:\/\/www.tvturk.com\/index.php\/wp-json\/wp\/v2\/media\/224433"}],"wp:attachment":[{"href":"http:\/\/www.tvturk.com\/index.php\/wp-json\/wp\/v2\/media?parent=224432"}],"wp:term":[{"taxonomy":"category","embeddable":true,"href":"http:\/\/www.tvturk.com\/index.php\/wp-json\/wp\/v2\/categories?post=224432"},{"taxonomy":"post_tag","embeddable":true,"href":"http:\/\/www.tvturk.com\/index.php\/wp-json\/wp\/v2\/tags?post=224432"}],"curies":[{"name":"wp","href":"https:\/\/api.w.org\/{rel}","templated":true}]}}