{"id":224440,"date":"2019-11-06T11:32:20","date_gmt":"2019-11-06T08:32:20","guid":{"rendered":"http:\/\/www.tvturk.com\/index.php\/avcinin-yarali-buldugu-orman-cullugu-tedavi-altina-alindi\/"},"modified":"2019-11-06T11:32:20","modified_gmt":"2019-11-06T08:32:20","slug":"avcinin-yarali-buldugu-orman-cullugu-tedavi-altina-alindi","status":"publish","type":"post","link":"http:\/\/www.tvturk.com\/index.php\/avcinin-yarali-buldugu-orman-cullugu-tedavi-altina-alindi\/","title":{"rendered":"Avc\u0131n\u0131n yaral\u0131 buldu\u011fu orman \u00e7ullu\u011fu tedavi alt\u0131na al\u0131nd\u0131"},"content":{"rendered":"<p>Mu\u015f\u2019ta lisansl\u0131 avc\u0131 taraf\u0131ndan do\u011fada yaral\u0131 olarak bulunan orman \u00e7ullu\u011fu, tedavisi yap\u0131larak koruma alt\u0131na al\u0131nd\u0131.<\/p>\n<p>Mu\u015f Sanayi Sitesinde mobilya ustas\u0131 olarak \u00e7al\u0131\u015fan ve ayn\u0131 zamanda lisansl\u0131 avc\u0131 olan \u015eahin Karag\u00fcl, i\u015fe gitti\u011fi s\u0131rada yaral\u0131 halde buldu\u011fu orman \u00e7ullu\u011funu i\u015f yerine g\u00f6t\u00fcrd\u00fc. Y\u0131rt\u0131c\u0131 ku\u015flar taraf\u0131ndan yaraland\u0131\u011f\u0131 tahmin edilen orman \u00e7ullu\u011funu i\u015f yerinde besleyen Karag\u00fcl, durumu Telli Turna Do\u011fa Derne\u011fine bildirdi. Sanayi sitesine gelen Dernek Ba\u015fkan\u0131 Kas\u0131m Avc\u0131, yaral\u0131 olan orman \u00e7ullu\u011funu teslim alarak, bak\u0131m\u0131 yap\u0131lmak \u00fczere Mu\u015f Belediyesi Sokak Hayvanlar\u0131, Rehabilitasyon ve Ge\u00e7ici Bak\u0131m Evine g\u00f6t\u00fcrd\u00fc. Buradaki klinikte veteriner sa\u011fl\u0131k teknikeri taraf\u0131ndan muayenesi yap\u0131lan orman \u00e7ullu\u011funun boynunun alt k\u0131sm\u0131nda bir santim civar\u0131nda y\u0131rt\u0131k oldu\u011fu tespit edildi. Tedavisi yap\u0131lan orman \u00e7ullu\u011funun bir m\u00fcddet g\u00f6zetimde tutulmas\u0131n\u0131n ard\u0131ndan uygun bir \u015fekilde do\u011faya sal\u0131naca\u011f\u0131 ifade edildi.<\/p>\n<p>Ku\u015fa yap\u0131lan tedaviyle ilgili bilgi veren Mu\u015f Belediyesi Sokak Hayvanlar\u0131, Rehabilitasyon ve Ge\u00e7ici Bak\u0131m Evi Veteriner Sa\u011fl\u0131k Teknikeri Abdullah Alme, Telli Turna Do\u011fa Derne\u011fi Ba\u015fkan\u0131 Kas\u0131m Avc\u0131\u2019n\u0131n orman \u00e7ullu\u011funu klini\u011fe ula\u015ft\u0131rd\u0131\u011f\u0131n\u0131 s\u00f6yledi. Ku\u015fun gagas\u0131n\u0131n alt k\u0131sm\u0131nda y\u0131rt\u0131c\u0131 ku\u015flar\u0131n pen\u00e7e izi oldu\u011funu kaydeden Veteriner Alme, \u201cKu\u015fun gagas\u0131n\u0131n alt k\u0131sm\u0131nda hafif bir yara a\u011fz\u0131 vard\u0131, ona m\u00fcdahale ederek 2 diki\u015fle kapatt\u0131k. Ku\u015f, 1-2 g\u00fcn bizde kalacak. Gerekli tedavisi yap\u0131ld\u0131ktan sonra bulundu\u011fu ortama geri b\u0131rakaca\u011f\u0131z\u201d dedi.<\/p>\n<p>\u201cKu\u015fun tedavisi yap\u0131lmasayd\u0131 \u00f6l\u00fcrd\u00fc\u201d<\/p>\n<p>Ku\u015fun klini\u011fe zaman\u0131nda getirildi\u011fini, aksi durumda ku\u015fun telef olabilece\u011fini ifade eden Alme, \u201cKu\u015fun tedavisi yap\u0131lmasayd\u0131 \u00f6l\u00fcrd\u00fc. Bize erken getirildi ve tedavisini yapt\u0131k\u201d ifadelerini kulland\u0131.<\/p>\n<p>Orman \u00e7ullu\u011funun yaral\u0131 halde bulunarak kendilerine haber verildi\u011fini ifade eden Telli Turna Do\u011fa Derne\u011fi Ba\u015fkan\u0131 Kas\u0131m Avc\u0131 ise Mu\u015f Sanayi Sitesinde esnafl\u0131k yapan bir vatanda\u015f taraf\u0131ndan do\u011fada bitkin halde bulunan orman \u00e7ullu\u011funu arac\u0131l\u0131k yap\u0131p, Mu\u015f Hayvan Bar\u0131na\u011f\u0131na ilk tedavisini yapmak i\u00e7in getirdiklerini s\u00f6yledi.<\/p>\n<p>\u201c\u0130yile\u015ftikten sonra do\u011faya salacaklar\u201d<\/p>\n<p>Ku\u015fun boyun k\u0131sm\u0131n\u0131n alt\u0131nda bir santimetrelik y\u0131rt\u0131k oldu\u011funu anlatan Kas\u0131m Avc\u0131, \u201cB\u00fcy\u00fck ihtimalle bir y\u0131rt\u0131c\u0131 ku\u015fun sald\u0131r\u0131s\u0131ndan etkilenmi\u015f olmal\u0131. \u015eimdilik ku\u015fun g\u00fcc\u00fc yerinde, ilk tedavisi de yap\u0131ld\u0131. Birka\u00e7 g\u00fcn i\u00e7erisinde yaras\u0131 da iyile\u015ftikten sonra do\u011faya salacaklar. Genel durumu iyi. \u0130lgilenen arkada\u015flara ve sanayi esnaf\u0131na da do\u011faya verdikleri ilgiden dolay\u0131 \u00e7ok te\u015fekk\u00fcr ediyoruz\u201d diye konu\u015ftu.<\/p>\n","protected":false},"excerpt":{"rendered":"<p>MU\u015e\u2019TA SANAY\u0130 ESNAFI TARAFINDAN DO\u011eADA YARALI OLARAK BULUNAN ORMAN \u00c7ULLU\u011eU, TEDAV\u0130S\u0130 YAPILARAK KORUMA ALTINA ALINDI.<\/p>\n","protected":false},"author":1,"featured_media":224441,"comment_status":"closed","ping_status":"open","sticky":false,"template":"","format":"standard","meta":{"jetpack_post_was_ever_published":false,"_jetpack_newsletter_access":"","_jetpack_dont_email_post_to_subs":false,"_jetpack_newsletter_tier_id":0,"_jetpack_memberships_contains_paywalled_content":false,"_jetpack_memberships_contains_paid_content":false,"footnotes":"","jetpack_publicize_message":"","jetpack_publicize_feature_enabled":true,"jetpack_social_post_already_shared":true,"jetpack_social_options":{"image_generator_settings":{"template":"highway","default_image_id":0,"font":"","enabled":false},"version":2}},"categories":[1],"tags":[1014,1186,17811,13747,56716,2404,144,774],"class_list":["post-224440","post","type-post","status-publish","format-standard","has-post-thumbnail","hentry","category-genel","tag-alindi","tag-altina","tag-avcinin","tag-buldugu","tag-cullugu","tag-orman","tag-tedavi","tag-yarali"],"jetpack_publicize_connections":[],"jetpack_featured_media_url":"https:\/\/i0.wp.com\/www.tvturk.com\/wp-content\/uploads\/2019\/11\/avcinin-yarali-buldugu-orman-cullugu-tedavi-altina-alindi_0e7bafa.jpg?fit=1000%2C562","jetpack_sharing_enabled":true,"jetpack_shortlink":"https:\/\/wp.me\/paKIfm-Wo0","_links":{"self":[{"href":"http:\/\/www.tvturk.com\/index.php\/wp-json\/wp\/v2\/posts\/224440","targetHints":{"allow":["GET"]}}],"collection":[{"href":"http:\/\/www.tvturk.com\/index.php\/wp-json\/wp\/v2\/posts"}],"about":[{"href":"http:\/\/www.tvturk.com\/index.php\/wp-json\/wp\/v2\/types\/post"}],"author":[{"embeddable":true,"href":"http:\/\/www.tvturk.com\/index.php\/wp-json\/wp\/v2\/users\/1"}],"replies":[{"embeddable":true,"href":"http:\/\/www.tvturk.com\/index.php\/wp-json\/wp\/v2\/comments?post=224440"}],"version-history":[{"count":0,"href":"http:\/\/www.tvturk.com\/index.php\/wp-json\/wp\/v2\/posts\/224440\/revisions"}],"wp:featuredmedia":[{"embeddable":true,"href":"http:\/\/www.tvturk.com\/index.php\/wp-json\/wp\/v2\/media\/224441"}],"wp:attachment":[{"href":"http:\/\/www.tvturk.com\/index.php\/wp-json\/wp\/v2\/media?parent=224440"}],"wp:term":[{"taxonomy":"category","embeddable":true,"href":"http:\/\/www.tvturk.com\/index.php\/wp-json\/wp\/v2\/categories?post=224440"},{"taxonomy":"post_tag","embeddable":true,"href":"http:\/\/www.tvturk.com\/index.php\/wp-json\/wp\/v2\/tags?post=224440"}],"curies":[{"name":"wp","href":"https:\/\/api.w.org\/{rel}","templated":true}]}}