{"id":224442,"date":"2019-11-06T11:32:45","date_gmt":"2019-11-06T08:32:45","guid":{"rendered":"http:\/\/www.tvturk.com\/index.php\/hocalinin-nene-hatunu-turk-hekimlerini-tercih-etti\/"},"modified":"2019-11-06T11:32:45","modified_gmt":"2019-11-06T08:32:45","slug":"hocalinin-nene-hatunu-turk-hekimlerini-tercih-etti","status":"publish","type":"post","link":"http:\/\/www.tvturk.com\/index.php\/hocalinin-nene-hatunu-turk-hekimlerini-tercih-etti\/","title":{"rendered":"Hocal\u0131\u2019n\u0131n &#8220;Nene Hatunu&#8221; T\u00fcrk hekimlerini tercih etti"},"content":{"rendered":"<p>Hocal\u0131\u2019daki katliam haberini al\u0131r almaz 500 askeriyle Bak\u00fc\u2019den ge\u00e7erek Azeri topraklar\u0131n\u0131 savunan ve kahramanl\u0131\u011f\u0131 nedeniyle \u2019Nene Hatun\u2019a benzetilen, g\u00f6z\u00fcne ald\u0131\u011f\u0131 \u015farapnel yaras\u0131 ile &#8220;Gazi&#8221; unvan\u0131 alan eski Albay ve T\u00fcrk Birli\u011fi Partisi D\u0131\u015f \u00dclkelerden Sorumlu Genel Ba\u015fkan Yard\u0131mc\u0131s\u0131 Tahire Mesimzade \u0130zmir\u2019de sa\u011fl\u0131\u011f\u0131na kavu\u015ftu.<\/p>\n<p>Eski Albay ve T\u00fcrk Birli\u011fi Partisi D\u0131\u015f \u00dclkelerden Sorumlu Genel Ba\u015fkan Yard\u0131mc\u0131s\u0131 Tahire Mesimzade, g\u00f6rme yetisinin giderek azald\u0131\u011f\u0131n\u0131 fark etti. Hocal\u0131 katliam\u0131nda vatan\u0131 savunurken g\u00f6z\u00fcne ald\u0131\u011f\u0131 yaradan dolay\u0131 endi\u015fe eden Mesimzade, ara\u015ft\u0131rma yaparak T\u00fcrkiye\u2019ye geldi.<\/p>\n<p>\u0130zmir\u2019e gelen Mesimzade, Atag\u00f6z G\u00f6z Hastal\u0131klar\u0131 Dal Merkezine giderek Op. Dr. Onur Ayd\u0131n\u2019a muayene oldu. G\u00f6zlerinde uzak, yak\u0131n g\u00f6rme bozuklu\u011funun yan\u0131 s\u0131ra katarakt oldu\u011fu tespit edilen eski albay, ba\u015far\u0131l\u0131 bir operasyon ge\u00e7irerek sa\u011fl\u0131\u011f\u0131na kavu\u015ftu.<\/p>\n<p>Bir\u00e7ok ki\u015finin sa\u011fl\u0131k konusunda yurt d\u0131\u015f\u0131n\u0131 tercih etti\u011fine de\u011finen T\u00fcrk Birli\u011fi Partisi D\u0131\u015f \u00dclkelerden Sorumlu Genel Ba\u015fkan Yard\u0131mc\u0131s\u0131 Tahire Mesimzade, &#8220;G\u00f6zlerimin g\u00f6rmedi\u011fini, g\u00f6r\u00fc\u015f\u00fcm\u00fcn iyice azald\u0131\u011f\u0131n\u0131 fark etti\u011fimde \u00e7ok korktum. Hocal\u0131\u2019da g\u00f6z\u00fcme ald\u0131\u011f\u0131m \u015farapnel yaras\u0131ndan dolay\u0131 sa\u011f g\u00f6z\u00fcm\u00fcn ba\u015flang\u0131c\u0131nda bir \u00e7ukur var; o \u00e7ukura toz, toprak birikiyordu. Bir\u00e7ok ki\u015fi yurt d\u0131\u015f\u0131nda \u00e7ok iyi doktorlar oldu\u011funu s\u00f6yleyerek, tavsiyelerde bulundu. Ben ise Gazi Mustafa Kemal Atat\u00fcrk\u2019\u00fcn &#8220;Beni T\u00fcrk hekimlerine emanet ediniz&#8221; s\u00f6z\u00fcn\u00fc kendime d\u00fcstur edinerek, bir ara\u015ft\u0131rma yapt\u0131m. Dr. Onur Ayd\u0131n\u2019\u0131 buldum. Muayene etti ve ameliyat tarihini belirledik. G\u00f6z\u00fcmdeki \u00e7ukura dolan kiri temizledi, g\u00f6z numaralar\u0131m s\u0131f\u0131rland\u0131, katarakttan kurtuldum, \u00e7ok mutluyum. Herkesin T\u00fcrk hekimlerini tercih etmesini istiyorum&#8221; dedi.<\/p>\n<p>Operasyonu ger\u00e7ekle\u015ftiren G\u00f6z Hastal\u0131klar\u0131 Uzman\u0131 Op. Dr. Onur Ayd\u0131n da &#8220;Tahire ba\u015fkan bize geldi, muayenesini yapt\u0131k. G\u00f6rmesine engel olan durum kataraktt\u0131, bunun yan\u0131 s\u0131ra yak\u0131n ve uzak g\u00f6rme bozuklu\u011fu da vard\u0131. Tek operasyon ile hem yak\u0131n-uzak g\u00f6rme bozuklu\u011funu hem de katarakt\u0131 ortadan kald\u0131rd\u0131k. Ba\u015far\u0131l\u0131 bir operasyon ile hastam\u0131z\u0131n g\u00f6zleri s\u0131f\u0131rland\u0131&#8221; \u015feklinde konu\u015ftu.<\/p>\n","protected":false},"excerpt":{"rendered":"<p>ESK\u0130 ALBAY VE T\u00dcRK B\u0130RL\u0130\u011e\u0130 PART\u0130S\u0130 DI\u015e \u00dcLKELERDEN SORUMLU GENEL BA\u015eKAN YARDIMCISI TAH\u0130RE MES\u0130MZADE \u0130ZM\u0130R\u2019DE SA\u011eLI\u011eINA KAVU\u015eTU.<\/p>\n","protected":false},"author":1,"featured_media":224443,"comment_status":"closed","ping_status":"open","sticky":false,"template":"","format":"standard","meta":{"jetpack_post_was_ever_published":false,"_jetpack_newsletter_access":"","_jetpack_dont_email_post_to_subs":false,"_jetpack_newsletter_tier_id":0,"_jetpack_memberships_contains_paywalled_content":false,"_jetpack_memberships_contains_paid_content":false,"footnotes":"","jetpack_publicize_message":"","jetpack_publicize_feature_enabled":true,"jetpack_social_post_already_shared":true,"jetpack_social_options":{"image_generator_settings":{"template":"highway","default_image_id":0,"font":"","enabled":false},"version":2}},"categories":[1],"tags":[207,56718,56719,56717,39225,4504,957],"class_list":["post-224442","post","type-post","status-publish","format-standard","has-post-thumbnail","hentry","category-genel","tag-etti","tag-hatunu","tag-hekimlerini","tag-hocalinin","tag-nene","tag-tercih","tag-turk"],"jetpack_publicize_connections":[],"jetpack_featured_media_url":"https:\/\/i0.wp.com\/www.tvturk.com\/wp-content\/uploads\/2019\/11\/hocalinin-nene-hatunu-turk-hekimlerini-tercih-etti_6fdf764.jpg?fit=1000%2C750","jetpack_sharing_enabled":true,"jetpack_shortlink":"https:\/\/wp.me\/paKIfm-Wo2","_links":{"self":[{"href":"http:\/\/www.tvturk.com\/index.php\/wp-json\/wp\/v2\/posts\/224442","targetHints":{"allow":["GET"]}}],"collection":[{"href":"http:\/\/www.tvturk.com\/index.php\/wp-json\/wp\/v2\/posts"}],"about":[{"href":"http:\/\/www.tvturk.com\/index.php\/wp-json\/wp\/v2\/types\/post"}],"author":[{"embeddable":true,"href":"http:\/\/www.tvturk.com\/index.php\/wp-json\/wp\/v2\/users\/1"}],"replies":[{"embeddable":true,"href":"http:\/\/www.tvturk.com\/index.php\/wp-json\/wp\/v2\/comments?post=224442"}],"version-history":[{"count":0,"href":"http:\/\/www.tvturk.com\/index.php\/wp-json\/wp\/v2\/posts\/224442\/revisions"}],"wp:featuredmedia":[{"embeddable":true,"href":"http:\/\/www.tvturk.com\/index.php\/wp-json\/wp\/v2\/media\/224443"}],"wp:attachment":[{"href":"http:\/\/www.tvturk.com\/index.php\/wp-json\/wp\/v2\/media?parent=224442"}],"wp:term":[{"taxonomy":"category","embeddable":true,"href":"http:\/\/www.tvturk.com\/index.php\/wp-json\/wp\/v2\/categories?post=224442"},{"taxonomy":"post_tag","embeddable":true,"href":"http:\/\/www.tvturk.com\/index.php\/wp-json\/wp\/v2\/tags?post=224442"}],"curies":[{"name":"wp","href":"https:\/\/api.w.org\/{rel}","templated":true}]}}