{"id":224518,"date":"2019-11-06T13:03:59","date_gmt":"2019-11-06T10:03:59","guid":{"rendered":"http:\/\/www.tvturk.com\/index.php\/kayserisporun-ismi-degisiyor\/"},"modified":"2019-11-06T13:03:59","modified_gmt":"2019-11-06T10:03:59","slug":"kayserisporun-ismi-degisiyor","status":"publish","type":"post","link":"http:\/\/www.tvturk.com\/index.php\/kayserisporun-ismi-degisiyor\/","title":{"rendered":"Kayserispor\u2019un ismi de\u011fi\u015fiyor"},"content":{"rendered":"<p>S\u00fcper Lig ekiplerinden \u0130stikbal Mobilya Kayserispor\u2019un ismi ligin ikinci yar\u0131s\u0131ndan itibaren Hes Kablo Kayserispor olacak.<\/p>\n<p>S\u00fcper Lig\u2019de son s\u0131rada bulunan Kayserispor\u2019da isim de\u011fi\u015fikli\u011fi yap\u0131lacak. Erciyes Anadolu Holding CEO\u2019su Alpaslan Baki Ertekin, sar\u0131-k\u0131rm\u0131z\u0131l\u0131 tak\u0131ma hangi \u015firketlerinin ismini vereceklerini a\u00e7\u0131klad\u0131. \u0130HA muhabirine konu\u015fan Alpaslan Baki Ertekin sar\u0131-k\u0131rm\u0131z\u0131l\u0131 tak\u0131m\u0131n yeni isminin ligin ikinci yar\u0131s\u0131ndan itibaren Hes Kablo Kayserispor olarak an\u0131laca\u011f\u0131n\u0131 belirtti. Ertekin, &#8220;Bug\u00fcn Kayserispor kul\u00fcb\u00fcne yeni isim ile ilgili resmi yaz\u0131y\u0131 g\u00f6nderiyoruz. Kayserispor kul\u00fcb\u00fc isim de\u011fi\u015fikli\u011fi konusunda gerekeni yapacakt\u0131r&#8221; dedi.<\/p>\n","protected":false},"excerpt":{"rendered":"<p>\u0130ST\u0130KBAL MOB\u0130LYA KAYSER\u0130SPOR\u2019UN \u0130SM\u0130 DE\u011e\u0130\u015e\u0130YOR.<\/p>\n","protected":false},"author":1,"featured_media":224519,"comment_status":"closed","ping_status":"open","sticky":false,"template":"","format":"standard","meta":{"jetpack_post_was_ever_published":false,"_jetpack_newsletter_access":"","_jetpack_dont_email_post_to_subs":false,"_jetpack_newsletter_tier_id":0,"_jetpack_memberships_contains_paywalled_content":false,"_jetpack_memberships_contains_paid_content":false,"footnotes":"","jetpack_publicize_message":"","jetpack_publicize_feature_enabled":true,"jetpack_social_post_already_shared":true,"jetpack_social_options":{"image_generator_settings":{"template":"highway","default_image_id":0,"font":"","enabled":false},"version":2}},"categories":[657],"tags":[1883,633,7834],"class_list":["post-224518","post","type-post","status-publish","format-standard","has-post-thumbnail","hentry","category-spor","tag-degisiyor","tag-ismi","tag-kayserisporun"],"jetpack_publicize_connections":[],"jetpack_featured_media_url":"https:\/\/i0.wp.com\/www.tvturk.com\/wp-content\/uploads\/2019\/11\/kayserisporun-ismi-degisiyor_100a295.jpg?fit=1000%2C666","jetpack_sharing_enabled":true,"jetpack_shortlink":"https:\/\/wp.me\/paKIfm-Wpg","_links":{"self":[{"href":"http:\/\/www.tvturk.com\/index.php\/wp-json\/wp\/v2\/posts\/224518","targetHints":{"allow":["GET"]}}],"collection":[{"href":"http:\/\/www.tvturk.com\/index.php\/wp-json\/wp\/v2\/posts"}],"about":[{"href":"http:\/\/www.tvturk.com\/index.php\/wp-json\/wp\/v2\/types\/post"}],"author":[{"embeddable":true,"href":"http:\/\/www.tvturk.com\/index.php\/wp-json\/wp\/v2\/users\/1"}],"replies":[{"embeddable":true,"href":"http:\/\/www.tvturk.com\/index.php\/wp-json\/wp\/v2\/comments?post=224518"}],"version-history":[{"count":0,"href":"http:\/\/www.tvturk.com\/index.php\/wp-json\/wp\/v2\/posts\/224518\/revisions"}],"wp:featuredmedia":[{"embeddable":true,"href":"http:\/\/www.tvturk.com\/index.php\/wp-json\/wp\/v2\/media\/224519"}],"wp:attachment":[{"href":"http:\/\/www.tvturk.com\/index.php\/wp-json\/wp\/v2\/media?parent=224518"}],"wp:term":[{"taxonomy":"category","embeddable":true,"href":"http:\/\/www.tvturk.com\/index.php\/wp-json\/wp\/v2\/categories?post=224518"},{"taxonomy":"post_tag","embeddable":true,"href":"http:\/\/www.tvturk.com\/index.php\/wp-json\/wp\/v2\/tags?post=224518"}],"curies":[{"name":"wp","href":"https:\/\/api.w.org\/{rel}","templated":true}]}}