{"id":224558,"date":"2019-11-06T14:02:40","date_gmt":"2019-11-06T11:02:40","guid":{"rendered":"http:\/\/www.tvturk.com\/index.php\/ankara-garinda-ailemde-iyilik-var-fotograf-sergisi-acildi\/"},"modified":"2019-11-06T14:02:40","modified_gmt":"2019-11-06T11:02:40","slug":"ankara-garinda-ailemde-iyilik-var-fotograf-sergisi-acildi","status":"publish","type":"post","link":"http:\/\/www.tvturk.com\/index.php\/ankara-garinda-ailemde-iyilik-var-fotograf-sergisi-acildi\/","title":{"rendered":"Ankara Gar\u0131\u2019nda &#8220;Ailemde \u0130yilik Var&#8221; foto\u011fraf sergisi a\u00e7\u0131ld\u0131"},"content":{"rendered":"<p>Ankara\u2019da Mevlid-i Nebi Haftas\u0131 etkinlikleri kapsam\u0131nda &#8220;Ailemde \u0130yilik Var&#8221; adl\u0131 foto\u011fraf sergisi a\u00e7\u0131ld\u0131. Serginin a\u00e7\u0131l\u0131\u015f\u0131na Diyanet \u0130\u015fleri Ba\u015fkan\u0131 Prof. Dr. Ali Erba\u015f da kat\u0131ld\u0131.<\/p>\n<p>Diyanet \u0130\u015fleri Ba\u015fkan\u0131 Prof. Dr. Ali Erba\u015f, Diyanet \u0130\u015fleri Ba\u015fkanl\u0131\u011f\u0131 taraf\u0131ndan Mevlid-i Nebi Haftas\u0131 kapsam\u0131nda d\u00fczenlenen &#8220;Ailemde \u0130yilik Var&#8221; foto\u011fraf sergisinin a\u00e7\u0131l\u0131\u015f\u0131na kat\u0131ld\u0131. Ankara Y\u00fcksek H\u0131zl\u0131 Tren Gar\u0131\u2019ndaki serginin a\u00e7\u0131l\u0131\u015f\u0131nda konu\u015fan Erba\u015f, &#8220;Bu y\u0131l Mevlid-i Nebi Haftam\u0131z\u0131n temas\u0131 \u2019Peygamberimiz ve Aile.\u2019 Neden b\u00f6yle bir konuyu se\u00e7tik? \u00c7\u00fcnk\u00fc, aile toplumun belkemi\u011fi, aile sa\u011flam olursa toplum sa\u011flam olur, aile \u00e7\u00f6kerse toplum \u00e7\u00f6ker&#8221; diye konu\u015ftu.<\/p>\n<p>Toplumun t\u00fcm fertleri aras\u0131nda bir fark\u0131ndal\u0131k olu\u015fturmak i\u00e7in vesileleri g\u00fcndeme getirdiklerini belirten Erba\u015f, &#8220;Milletimizin b\u00fct\u00fcn fertleri aras\u0131nda bir fark\u0131ndal\u0131k olu\u015fturmak i\u00e7in vesileleri g\u00fcndeme getiriyoruz. Bunlardan birisi de foto\u011fraf sergisi. Buradaki foto\u011fraflar bir yar\u0131\u015fma neticesinde dereceye girmi\u015f, \u00f6d\u00fcle lay\u0131k g\u00f6r\u00fclm\u00fc\u015f foto\u011fraflar. Bir k\u0131sm\u0131 foto\u011fraf makinesi, bir k\u0131sm\u0131 ise cep telefonuyla \u00e7ekilmi\u015f foto\u011fraflar. Ben bu foto\u011fraflar\u0131 \u00e7eken ve \u00f6zellikle \u2019Ailemde \u0130yilik Var\u2019 konusunu toplumumuzun g\u00fcndemine ta\u015f\u0131yan, zihinlerde canl\u0131 kalmas\u0131n\u0131, anne-baba, \u00e7ocuklar, gen\u00e7ler, ebeveyn, dede ve nineyi foto\u011fraflar\u0131nda konu edinen sanat\u00e7\u0131lar\u0131m\u0131za \u015f\u00fckranlar\u0131m\u0131 arz ediyorum&#8221; ifadelerini kulland\u0131.<\/p>\n<p>Erba\u015f, daha sonra a\u00e7\u0131l\u0131\u015f\u0131 yap\u0131lan sergiyi gezdi.<\/p>\n","protected":false},"excerpt":{"rendered":"<p>D\u0130YANET \u0130\u015eLER\u0130 BA\u015eKANI PROF. DR. AL\u0130 ERBA\u015e, MEVL\u0130D-\u0130 NEB\u0130 HAFTASI KAPSAMINDA D\u00dcZENLENEN &#8220;A\u0130LEMDE \u0130Y\u0130L\u0130K VAR&#8221; ADLI FOTO\u011eRAF SERG\u0130S\u0130N\u0130N A\u00c7ILI\u015e T\u00d6REN\u0130NE KATILDI.<\/p>\n","protected":false},"author":1,"featured_media":0,"comment_status":"closed","ping_status":"open","sticky":false,"template":"","format":"standard","meta":{"jetpack_post_was_ever_published":false,"_jetpack_newsletter_access":"","_jetpack_dont_email_post_to_subs":false,"_jetpack_newsletter_tier_id":0,"_jetpack_memberships_contains_paywalled_content":false,"_jetpack_memberships_contains_paid_content":false,"footnotes":"","jetpack_publicize_message":"","jetpack_publicize_feature_enabled":true,"jetpack_social_post_already_shared":true,"jetpack_social_options":{"image_generator_settings":{"template":"highway","default_image_id":0,"font":"","enabled":false},"version":2}},"categories":[1],"tags":[56737,288,1475,5874,23082,8915,1335,181],"class_list":["post-224558","post","type-post","status-publish","format-standard","hentry","category-genel","tag-ailemde","tag-acildi","tag-ankara","tag-fotograf","tag-garinda","tag-iyilik","tag-sergisi","tag-var"],"jetpack_publicize_connections":[],"jetpack_featured_media_url":"","jetpack_sharing_enabled":true,"jetpack_shortlink":"https:\/\/wp.me\/paKIfm-WpU","_links":{"self":[{"href":"http:\/\/www.tvturk.com\/index.php\/wp-json\/wp\/v2\/posts\/224558","targetHints":{"allow":["GET"]}}],"collection":[{"href":"http:\/\/www.tvturk.com\/index.php\/wp-json\/wp\/v2\/posts"}],"about":[{"href":"http:\/\/www.tvturk.com\/index.php\/wp-json\/wp\/v2\/types\/post"}],"author":[{"embeddable":true,"href":"http:\/\/www.tvturk.com\/index.php\/wp-json\/wp\/v2\/users\/1"}],"replies":[{"embeddable":true,"href":"http:\/\/www.tvturk.com\/index.php\/wp-json\/wp\/v2\/comments?post=224558"}],"version-history":[{"count":0,"href":"http:\/\/www.tvturk.com\/index.php\/wp-json\/wp\/v2\/posts\/224558\/revisions"}],"wp:attachment":[{"href":"http:\/\/www.tvturk.com\/index.php\/wp-json\/wp\/v2\/media?parent=224558"}],"wp:term":[{"taxonomy":"category","embeddable":true,"href":"http:\/\/www.tvturk.com\/index.php\/wp-json\/wp\/v2\/categories?post=224558"},{"taxonomy":"post_tag","embeddable":true,"href":"http:\/\/www.tvturk.com\/index.php\/wp-json\/wp\/v2\/tags?post=224558"}],"curies":[{"name":"wp","href":"https:\/\/api.w.org\/{rel}","templated":true}]}}