{"id":224727,"date":"2019-11-06T16:33:47","date_gmt":"2019-11-06T13:33:47","guid":{"rendered":"http:\/\/www.tvturk.com\/index.php\/yusuf-gunay-turkiye-kupasini-19-kez-kazanmak-istiyoruz\/"},"modified":"2019-11-06T16:33:47","modified_gmt":"2019-11-06T13:33:47","slug":"yusuf-gunay-turkiye-kupasini-19-kez-kazanmak-istiyoruz","status":"publish","type":"post","link":"http:\/\/www.tvturk.com\/index.php\/yusuf-gunay-turkiye-kupasini-19-kez-kazanmak-istiyoruz\/","title":{"rendered":"Yusuf G\u00fcnay: &#8220;T\u00fcrkiye Kupas\u0131\u2019n\u0131 19. kez kazanmak istiyoruz&#8221;"},"content":{"rendered":"<p>Galatasaray Ba\u015fkan Yard\u0131mc\u0131s\u0131 Yusuf G\u00fcnay, Ziraat T\u00fcrkiye Kupas\u0131\u2019n\u0131 daha \u00f6nce 18 kez kazand\u0131klar\u0131n\u0131 hat\u0131rlatarak, \u201cBu kulvarda 19. kez mutlu sona ula\u015fmak istiyoruz\u201d dedi. G\u00fcnay, bu ak\u015fam oynanacak olan Real Madrid ma\u00e7\u0131n\u0131n da kendileri i\u00e7in d\u00f6n\u00fcm noktas\u0131 oldu\u011funu s\u00f6yledi.<\/p>\n<p>Ziraat T\u00fcrkiye Kupas\u0131 5. Turu\u2019nda Tuzlaspor ile e\u015fle\u015fen Galatasaray\u2019da Ba\u015fkan Yard\u0131mc\u0131s\u0131 Yusuf G\u00fcnay kuray\u0131 de\u011ferlendirdi. Bu kupada ilk \u015fampiyonun da son \u015fampiyonun da Galatasaray oldu\u011funu s\u00f6yleyen G\u00fcnay, \u201c1962-1963 y\u0131l\u0131nda T\u00fcrkiye Kupas\u0131\u2019n\u0131n ilk d\u00fczenlendi\u011fi y\u0131lda da Galatasaray \u015fampiyon olmu\u015ftu, ge\u00e7en sene de oldu. 18 kez bu kupay\u0131 m\u00fczemize g\u00f6t\u00fcrd\u00fck. Galatasaray kupalar\u0131n tak\u0131m\u0131d\u0131r. Bu sene de ayn\u0131 hedef do\u011frultusunda haz\u0131rland\u0131k ve hedefe ula\u015faca\u011f\u0131m\u0131zdan eminiz. Tuzlaspor\u2019la kar\u015f\u0131la\u015faca\u011f\u0131z. \u0130lk ma\u00e7 evimizde olacak, ikinci ma\u00e7 deplasmanda. T\u00fcrkiye Kupas\u0131\u2019n\u0131n kendine has baz\u0131 g\u00fczellikleri var. S\u00fcrprizler de oluyor, heyecanl\u0131 ma\u00e7lar oluyor. G\u00fczel ve kaliteli ma\u00e7lar olsun ve hak eden kazans\u0131n. Biz 19. kez bu kupay\u0131 kazanmay\u0131 ama\u00e7l\u0131yoruz ve b\u00fct\u00fcn tak\u0131mlara ba\u015far\u0131lar diliyorum\u201d diye konu\u015ftu.<\/p>\n<p>\u201cReal Madrid ma\u00e7\u0131 d\u00f6n\u00fcm noktas\u0131\u201d<\/p>\n<p>\u015eampiyonlar Ligi\u2019nde bu ak\u015fam oynanacak olan Real Madrid ma\u00e7\u0131yla ilgili de konu\u015fan G\u00fcnay, \u201cReal Madrid ma\u00e7\u0131 bizim i\u00e7in d\u00f6n\u00fcm noktas\u0131. Bu sene gruplara deplasmanda iyi bir ba\u015flang\u0131\u00e7 yapt\u0131k ama sonras\u0131nda arzu etti\u011fimiz sonu\u00e7lar\u0131 alamad\u0131k. Bu ak\u015fam iyi futbol oynayarak iyi bir netice elde etmek istiyoruz. Tak\u0131m\u0131m\u0131z da buna g\u00f6re haz\u0131rland\u0131. \u0130n\u015fallah her \u015fey arzu etti\u011fimiz gibi olur\u201d a\u00e7\u0131klamas\u0131n\u0131 yapt\u0131.<\/p>\n","protected":false},"excerpt":{"rendered":"<p>GALATASARAY BA\u015eKAN YARDIMCISI YUSUF G\u00dcNAY, Z\u0130RAAT T\u00dcRK\u0130YE KUPASI 5. TUR E\u015eLE\u015eMES\u0130N\u0130 DE\u011eERLEND\u0130RD\u0130. KUPAYI DAHA \u00d6NCE 18 KEZ KAZANDIKLARINI HATIRLATAN G\u00dcNAY, \u201cBU KULVARDA 19. KEZ MUTLU SONA ULA\u015eMAK \u0130ST\u0130YORUZ\u201d DED\u0130.<\/p>\n","protected":false},"author":1,"featured_media":0,"comment_status":"closed","ping_status":"open","sticky":false,"template":"","format":"standard","meta":{"jetpack_post_was_ever_published":false,"_jetpack_newsletter_access":"","_jetpack_dont_email_post_to_subs":false,"_jetpack_newsletter_tier_id":0,"_jetpack_memberships_contains_paywalled_content":false,"_jetpack_memberships_contains_paid_content":false,"footnotes":"","jetpack_publicize_message":"","jetpack_publicize_feature_enabled":true,"jetpack_social_post_already_shared":true,"jetpack_social_options":{"image_generator_settings":{"template":"highway","default_image_id":0,"font":"","enabled":false},"version":2}},"categories":[657],"tags":[20686,30472,2674,5884,1497,2173,453,5292],"class_list":["post-224727","post","type-post","status-publish","format-standard","hentry","category-spor","tag-20686","tag-gunay","tag-istiyoruz","tag-kazanmak","tag-kez","tag-kupasini","tag-turkiye","tag-yusuf"],"jetpack_publicize_connections":[],"jetpack_featured_media_url":"","jetpack_sharing_enabled":true,"jetpack_shortlink":"https:\/\/wp.me\/paKIfm-WsD","_links":{"self":[{"href":"http:\/\/www.tvturk.com\/index.php\/wp-json\/wp\/v2\/posts\/224727","targetHints":{"allow":["GET"]}}],"collection":[{"href":"http:\/\/www.tvturk.com\/index.php\/wp-json\/wp\/v2\/posts"}],"about":[{"href":"http:\/\/www.tvturk.com\/index.php\/wp-json\/wp\/v2\/types\/post"}],"author":[{"embeddable":true,"href":"http:\/\/www.tvturk.com\/index.php\/wp-json\/wp\/v2\/users\/1"}],"replies":[{"embeddable":true,"href":"http:\/\/www.tvturk.com\/index.php\/wp-json\/wp\/v2\/comments?post=224727"}],"version-history":[{"count":0,"href":"http:\/\/www.tvturk.com\/index.php\/wp-json\/wp\/v2\/posts\/224727\/revisions"}],"wp:attachment":[{"href":"http:\/\/www.tvturk.com\/index.php\/wp-json\/wp\/v2\/media?parent=224727"}],"wp:term":[{"taxonomy":"category","embeddable":true,"href":"http:\/\/www.tvturk.com\/index.php\/wp-json\/wp\/v2\/categories?post=224727"},{"taxonomy":"post_tag","embeddable":true,"href":"http:\/\/www.tvturk.com\/index.php\/wp-json\/wp\/v2\/tags?post=224727"}],"curies":[{"name":"wp","href":"https:\/\/api.w.org\/{rel}","templated":true}]}}