{"id":224805,"date":"2019-11-06T20:46:54","date_gmt":"2019-11-06T17:46:54","guid":{"rendered":"http:\/\/www.tvturk.com\/index.php\/fahrettin-altun-cin-ulusal-radyo-ve-televizyon-dairesi-bakan-yardimcisi-jianmini-kabul-etti\/"},"modified":"2019-11-06T20:46:54","modified_gmt":"2019-11-06T17:46:54","slug":"fahrettin-altun-cin-ulusal-radyo-ve-televizyon-dairesi-bakan-yardimcisi-jianmini-kabul-etti","status":"publish","type":"post","link":"http:\/\/www.tvturk.com\/index.php\/fahrettin-altun-cin-ulusal-radyo-ve-televizyon-dairesi-bakan-yardimcisi-jianmini-kabul-etti\/","title":{"rendered":"Fahrettin Altun, \u00c7in Ulusal Radyo ve Televizyon Dairesi Bakan Yard\u0131mc\u0131s\u0131 Jianmin\u2019i kabul etti"},"content":{"rendered":"<p>\u0130leti\u015fim Ba\u015fkan\u0131 Fahrettin Altun, \u00c7in Ulusal Radyo ve Televizyon Dairesi Bakan Yard\u0131mc\u0131s\u0131 Gao Jianmin ba\u015fkanl\u0131\u011f\u0131ndaki heyeti kabul etti.<\/p>\n<p>\u0130leti\u015fim Ba\u015fkan\u0131 Fahrettin Altun, kabulde yapt\u0131\u011f\u0131 konu\u015fmada, d\u00fcnyada etkisi \u00e7ok fazla hissedilen bir d\u00f6n\u00fc\u015f\u00fcm s\u00fcrecinden ge\u00e7ildi\u011fini belirterek, k\u00fcresel \u00f6l\u00e7ekte bar\u0131\u015f ve istikrar i\u00e7in yap\u0131c\u0131 diyalog ve ortak \u00e7abalar\u0131n \u00e7ok k\u0131ymetli oldu\u011funu ifade etti. T\u00fcrkiye\u2019nin tek tarafl\u0131 bir d\u00fcnya d\u00fczeni yerine uluslararas\u0131 hukukun esas oldu\u011fu \u00e7ok tarafl\u0131l\u0131\u011f\u0131 savundu\u011funu vurgulayan Altun, bu s\u00fcre\u00e7te \u00c7in\u2019i her zaman en \u00f6nemli payda\u015flardan biri olarak de\u011ferlendirdiklerini s\u00f6yledi. Altun, T\u00fcrkiye ve \u00c7in aras\u0131nda siyasi, ekonomik, k\u00fclt\u00fcrel ve g\u00fcvenlik alanlar\u0131nda i\u015f birli\u011finin art\u0131r\u0131lmas\u0131 noktas\u0131nda devlet ba\u015fkanlar\u0131 ba\u015fta olmak \u00fczere \u00e7ok somut bir siyasi iradenin s\u00f6z konusu oldu\u011funu dile getirdi.<\/p>\n<p>\u0130ki dost \u00fclke aras\u0131ndaki g\u00fc\u00e7l\u00fc i\u015f birli\u011finin medya, ileti\u015fim ve kamu diplomasisi alan\u0131na da yans\u0131mas\u0131n\u0131 arzu ettiklerini belirten Altun, bu alanlarda kar\u015f\u0131l\u0131kl\u0131 birikimleri payla\u015fman\u0131n ve somut projeler ortaya koyman\u0131n \u00f6nemli oldu\u011funu kaydetti. Hem \u00c7in hem de T\u00fcrkiye\u2019nin dizi ve film sekt\u00f6r\u00fcn\u00fcn \u00e7ok ciddi bir at\u0131l\u0131m ger\u00e7ekle\u015ftirdi\u011fini anlatan Altun, \u201cBiz bu sekt\u00f6r\u00fcm\u00fczle gurur duyuyoruz. \u00d6zellikle de TRT\u2019nin bu s\u00fcre\u00e7teki katk\u0131lar\u0131n\u0131 \u00e7ok de\u011ferli g\u00f6r\u00fcyoruz. Buradaki \u00fcretimlerimizin \u00c7in\u2019de kendisine yer bulmas\u0131 daha yak\u0131n ili\u015fkiler geli\u015ftirilmesi noktas\u0131nda \u00f6nemli bir kanal olu\u015fturacakt\u0131r. Yine \u00c7inli yat\u0131r\u0131mc\u0131lar\u0131n T\u00fcrk film ve dizi sekt\u00f6r\u00fcne yat\u0131r\u0131mlar\u0131ndan da memnuniyet duyaca\u011f\u0131z\u201d diye konu\u015ftu.<\/p>\n<p>Fahrettin Altun, konu\u015fmas\u0131na \u015f\u00f6yle devam etti:<\/p>\n<p>\u201cDi\u011fer yandan \u00f6zellikle uluslararas\u0131 alanda \u00c7in\u2019e ve T\u00fcrkiye\u2019ye kar\u015f\u0131 y\u00fcr\u00fct\u00fclen kara propagandalar\u0131n da yine ortak bir meselemiz oldu\u011funu d\u00fc\u015f\u00fcn\u00fcyoruz. Bunlara kar\u015f\u0131 at\u0131lacak ad\u0131mlar noktas\u0131nda da i\u015f birliklerimiz \u00f6nemli olacakt\u0131r. \u00d6zellikle y\u00fcr\u00fctece\u011fimiz ortak kamu diplomasisi faaliyetleri ve medya projeleriyle bu yersiz ve olumsuz propagandalarla m\u00fccadele edebiliriz. Hem d\u0131\u015f geli\u015fmeler hem de birbirimizle ilgili do\u011fru haberlerin yap\u0131labilmesi amac\u0131yla medya temsilcilerimizin birbirleriyle sa\u011fl\u0131kl\u0131 ve nitelikli i\u015flerde bir araya gelmeleri \u00e7ok de\u011ferli. Bu noktada medya ve ileti\u015fim alan\u0131nda bu kar\u015f\u0131l\u0131kl\u0131 ziyaretlerin \u00e7ok \u00f6nemli oldu\u011funu d\u00fc\u015f\u00fcn\u00fcyoruz. Bu hususta \u00e7e\u015fitli de\u011fi\u015fim programlar\u0131 ger\u00e7ekle\u015ftirilebilir. \u00d6zellikle medya mensuplar\u0131n\u0131n kar\u015f\u0131l\u0131kl\u0131 ziyaretlerini bir takvime ba\u011flayabilir ve d\u00fczenli bir hale getirebiliriz. Her iki \u00fclkede bas\u0131n ve enformasyon alanlar\u0131nda mesleki ba\u011flar kurmak i\u00e7in periyodik seminer ve \u00e7al\u0131\u015ftaylar organize edebiliriz.\u201d<\/p>\n<p>Altun, \u0130leti\u015fim Ba\u015fkanl\u0131\u011f\u0131 ile \u00c7in Devlet Konseyi Enformasyon Ofisi aras\u0131nda imzalanmas\u0131 g\u00fcndemde olan Bas\u0131n ve Enformasyon Alanlar\u0131nda \u0130\u015f Birli\u011fi ve De\u011fi\u015fime \u0130li\u015fkin Protokol s\u00fcrecinin h\u0131zland\u0131r\u0131lmas\u0131 talebini de iletti. TRT heyetinin ge\u00e7en Nisan ay\u0131nda \u00c7in\u2019e ger\u00e7ekle\u015ftirdi\u011fi \u00e7al\u0131\u015fma ziyaretinde \u00f6nemli i\u015f birli\u011fi imkanlar\u0131n\u0131n ele al\u0131nd\u0131\u011f\u0131n\u0131 hat\u0131rlatan Altun, \u00c7in Medya Grubu ile TRT aras\u0131nda ortak yap\u0131m anla\u015fmas\u0131na ili\u015fkin s\u00fcrecin ba\u015flat\u0131lmas\u0131n\u0131 son derece olumlu g\u00f6rd\u00fcklerini ifade etti.<\/p>\n<p>Bu i\u015fbirli\u011fi protokollerine \u201ckar\u015f\u0131l\u0131kl\u0131 kazan\u00e7\u201d felsefesi etraf\u0131nda yakla\u015ft\u0131klar\u0131n\u0131 vurgulayan Altun, \u201cYeni d\u00f6nemde T\u00fcrkiye ve \u00c7in\u2019in yeni i\u015f birli\u011fi felsefesine uygun \u015fekilde medya ve ileti\u015fim alan\u0131nda da \u00e7ok yak\u0131n bir koordinasyon halinde \u00e7al\u0131\u015fmas\u0131 gerekti\u011fini d\u00fc\u015f\u00fcn\u00fcyoruz. \u00c7\u00fcnk\u00fc her iki \u00fclkede de siyasi irade bunu emrediyor\u201d dedi.<\/p>\n<p>\u00c7in Ulusal Radyo ve Televizyon Dairesi Bakan Yard\u0131mc\u0131s\u0131 Gao Jianmin ise \u015funlar\u0131 kaydetti:<\/p>\n<p>\u201c\u00c7in Devlet Ba\u015fkan\u0131 Say\u0131n \u015ei Cinping ve T\u00fcrkiye Cumhurba\u015fkan\u0131 Say\u0131n Recep Tayyip Erdo\u011fan iki \u00fclke aras\u0131nda daha fazla i\u015f birli\u011fi ve ileti\u015fimin kurulmas\u0131 y\u00f6n\u00fcnde net bir irade ortaya koydu. T\u00fcrkiye ve \u00c7in derin kar\u015f\u0131l\u0131kl\u0131 anlay\u0131\u015f konusunda d\u00fcnyan\u0131n \u00f6nde gelen \u00fclkelerindendir. \u00dclkelerimiz aras\u0131ndaki dostlu\u011fun daha da derinle\u015ftirilmesinin yan\u0131 s\u0131ra daha etkin ileti\u015fim ve i\u015f birli\u011fi mekanizmalar\u0131n\u0131n kurulmas\u0131 i\u00e7in somut ad\u0131mlar atmaya haz\u0131r\u0131z. Son d\u00f6nemde T\u00fcrk yap\u0131m\u0131 bir\u00e7ok dizi ve filmin \u00c7in\u2019de g\u00f6sterime girdi ve \u00c7in halk\u0131 aras\u0131nda \u00e7ok g\u00fczel yank\u0131lar buldu. Sadece 2018 y\u0131l\u0131nda bile 8 tane T\u00fcrk dizisi \u00c7in\u2019de g\u00f6sterildi. Siz samimi bir \u015fekilde bizi kabul ederek \u00c7in ile T\u00fcrkiye aras\u0131nda medya ve ileti\u015fim alan\u0131nda daha fazla i\u015f birli\u011fi yap\u0131lmas\u0131na ne kadar \u00f6nem verdi\u011finizi bizzat g\u00f6sterdiniz. \u0130nan\u0131yoruz ki bu alandaki i\u015f birli\u011fimiz hem daha da derinle\u015ftirilecektir hem de daha yeni f\u0131rsatlar\u0131 g\u00fcndeme getirecektir. Aram\u0131zda \u00e7ok daha g\u00fczel i\u015f birliklerinin ger\u00e7ekle\u015ftirilece\u011fine inanc\u0131m\u0131z tam.\u201d<\/p>\n","protected":false},"excerpt":{"rendered":"<p>\u0130LET\u0130\u015e\u0130M BA\u015eKANI FAHRETT\u0130N ALTUN, \u00c7\u0130N ULUSAL RADYO VE TELEV\u0130ZYON DA\u0130RES\u0130 BAKAN YARDIMCISI GAO J\u0130ANM\u0130N BA\u015eKANLI\u011eINDAK\u0130 HEYET\u0130 KABUL ETT\u0130.<\/p>\n","protected":false},"author":1,"featured_media":0,"comment_status":"closed","ping_status":"open","sticky":false,"template":"","format":"standard","meta":{"jetpack_post_was_ever_published":false,"_jetpack_newsletter_access":"","_jetpack_dont_email_post_to_subs":false,"_jetpack_newsletter_tier_id":0,"_jetpack_memberships_contains_paywalled_content":false,"_jetpack_memberships_contains_paid_content":false,"footnotes":"","jetpack_publicize_message":"","jetpack_publicize_feature_enabled":true,"jetpack_social_post_already_shared":true,"jetpack_social_options":{"image_generator_settings":{"template":"highway","default_image_id":0,"font":"","enabled":false},"version":2}},"categories":[1],"tags":[40114,742,4733,6414,207,2513,56784,654,11527,15110,2683,199],"class_list":["post-224805","post","type-post","status-publish","format-standard","hentry","category-genel","tag-altun","tag-bakan","tag-cin","tag-dairesi","tag-etti","tag-fahrettin","tag-jianmini","tag-kabul","tag-radyo","tag-televizyon","tag-ulusal","tag-yardimcisi"],"jetpack_publicize_connections":[],"jetpack_featured_media_url":"","jetpack_sharing_enabled":true,"jetpack_shortlink":"https:\/\/wp.me\/paKIfm-WtT","_links":{"self":[{"href":"http:\/\/www.tvturk.com\/index.php\/wp-json\/wp\/v2\/posts\/224805","targetHints":{"allow":["GET"]}}],"collection":[{"href":"http:\/\/www.tvturk.com\/index.php\/wp-json\/wp\/v2\/posts"}],"about":[{"href":"http:\/\/www.tvturk.com\/index.php\/wp-json\/wp\/v2\/types\/post"}],"author":[{"embeddable":true,"href":"http:\/\/www.tvturk.com\/index.php\/wp-json\/wp\/v2\/users\/1"}],"replies":[{"embeddable":true,"href":"http:\/\/www.tvturk.com\/index.php\/wp-json\/wp\/v2\/comments?post=224805"}],"version-history":[{"count":0,"href":"http:\/\/www.tvturk.com\/index.php\/wp-json\/wp\/v2\/posts\/224805\/revisions"}],"wp:attachment":[{"href":"http:\/\/www.tvturk.com\/index.php\/wp-json\/wp\/v2\/media?parent=224805"}],"wp:term":[{"taxonomy":"category","embeddable":true,"href":"http:\/\/www.tvturk.com\/index.php\/wp-json\/wp\/v2\/categories?post=224805"},{"taxonomy":"post_tag","embeddable":true,"href":"http:\/\/www.tvturk.com\/index.php\/wp-json\/wp\/v2\/tags?post=224805"}],"curies":[{"name":"wp","href":"https:\/\/api.w.org\/{rel}","templated":true}]}}