{"id":224879,"date":"2019-11-07T10:16:35","date_gmt":"2019-11-07T07:16:35","guid":{"rendered":"http:\/\/www.tvturk.com\/index.php\/btm-dunyanin-en-cok-gelecek-vaat-eden-programi-secildi\/"},"modified":"2019-11-07T10:16:35","modified_gmt":"2019-11-07T07:16:35","slug":"btm-dunyanin-en-cok-gelecek-vaat-eden-programi-secildi","status":"publish","type":"post","link":"http:\/\/www.tvturk.com\/index.php\/btm-dunyanin-en-cok-gelecek-vaat-eden-programi-secildi\/","title":{"rendered":"BTM, d\u00fcnyan\u0131n en \u00e7ok gelecek vaat eden program\u0131 se\u00e7ildi"},"content":{"rendered":"<p>Bilgiyi Ticarile\u015ftirme Merkezi, d\u00fcnyan\u0131n en sayg\u0131n organizasyonlar\u0131ndan olan UBI Global Awards\u2019dan da \u00f6d\u00fclle d\u00f6nd\u00fc. BTM, \u2018D\u00fcnyan\u0131n En \u00c7ok Gelecek Vaat Eden Program\u0131\u2019 \u00f6d\u00fcl\u00fcn\u00fc ald\u0131<\/p>\n<p>\u0130stanbul Ticaret Odas\u0131 (\u0130TO) taraf\u0131ndan giri\u015fimcili\u011fin desteklenmesi amac\u0131yla kurulan Bilgiyi Ticarile\u015ftirme Merkezi (BTM) \u00f6d\u00fcle doymuyor. \u0130ki y\u0131l gibi k\u0131sa bir s\u00fcre \u00f6nce kurulan ve son olarak T\u00fcrkiye Odalar ve Borsalar Birli\u011fi (TOBB) ile T\u00fcrkiye Ekonomi Politikalar\u0131 Ara\u015ft\u0131rma Vakf\u0131 (TEPAV) taraf\u0131ndan organize edilen Oda\/Borsa proje yar\u0131\u015fmas\u0131nda \u201cGiri\u015fimcilik\u201d \u00f6d\u00fcl\u00fcn\u00fc alan BTM, bu kez de d\u00fcnya \u00e7ap\u0131nda bir \u00f6d\u00fcl\u00fc alman\u0131n gururunu ya\u015f\u0131yor.<\/p>\n<p>Giri\u015fimcilik ekosisteminde d\u00fcnyan\u0131n en sayg\u0131n organizasyonlar\u0131ndan biri olarak g\u00f6r\u00fclen UBI Global \u00d6d\u00fclleri\u2019nde BTM, \u2018D\u00fcnyan\u0131n En \u00c7ok Gelecek Vaat Eden Program\u0131\u2019 \u00f6d\u00fcl\u00fcn\u00fcn sahibi oldu.<\/p>\n<p>Katar\u2019da d\u00fczenlenen gecede BTM Direkt\u00f6r\u00fc \u0130brahim Elba\u015f\u0131, \u00f6d\u00fcl\u00fc UBI Global Ara\u015ft\u0131rma Ba\u015fkan\u0131 Holger Meyer\u2019\u0131n elinden ald\u0131.<\/p>\n<p>\u201cBTM\u2019nin de\u011fil, T\u00fcrkiye\u2019nin \u00f6d\u00fcl\u00fc\u201d<\/p>\n<p>\u00d6d\u00fcl t\u00f6reni ile ilgili konu\u015fan BTM Direkt\u00f6r\u00fc \u0130brahim Elba\u015f\u0131, \u201cBu \u00f6d\u00fcl ile birlikte BTM art\u0131k global bir oyuncu oldu\u011funu kan\u0131tlam\u0131\u015ft\u0131r. Bu ba\u015far\u0131 uluslararas\u0131 arenada T\u00fcrkiye\u2019nin de giri\u015fimcilik ekosistemine daha \u00e7ok katk\u0131 sa\u011flayaca\u011f\u0131n\u0131n, rekabet edece\u011finin ve kazanaca\u011f\u0131n\u0131n bir ad\u0131m\u0131d\u0131r. Bu \u00f6d\u00fcl sadece BTM\u2019nin de\u011fil T\u00fcrkiye\u2019deki t\u00fcm giri\u015fimci ve yat\u0131r\u0131mc\u0131lar\u0131nd\u0131r\u201d dedi.<\/p>\n<p>UBI Global, t\u00fcm inovasyon merkezlerinin nerede bulundu\u011funu belirlemek, onlar\u0131 ba\u015far\u0131l\u0131 k\u0131lan \u015feyleri \u00f6\u011frenmek ve payla\u015fmak i\u00e7in 2013 y\u0131l\u0131nda \u0130sve\u00e7\u2019in ba\u015fkenti Stockholm\u2019de kuruldu. Kurulu\u015f, d\u00fcnyada benchmark \u00e7al\u0131\u015fmalar\u0131n\u0131 ba\u015flatarak kulu\u00e7ka ve h\u0131zland\u0131r\u0131c\u0131 programlar\u0131n ortak \u00f6zelliklerini bulmay\u0131 ama\u00e7l\u0131yor. Bu \u00e7al\u0131\u015fmalar sonucunda UBI Global, kulu\u00e7ka ve h\u0131zland\u0131rma programlar\u0131n\u0131n geli\u015fmesine katk\u0131 sa\u011flayarak daha cazip hale gelmelerini ve verimliliklerini art\u0131rarak yat\u0131r\u0131m \u00e7ekebilmelerini sa\u011fl\u0131yor.<\/p>\n<p>UBI Global bu sayede 70\u2019i a\u015fk\u0131n \u00fclkede 700\u2019den fazla kulu\u00e7ka ve h\u0131zland\u0131rma merkezinin verilerine de ula\u015farak bir endeks olu\u015fturuyor. BTM de \u2019World Benchmark Study 2019-2020\u2019 de\u011ferlendirmeleriyle elde edilmi\u015f olan verilerin sonucunda bu \u00f6d\u00fcle lay\u0131k g\u00f6r\u00fcld\u00fc.<\/p>\n","protected":false},"excerpt":{"rendered":"<p>BTM, D\u00dcNYANIN EN \u00c7OK GELECEK VAAT EDEN PROGRAMI SE\u00c7\u0130LD\u0130<\/p>\n","protected":false},"author":1,"featured_media":224880,"comment_status":"closed","ping_status":"open","sticky":false,"template":"","format":"standard","meta":{"jetpack_post_was_ever_published":false,"_jetpack_newsletter_access":"","_jetpack_dont_email_post_to_subs":false,"_jetpack_newsletter_tier_id":0,"_jetpack_memberships_contains_paywalled_content":false,"_jetpack_memberships_contains_paid_content":false,"footnotes":"","jetpack_publicize_message":"","jetpack_publicize_feature_enabled":true,"jetpack_social_post_already_shared":true,"jetpack_social_options":{"image_generator_settings":{"template":"highway","default_image_id":0,"font":"","enabled":false},"version":2}},"categories":[19],"tags":[41195,105,1197,2393,81,1999,910,2288],"class_list":["post-224879","post","type-post","status-publish","format-standard","has-post-thumbnail","hentry","category-ekonomi","tag-btm","tag-cok","tag-dunyanin","tag-eden","tag-gelecek","tag-programi","tag-secildi","tag-vaat"],"jetpack_publicize_connections":[],"jetpack_featured_media_url":"https:\/\/i0.wp.com\/www.tvturk.com\/wp-content\/uploads\/2019\/11\/btm-dunyanin-en-cok-gelecek-vaat-eden-programi-secildi_c55b703.jpg?fit=846%2C1000","jetpack_sharing_enabled":true,"jetpack_shortlink":"https:\/\/wp.me\/paKIfm-Wv5","_links":{"self":[{"href":"http:\/\/www.tvturk.com\/index.php\/wp-json\/wp\/v2\/posts\/224879","targetHints":{"allow":["GET"]}}],"collection":[{"href":"http:\/\/www.tvturk.com\/index.php\/wp-json\/wp\/v2\/posts"}],"about":[{"href":"http:\/\/www.tvturk.com\/index.php\/wp-json\/wp\/v2\/types\/post"}],"author":[{"embeddable":true,"href":"http:\/\/www.tvturk.com\/index.php\/wp-json\/wp\/v2\/users\/1"}],"replies":[{"embeddable":true,"href":"http:\/\/www.tvturk.com\/index.php\/wp-json\/wp\/v2\/comments?post=224879"}],"version-history":[{"count":0,"href":"http:\/\/www.tvturk.com\/index.php\/wp-json\/wp\/v2\/posts\/224879\/revisions"}],"wp:featuredmedia":[{"embeddable":true,"href":"http:\/\/www.tvturk.com\/index.php\/wp-json\/wp\/v2\/media\/224880"}],"wp:attachment":[{"href":"http:\/\/www.tvturk.com\/index.php\/wp-json\/wp\/v2\/media?parent=224879"}],"wp:term":[{"taxonomy":"category","embeddable":true,"href":"http:\/\/www.tvturk.com\/index.php\/wp-json\/wp\/v2\/categories?post=224879"},{"taxonomy":"post_tag","embeddable":true,"href":"http:\/\/www.tvturk.com\/index.php\/wp-json\/wp\/v2\/tags?post=224879"}],"curies":[{"name":"wp","href":"https:\/\/api.w.org\/{rel}","templated":true}]}}