{"id":224961,"date":"2019-11-07T11:32:27","date_gmt":"2019-11-07T08:32:27","guid":{"rendered":"http:\/\/www.tvturk.com\/index.php\/en-buyuk-istegi-kutsal-topraklara-gitmek\/"},"modified":"2019-11-07T11:32:27","modified_gmt":"2019-11-07T08:32:27","slug":"en-buyuk-istegi-kutsal-topraklara-gitmek","status":"publish","type":"post","link":"http:\/\/www.tvturk.com\/index.php\/en-buyuk-istegi-kutsal-topraklara-gitmek\/","title":{"rendered":"En b\u00fcy\u00fck iste\u011fi kutsal topraklara gitmek"},"content":{"rendered":"<p>Kahramanmara\u015f\u2019ta g\u00f6rme engelli din g\u00f6revlisi Mustafa \u00c7amsar\u0131, hac veya umre g\u00f6revini yerine getirmek i\u00e7in yetkililerden yard\u0131m bekliyor.<\/p>\n<p>Dulkadiro\u011flu il\u00e7esindeki \u0130sa Divanl\u0131 Camii\u2019nde m\u00fcezzin olarak g\u00f6rev yapan 46 ya\u015f\u0131ndaki Mustafa \u00c7amsar\u0131, 20 y\u0131ld\u0131r din g\u00f6revlisi olarak \u00e7al\u0131\u015f\u0131yor. 1998 y\u0131l\u0131nda Kur\u2019an-\u0131 Kerim\u2019i ezberleyip 2 y\u0131lda haf\u0131z olan g\u00f6rme engelli Mustafa \u00c7amsar\u0131, \u00e7e\u015fitli y\u0131llarda T\u00fcrkiye derecesi de elde etti. G\u00f6rme engelli olmas\u0131 nedeniyle hac veya umre vazifesini yerine getiremedi\u011fini s\u00f6yleyen \u00c7amsar\u0131, Kur\u2019an\u2019\u0131n indi\u011fi kutsal topraklara gidip Kur\u2019an okumak istedi\u011fini belirtti.<\/p>\n<p>Evli ve 3 \u00e7ocuk babas\u0131 olan \u00c7amsar\u0131, \u201cDo\u011fu\u015ftan g\u00f6rme engelli bir bireyim ve 1988 y\u0131l\u0131nda haf\u0131zl\u0131\u011fa ba\u015flay\u0131p 2 y\u0131lda haf\u0131zl\u0131\u011f\u0131 tamamlad\u0131m. Ortaokul, lise ve ilahiyat \u00f6n lisans\u0131 d\u0131\u015far\u0131dan tamamlad\u0131m. G\u00f6rme engelli oldu\u011fumuzdan dolay\u0131 hacca veya umreye g\u00f6nderilemiyoruz. Bizim talebimiz, Diyanet camias\u0131nda \u00e7al\u0131\u015fan biri olarak hi\u00e7 olmazsa bir defaya mahsus yan\u0131mda herhangi bir yak\u0131n\u0131m veya Diyanet\u2019in uygun g\u00f6rd\u00fc\u011f\u00fc biriyle kutsal topraklara gitmek istiyorum. Vahyin indi\u011fi ve mukaddes beldelerde vahyi okumak ve vahyi ya\u015famak istiyorum. Yani bir hac veya bir umre istiyoruz. Bize imkan ve yard\u0131mc\u0131 olunursa \u00e7ok mutlu oluruz\u201d diye konu\u015ftu.<\/p>\n<p>Mustafa \u00c7amsar\u0131\u2019n\u0131n her M\u00fcsl\u00fcman gibi kutsal topraklar\u0131 g\u00f6rmek istedi\u011fini s\u00f6yleyen \u0130sa Divanl\u0131 Camii imam hatibi Ali Bal ise, \u201cMustafa hocam\u0131n talebi t\u00fcm g\u00f6rme engelli karde\u015flerimiz a\u00e7\u0131s\u0131ndan \u00f6nemli. Bizler gerek maddi ve gerekse s\u0131navla oralara gidip manevi havas\u0131n\u0131 teneff\u00fcs ediyoruz. G\u00f6rme engelli karde\u015flerimiz bir refakat\u00e7ileri olmadan oran\u0131n manevi atmosferinden yararlanam\u0131yorlar. Hocam\u0131z da haf\u0131zl\u0131k yapm\u0131\u015f de\u011ferli bir karde\u015fimizdir ve haf\u0131zl\u0131kta \u00e7e\u015fitli y\u0131llarda dereceleri var. Diyanet \u0130\u015fleri Ba\u015fkanl\u0131\u011f\u0131ndan b\u00f6yle bir talebi var ve ba\u015fkanl\u0131\u011f\u0131m\u0131z\u0131n bu talebi de\u011ferlendirece\u011fine inan\u0131yoruz. Hocam\u0131z\u0131n iste\u011finin dikkate al\u0131naca\u011f\u0131na y\u00fcrekten inan\u0131yorum\u201d dedi.<\/p>\n","protected":false},"excerpt":{"rendered":"<p>KAHRAMANMARA\u015e\u2019TA G\u00d6RME ENGELL\u0130 D\u0130N G\u00d6REVL\u0130S\u0130 MUSTAFA \u00c7AMSARI, HAC VEYA UMRE G\u00d6REV\u0130N\u0130 YER\u0130NE GET\u0130RMEK \u0130\u00c7\u0130N YETK\u0130L\u0130LERDEN YARDIM BEKL\u0130YOR.<\/p>\n","protected":false},"author":1,"featured_media":224962,"comment_status":"closed","ping_status":"open","sticky":false,"template":"","format":"standard","meta":{"jetpack_post_was_ever_published":false,"_jetpack_newsletter_access":"","_jetpack_dont_email_post_to_subs":false,"_jetpack_newsletter_tier_id":0,"_jetpack_memberships_contains_paywalled_content":false,"_jetpack_memberships_contains_paid_content":false,"footnotes":"","jetpack_publicize_message":"","jetpack_publicize_feature_enabled":true,"jetpack_social_post_already_shared":true,"jetpack_social_options":{"image_generator_settings":{"template":"highway","default_image_id":0,"font":"","enabled":false},"version":2}},"categories":[1],"tags":[545,7375,9567,16841,16842],"class_list":["post-224961","post","type-post","status-publish","format-standard","has-post-thumbnail","hentry","category-genel","tag-buyuk","tag-gitmek","tag-istegi","tag-kutsal","tag-topraklara"],"jetpack_publicize_connections":[],"jetpack_featured_media_url":"https:\/\/i0.wp.com\/www.tvturk.com\/wp-content\/uploads\/2019\/11\/en-buyuk-istegi-kutsal-topraklara-gitmek_894fa4e.jpg?fit=1000%2C666","jetpack_sharing_enabled":true,"jetpack_shortlink":"https:\/\/wp.me\/paKIfm-Wwp","_links":{"self":[{"href":"http:\/\/www.tvturk.com\/index.php\/wp-json\/wp\/v2\/posts\/224961","targetHints":{"allow":["GET"]}}],"collection":[{"href":"http:\/\/www.tvturk.com\/index.php\/wp-json\/wp\/v2\/posts"}],"about":[{"href":"http:\/\/www.tvturk.com\/index.php\/wp-json\/wp\/v2\/types\/post"}],"author":[{"embeddable":true,"href":"http:\/\/www.tvturk.com\/index.php\/wp-json\/wp\/v2\/users\/1"}],"replies":[{"embeddable":true,"href":"http:\/\/www.tvturk.com\/index.php\/wp-json\/wp\/v2\/comments?post=224961"}],"version-history":[{"count":0,"href":"http:\/\/www.tvturk.com\/index.php\/wp-json\/wp\/v2\/posts\/224961\/revisions"}],"wp:featuredmedia":[{"embeddable":true,"href":"http:\/\/www.tvturk.com\/index.php\/wp-json\/wp\/v2\/media\/224962"}],"wp:attachment":[{"href":"http:\/\/www.tvturk.com\/index.php\/wp-json\/wp\/v2\/media?parent=224961"}],"wp:term":[{"taxonomy":"category","embeddable":true,"href":"http:\/\/www.tvturk.com\/index.php\/wp-json\/wp\/v2\/categories?post=224961"},{"taxonomy":"post_tag","embeddable":true,"href":"http:\/\/www.tvturk.com\/index.php\/wp-json\/wp\/v2\/tags?post=224961"}],"curies":[{"name":"wp","href":"https:\/\/api.w.org\/{rel}","templated":true}]}}