{"id":225066,"date":"2019-11-07T13:16:48","date_gmt":"2019-11-07T10:16:48","guid":{"rendered":"http:\/\/www.tvturk.com\/index.php\/btb-kontrol-disi-ticarete-dikkat-cekti\/"},"modified":"2019-11-07T13:16:48","modified_gmt":"2019-11-07T10:16:48","slug":"btb-kontrol-disi-ticarete-dikkat-cekti","status":"publish","type":"post","link":"http:\/\/www.tvturk.com\/index.php\/btb-kontrol-disi-ticarete-dikkat-cekti\/","title":{"rendered":"BTB kontrol d\u0131\u015f\u0131 ticarete dikkat \u00e7ekti"},"content":{"rendered":"<p>Ya\u015f Sebze Meyve alan\u0131nda faaliyetlerini s\u00fcrd\u00fcren Bursa Ticaret Borsas\u0131 (BTB) 3. Meslek Komitesi \u00fcyeleri, insan sa\u011fl\u0131\u011f\u0131 ve ticar\u00ee nizam\u0131 koruma konusunda \u00f6nemli a\u00e7\u0131klamalar yapt\u0131.<\/p>\n<p>BTB Meclis Ba\u015fkan Yard\u0131mc\u0131s\u0131 \u0130smail Asl\u0131m ile BTB Meclis \u00dcyesi Feridun \u00d6zy\u00fcksel ve Mustafa Aksu, BTB\u2019na ait Do\u011fanbey Sivil Mimari \u00d6rne\u011fi binalar\u0131nda bir araya geldi. Asl\u0131m, Aksu ve Y\u00fcksel, \u00f6zellikle ya\u015f sebze meyvede kontrol d\u0131\u015f\u0131 ve insan sa\u011fl\u0131\u011f\u0131n\u0131 tehlikeye d\u00fc\u015f\u00fcren, hal esnaf\u0131n\u0131n ma\u011fdur oldu\u011fu konular\u0131 masaya yat\u0131rd\u0131.<\/p>\n<p>Kontrol d\u0131\u015f\u0131 sat\u0131\u015f\u0131n \u00f6zellikle insan sa\u011fl\u0131\u011f\u0131na olan olumsuz etkilerine de\u011finen BTB Meclis Ba\u015fkan Yard\u0131mc\u0131s\u0131 \u0130smail Asl\u0131m, \u201cEn son ya\u015fanan \u0131spanak olay\u0131nda konunun ac\u0131 tecr\u00fcbesini ya\u015fad\u0131k. B\u00f6yle ac\u0131 olaylar\u0131n ya\u015fanmamas\u0131 i\u00e7in \u00f6zellikle ya\u015f sebze meyvelerin H\u00e2l Kay\u0131t Sistemi (HKS)\u2019ne dahil olup sat\u0131\u015fa sunulmas\u0131, b\u00f6ylece \u00fcr\u00fcn hangi sat\u0131c\u0131dan ge\u00e7mi\u015f hangi \u00fcreticinin hangi tarlas\u0131nda \u00fcretilmi\u015f,hatta \u00e7ift\u00e7i hangi zira\u00ee il\u00e2c\u0131 kullanm\u0131\u015f g\u00f6r\u00fcl\u00fcp denetlenebilir. B\u00f6ylece vergilendirilmi\u015f \u00fcr\u00fcne ili\u015fkin t\u00fcm bilgi halk\u0131m\u0131za ula\u015fm\u0131\u015f olacakt\u0131r\u201d dedi.<\/p>\n<p>Ya\u015f meyve ve sebzelerin pazarlamas\u0131nda en b\u00fcy\u00fck rol\u00fc toptanc\u0131 halleri ve bu hallerde g\u00f6rev alan t\u00fcccarlar\u0131n \u00fcstlendi\u011fini ve Bursa B\u00fcy\u00fck\u015fehir Belediyesi Hikmet \u015eahin Ya\u015f Sebze Meyve Hali\u2019nin T\u00fcrkiye\u2019de \u00f6rnek oldu\u011funa vurgu yapan \u0130smail Asl\u0131m, \u201c\u0130limizde t\u00fcketilen ba\u015fta so\u011fan patates gibi depolanabilir \u00fcr\u00fcnler ile taze sebze meyvelerin yo\u011fun ticareti halimizde ger\u00e7ekle\u015ftirilmektedir. Ancak hal d\u0131\u015f\u0131nda kontrols\u00fcz, rekabeti etkileyen,toptan sat\u0131\u015f yapan firmalar bulunuyor ve bu firmalar\u0131n artarak devam etmesinin \u00f6n\u00fcne ge\u00e7ilmesi gerekiyor. Toptanc\u0131 hallerinde i\u015flem g\u00f6ren sebze ve meyve ticareti, i\u00e7 piyasaya s\u00fcr\u00fclen sebze ve meyvenin yaln\u0131zca y\u00fczde 30\u2019unu olu\u015fturuyor y\u00fczde 70\u2019i de maalesef kontrol d\u0131\u015f\u0131 olarak piyasaya s\u00fcr\u00fcl\u00fcyor. Biz de Bursa Ticaret Borsas\u0131 3. Meslek Komitesi olarak, borsam\u0131z arac\u0131l\u0131\u011f\u0131yla g\u00fcndeme getirdi\u011fimiz bu konu \u00fczerine ilgili mercilere taleplerimizi ilettik\u201d dedi.<\/p>\n<p>Asl\u0131m \u201cKonuyla ilgili daha \u00f6nce yapt\u0131\u011f\u0131m\u0131z bilgilendirme sonucunda Bursa B\u00fcy\u00fck\u015fehir Belediyesi Zab\u0131ta M\u00fcd\u00fcrl\u00fc\u011f\u00fc hemen harekete ge\u00e7ti, ancak merdiven alt\u0131 diye tabir edebilece\u011fimiz kontrol d\u0131\u015f\u0131 ticaret maalesef h\u00e2l\u00e2 devam ediyor. Bu durum ne kadar \u00e7ok olursa ekonomik kay\u0131p ve haks\u0131z rekabette o kadar fazla art\u0131yor. Bursa\u2019da kay\u0131t d\u0131\u015f\u0131 yap\u0131lan her ticaretten kendimizi sorumlu tutuyoruz, Toplum sa\u011fl\u0131\u011f\u0131 ve \u00fclkemizin ekonomik kay\u0131plar\u0131n\u0131 \u00f6nlemek ad\u0131na, bu konuda b\u00fct\u00fcn payda\u015flar\u0131m\u0131zla i\u015f birli\u011fimizi s\u00fcrd\u00fcrmeye biz devam ederken, vatanda\u015flar\u0131m\u0131z\u0131 da pazar al\u0131\u015fveri\u015flerinde sat\u0131n ald\u0131klar\u0131 t\u00fcm \u00fcr\u00fcnlerin ya\u015f sebze meyve halinden ge\u00e7ip ge\u00e7medi\u011fini kontrol etmeye davet ediyoruz\u201d dedi.<\/p>\n","protected":false},"excerpt":{"rendered":"<p>YA\u015e SEBZE MEYVE ALANINDA FAAL\u0130YETLER\u0130N\u0130 S\u00dcRD\u00dcREN BURSA T\u0130CARET BORSASI (BTB) 3. MESLEK KOM\u0130TES\u0130 \u00dcYELER\u0130, \u0130NSAN SA\u011eLI\u011eI VE T\u0130CAR\u00ce N\u0130ZAMI KORUMA KONUSUNDA \u00d6NEML\u0130 A\u00c7IKLAMALAR YAPTI.<\/p>\n","protected":false},"author":1,"featured_media":225067,"comment_status":"closed","ping_status":"open","sticky":false,"template":"","format":"standard","meta":{"jetpack_post_was_ever_published":false,"_jetpack_newsletter_access":"","_jetpack_dont_email_post_to_subs":false,"_jetpack_newsletter_tier_id":0,"_jetpack_memberships_contains_paywalled_content":false,"_jetpack_memberships_contains_paid_content":false,"footnotes":"","jetpack_publicize_message":"","jetpack_publicize_feature_enabled":true,"jetpack_social_post_already_shared":true,"jetpack_social_options":{"image_generator_settings":{"template":"highway","default_image_id":0,"font":"","enabled":false},"version":2}},"categories":[19],"tags":[44576,593,1440,1852,868,5608],"class_list":["post-225066","post","type-post","status-publish","format-standard","has-post-thumbnail","hentry","category-ekonomi","tag-btb","tag-cekti","tag-dikkat","tag-disi","tag-kontrol","tag-ticarete"],"jetpack_publicize_connections":[],"jetpack_featured_media_url":"https:\/\/i0.wp.com\/www.tvturk.com\/wp-content\/uploads\/2019\/11\/btb-kontrol-disi-ticarete-dikkat-cekti_f679a2f.jpg?fit=1000%2C562","jetpack_sharing_enabled":true,"jetpack_shortlink":"https:\/\/wp.me\/paKIfm-Wy6","_links":{"self":[{"href":"http:\/\/www.tvturk.com\/index.php\/wp-json\/wp\/v2\/posts\/225066","targetHints":{"allow":["GET"]}}],"collection":[{"href":"http:\/\/www.tvturk.com\/index.php\/wp-json\/wp\/v2\/posts"}],"about":[{"href":"http:\/\/www.tvturk.com\/index.php\/wp-json\/wp\/v2\/types\/post"}],"author":[{"embeddable":true,"href":"http:\/\/www.tvturk.com\/index.php\/wp-json\/wp\/v2\/users\/1"}],"replies":[{"embeddable":true,"href":"http:\/\/www.tvturk.com\/index.php\/wp-json\/wp\/v2\/comments?post=225066"}],"version-history":[{"count":0,"href":"http:\/\/www.tvturk.com\/index.php\/wp-json\/wp\/v2\/posts\/225066\/revisions"}],"wp:featuredmedia":[{"embeddable":true,"href":"http:\/\/www.tvturk.com\/index.php\/wp-json\/wp\/v2\/media\/225067"}],"wp:attachment":[{"href":"http:\/\/www.tvturk.com\/index.php\/wp-json\/wp\/v2\/media?parent=225066"}],"wp:term":[{"taxonomy":"category","embeddable":true,"href":"http:\/\/www.tvturk.com\/index.php\/wp-json\/wp\/v2\/categories?post=225066"},{"taxonomy":"post_tag","embeddable":true,"href":"http:\/\/www.tvturk.com\/index.php\/wp-json\/wp\/v2\/tags?post=225066"}],"curies":[{"name":"wp","href":"https:\/\/api.w.org\/{rel}","templated":true}]}}