{"id":225108,"date":"2019-11-07T13:32:17","date_gmt":"2019-11-07T10:32:17","guid":{"rendered":"http:\/\/www.tvturk.com\/index.php\/atlasglobal-istanbuldan-buharaya-ilk-turistik-charter-ucusunu-gerceklestirdi\/"},"modified":"2019-11-07T13:32:17","modified_gmt":"2019-11-07T10:32:17","slug":"atlasglobal-istanbuldan-buharaya-ilk-turistik-charter-ucusunu-gerceklestirdi","status":"publish","type":"post","link":"http:\/\/www.tvturk.com\/index.php\/atlasglobal-istanbuldan-buharaya-ilk-turistik-charter-ucusunu-gerceklestirdi\/","title":{"rendered":"Atlasglobal, \u0130stanbul\u2019dan Buhara\u2019ya ilk turistik charter u\u00e7u\u015funu ger\u00e7ekle\u015ftirdi"},"content":{"rendered":"<p>Orta Asya\u2019ya inan\u00e7 ve k\u00fclt\u00fcr turizmi ger\u00e7ekle\u015ftirmek isteyenlere \u00f6zel \u0130stanbul\u2019dan \u00d6zbekistan\u2019a 2020 y\u0131l\u0131n\u0131n Mart ay\u0131ndan itibaren tarifeli u\u00e7u\u015flar\u0131n\u0131 ba\u015flatacak olan Atlasglobal Hava Yollar\u0131, ilk turistik charter u\u00e7u\u015funu Buhara\u2019ya ger\u00e7ekle\u015ftirdi.<\/p>\n<p>Atlasglobal ile seyahat acentelerinin ortakl\u0131\u011f\u0131nda \u00d6zbekistan\u2019a ilk charter u\u00e7u\u015f ger\u00e7ekle\u015ftirildi. Buhara\u2019ya ilk turistik charter hat a\u00e7\u0131l\u0131\u015f\u0131na; Cumhurba\u015fkan\u0131 Ba\u015fdan\u0131\u015fman\u0131 \u0130srafil K\u0131\u015fla, Diyanet i\u015fleri Ba\u015fkan M\u00fc\u015faviri Haydar Bekiro\u011flu, Atlasglobal Havayollar\u0131 Genel Koordinat\u00f6r\u00fc Orhan Sancar, T\u00fcrkiye\u2019de faaliyet g\u00f6steren Hac -Umre ve inan\u00e7 turu organize eden acente sahiplerinin yan\u0131 s\u0131ra ilk u\u00e7akla gelen T\u00fcrk turist gruplar\u0131 kat\u0131ld\u0131. Piste inen u\u00e7ak, su tak\u0131 ile kar\u015f\u0131land\u0131. Heyeti, Buhara Vali yard\u0131mc\u0131s\u0131 Bat\u0131r \u015eehriyarov (Turizmden sorumlu), Buhara Belediye Ba\u015fkan\u0131 Kerim Kemaolov ve Turizm \u0130l M\u00fcd\u00fcr\u00fc Furkat Hacayev kar\u015f\u0131lad\u0131.<\/p>\n<p>\u0130nan\u00e7 ve k\u00fclt\u00fcr turizmi gezilerinin yap\u0131ld\u0131\u011f\u0131 5 g\u00fcnl\u00fck programda misafir yolcular, \u00d6zbekistan\u2019\u0131n k\u00fclt\u00fcr\u00fcn\u00fc yak\u0131ndan tan\u0131ma f\u0131rsat\u0131 yakalad\u0131. Ayr\u0131ca hava yolu \u015firketi, 2020 y\u0131l\u0131n\u0131n Mart ay\u0131ndan itibaren \u0130stanbul\u2019dan haftada 3 u\u00e7u\u015f Buhara\u2019ya, 3 u\u00e7u\u015f da Semerkand\u2019a olmak \u00fczere \u00d6zbekistan\u2019a tarifeli u\u00e7u\u015flar\u0131n\u0131 ba\u015flatacaklar\u0131n\u0131n m\u00fcjdesini verdi. Yaz d\u00f6nemlerinde ise Ta\u015fkent\u2019ten Antalya\u2019ya direkt u\u00e7u\u015flar ger\u00e7ekle\u015fecek.<\/p>\n<p>Bu u\u00e7u\u015flarla birlikte T\u00fcrkiye ve \u00d6zbekistan\u2019\u0131n k\u00fclt\u00fcrel ili\u015fkilerinin daha da geli\u015fmesinin yan\u0131 s\u0131ra \u00d6zbekistan\u2019\u0131n; Mekke, Medine ve Kud\u00fcs\u2019ten sonra inan\u00e7 turizmi noktas\u0131nda \u0130slam d\u00fcnyas\u0131ndaki tan\u0131n\u0131rl\u0131\u011f\u0131n\u0131n artt\u0131r\u0131lmas\u0131 hedefleniyor.<\/p>\n<p>\u0130stanbul\u2019dan Buhara\u2019ya ve Semerkand\u2019a direkt u\u00e7u\u015f<\/p>\n<p>Atlasglobal Genel Koordinat\u00f6r\u00fc Orhan Sancar program sonras\u0131nda yapt\u0131\u011f\u0131 a\u00e7\u0131klamada, \u201cTarihte ilk defa \u0130stanbul\u2019dan Buhara\u2019ya Atlasglobal olarak u\u00e7u\u015f yapman\u0131n gururunu ya\u015f\u0131yoruz.  Yakla\u015f\u0131k 190 yolcuyla buraya geldik. \u00d6zbekler bizleri kendi gelenekleriyle \u00e7ok g\u00fczel kar\u015f\u0131lad\u0131lar. Bu u\u00e7u\u015flar; iki \u00fclkenin birbirleriyle olan ili\u015fkilerini daha da art\u0131rarak, \u00f6nemli k\u00fclt\u00fcrel geli\u015fmelerin ya\u015fanmas\u0131na vesile olacakt\u0131r\u201d dedi. Sancar, 2020\u2019nin Mart ay\u0131ndan itibaren \u0130stanbul\u2019dan haftada \u00fc\u00e7 u\u00e7u\u015f Buhara\u2019ya, \u00fc\u00e7 u\u00e7u\u015f da Semerkand\u2019a tarifeli u\u00e7u\u015flar planlad\u0131klar\u0131n\u0131 kaydederek, \u201cYaz\u0131n ise Ta\u015fkent\u2019ten Antalya\u2019ya u\u00e7u\u015flar\u0131m\u0131z olacak. Ciddi bir potansiyel var. Buhara, Semerkand ve Ta\u015fkent\u2019ten yapaca\u011f\u0131m\u0131z u\u00e7u\u015flarla buradaki \u00f6nemli bir talebi kar\u015f\u0131layaca\u011f\u0131z. Bu b\u00f6lgede ciddi bir yap\u0131lanma i\u00e7erisindeyiz. Orta Asya\u2019y\u0131 iyi biliyoruz. \u00d6zel bir hava yolu \u015firketi olmam\u0131za ra\u011fmen \u015firketimiz burada yerel, karde\u015f bir hava yolu olarak g\u00f6r\u00fcl\u00fcyor\u201d \u015feklinde konu\u015ftu.<\/p>\n<p>Cumhurba\u015fkan\u0131 Ba\u015fdan\u0131\u015fman\u0131 \u0130srafil K\u0131\u015fla, ilk charter u\u00e7u\u015fuyla ilgili g\u00f6r\u00fc\u015flerinde \u015fu ifadelere yer verdi:<\/p>\n<p>\u201c5 g\u00fcnl\u00fck dolu dolu bir program oldu. Hem Buhara\u2019y\u0131 hem de Semerkand\u2019\u0131 dola\u015ft\u0131k. Ata diyar\u0131 topraklara gelmi\u015f olmaktan dolay\u0131 \u00e7ok mutlu olduk. \u00d6zbeklerin bizleri a\u011f\u0131rlamalar\u0131ndan \u00e7ok memnun kald\u0131k. Bunun d\u0131\u015f\u0131nda \u0130slam d\u00fcnyas\u0131 i\u00e7in Buhara ve Semerkand\u2019\u0131n \u00e7ok farkl\u0131 bir hususiyeti var. Tasavvuf d\u00fcnyam\u0131z\u0131n mutasavv\u0131flar\u0131n\u0131n \u00e7o\u011funun kabirleri burada. Bu topraklar e\u015fsiz tarihi eserlerin ve \u0130slam b\u00fcy\u00fcklerinin metfun oldu\u011fu topraklard\u0131r. Her M\u00fcsl\u00fcman\u0131n i\u00e7inde buraya olan bir \u00f6zlem var. Biz bu programla bu \u00f6zlemi giderdik.\u201d<\/p>\n<p>\u00d6zbekistan\u2019\u0131n kalk\u0131nmas\u0131nda turizmin \u00f6nemli bir yere sahip oldu\u011funu belirten K\u0131\u015fla, \u201c\u0130ki \u00fclke aras\u0131ndaki dostlu\u011fun, ticareti ve turizmi daha da geli\u015ftirece\u011fine inan\u0131yorum. \u00d6zbekistan yeni bir at\u0131l\u0131m ba\u015flatt\u0131. Turizm de kalk\u0131nmalar\u0131 i\u00e7in \u00e7ok \u00f6nemli. Bu noktada alt yap\u0131 yat\u0131r\u0131mlar\u0131n\u0131, tarihi eser ihyas\u0131n\u0131 g\u00f6r\u00fcyoruz. T\u00fcrkiye ile de el ele vererek, bir\u00e7ok i\u015f adamlar\u0131n\u0131n da yat\u0131r\u0131mlar\u0131yla kalk\u0131nm\u0131\u015f bir \u00fclke haline gelecektir. Nitekim \u00d6zbekistan\u2019\u0131n turizm ba\u015fta olmak \u00fczere bir\u00e7ok alanda T\u00fcrkiye\u2019den \u00f6nemli beklentileri var. Bu kapsamda bu tip seferlerin artmas\u0131 gerekiyor. \u00d6zbekistan\u2019\u0131n tan\u0131n\u0131rl\u0131\u011f\u0131 T\u00fcrkiye\u2019de artt\u0131k\u00e7a; haftada iki g\u00fcnl\u00fck seferler yetmeyecektir, bir\u00e7ok tur d\u00fczenlenecektir. Ayr\u0131ca T\u00fcrkiye\u2019de \u0130slami hassasiyeti olanlar\u0131n Mekke, Medine ve Kud\u00fcs\u2019ten sonra en \u00e7ok ra\u011fbet edecekleri \u015fehirlerden iki tanesi Buhara ve Semerkand olabilece\u011fini d\u00fc\u015f\u00fcn\u00fcyorum. \u00d6zbekistan\u2019\u0131n da turizmdeki alt yap\u0131s\u0131n\u0131 geli\u015ftirmesiyle, gelenlerin de memnun kalmas\u0131yla turizmde iyi noktalara gelece\u011fine inan\u0131yorum. \u00dclkemizdeki turizmciler gelip, buralarda yat\u0131r\u0131m yapabilirler. Bu konuda yeterince de te\u015fvikler var. \u00d6zbekistan\u2019da T\u00fcrkiye\u2019nin turizm potansiyelinden istifade eder diye umut ediyorum. Fiyatlar da olduk\u00e7a uygun\u201d ifadelerini kulland\u0131.<\/p>\n<p>\u201cCharter u\u00e7u\u015flarla \u00d6zbekistan turizminin geli\u015fmesi sa\u011flanacak\u201d<\/p>\n<p>\u00dc\u00e7 Bey Turizm Seyahat Acentesi Y\u00f6netim Kurulu Ba\u015fkan\u0131 Muhammet G\u00fclseren, \u00d6zbekistan\u2019\u0131n 30 g\u00fcnl\u00fck vize muafiyeti ile T\u00fcrkiye\u2019den \u00f6zellikle Semerkand, Buhara ve Ta\u015fkent\u2019e bir y\u00f6nelim ba\u015flad\u0131\u011f\u0131n\u0131 s\u00f6yleyerek, \u201c \u0130nan\u00e7 ve k\u00fclt\u00fcr turizmi i\u00e7in T\u00fcrkiye\u2019den her y\u0131l 90 bine yak\u0131n ki\u015fi hacca, 450-500 bine ki\u015fi ise umreye gidiyor. Bunun d\u0131\u015f\u0131nda insanlar son 10 y\u0131ldan beri alternatif turizm yerleri aray\u0131\u015f\u0131 i\u00e7erisindeler.  Bunun ba\u015f\u0131n\u0131 Kud\u00fcs \u00e7ekiyordu. \u015eimdi ise \u00d6zbekistan\u2019a vizelerin kald\u0131r\u0131lmas\u0131yla \u00f6zellikle Semerkand, Buhara ve Ta\u015fkent\u2019e bir y\u00f6nelim var. Y\u0131ll\u0131k Kud\u00fcs\u2019e giden ki\u015fi say\u0131s\u0131 30-40 bin dolaylar\u0131ndad\u0131r.  \u00d6zbekistan\u2019a yap\u0131lacak olan bu charter u\u00e7u\u015flar\u0131n fiyatlar\u0131 d\u00fc\u015f\u00fcrmesiyle insanlar\u0131n buraya gelmesi ve buradaki turizmin geli\u015fmesi sa\u011flanacak. Di\u011fer seyahat acenteleriyle de yapt\u0131\u011f\u0131m\u0131z de\u011ferlendirmede hem Semerkand\u2019a hem de Buhara\u2019ya k\u00fclt\u00fcr ve inan\u00e7 noktas\u0131nda gelmek isteyenler i\u00e7in organizasyonlar d\u00fczenleyece\u011fiz\u201d dedi.<\/p>\n<p>4 g\u00fcnl\u00fck Buhara-Semerkand seyahatinin maliyeti 699 euro<\/p>\n<p>Muhammet G\u00fclseren, tur paketlerinin sefer say\u0131l\u0131 u\u00e7u\u015flar ile bin 200 euro civar\u0131nda oldu\u011funu ancak charter u\u00e7u\u015flarla beraber 3 gece 4 g\u00fcnl\u00fck \u00d6zbekistan seyahatinin (sabah-ak\u015fam yeme\u011fi, otob\u00fcs, rehber, seyahat sigortas\u0131 dahil) 699 euro\u2019ya d\u00fc\u015ft\u00fc\u011f\u00fcn\u00fc belirtti.<\/p>\n","protected":false},"excerpt":{"rendered":"<p>\u0130STANBUL\u2019DAN \u00d6ZBEK\u0130STAN\u2019A 2020 YILININ MART AYINDAN \u0130T\u0130BAREN TAR\u0130FEL\u0130 U\u00c7U\u015eLARINI BA\u015eLATACAK OLAN ATLASGLOBAL HAVA YOLLARI, \u0130LK TUR\u0130ST\u0130K CHARTER U\u00c7U\u015eUNU BUHARA\u2019YA GER\u00c7EKLE\u015eT\u0130RD\u0130.<\/p>\n","protected":false},"author":1,"featured_media":225109,"comment_status":"closed","ping_status":"open","sticky":false,"template":"","format":"standard","meta":{"jetpack_post_was_ever_published":false,"_jetpack_newsletter_access":"","_jetpack_dont_email_post_to_subs":false,"_jetpack_newsletter_tier_id":0,"_jetpack_memberships_contains_paywalled_content":false,"_jetpack_memberships_contains_paid_content":false,"footnotes":"","jetpack_publicize_message":"","jetpack_publicize_feature_enabled":true,"jetpack_social_post_already_shared":true,"jetpack_social_options":{"image_generator_settings":{"template":"highway","default_image_id":0,"font":"","enabled":false},"version":2}},"categories":[1],"tags":[34196,56837,41022,2990,37,1922,21077,25710],"class_list":["post-225108","post","type-post","status-publish","format-standard","has-post-thumbnail","hentry","category-genel","tag-atlasglobal","tag-buharaya","tag-charter","tag-gerceklestirdi","tag-ilk","tag-istanbuldan","tag-turistik","tag-ucusunu"],"jetpack_publicize_connections":[],"jetpack_featured_media_url":"https:\/\/i0.wp.com\/www.tvturk.com\/wp-content\/uploads\/2019\/11\/atlasglobal-istanbuldan-buharaya-ilk-turistik-charter-ucusunu-gerceklestirdi_6f5f9aa.jpg?fit=1000%2C666","jetpack_sharing_enabled":true,"jetpack_shortlink":"https:\/\/wp.me\/paKIfm-WyM","_links":{"self":[{"href":"http:\/\/www.tvturk.com\/index.php\/wp-json\/wp\/v2\/posts\/225108","targetHints":{"allow":["GET"]}}],"collection":[{"href":"http:\/\/www.tvturk.com\/index.php\/wp-json\/wp\/v2\/posts"}],"about":[{"href":"http:\/\/www.tvturk.com\/index.php\/wp-json\/wp\/v2\/types\/post"}],"author":[{"embeddable":true,"href":"http:\/\/www.tvturk.com\/index.php\/wp-json\/wp\/v2\/users\/1"}],"replies":[{"embeddable":true,"href":"http:\/\/www.tvturk.com\/index.php\/wp-json\/wp\/v2\/comments?post=225108"}],"version-history":[{"count":0,"href":"http:\/\/www.tvturk.com\/index.php\/wp-json\/wp\/v2\/posts\/225108\/revisions"}],"wp:featuredmedia":[{"embeddable":true,"href":"http:\/\/www.tvturk.com\/index.php\/wp-json\/wp\/v2\/media\/225109"}],"wp:attachment":[{"href":"http:\/\/www.tvturk.com\/index.php\/wp-json\/wp\/v2\/media?parent=225108"}],"wp:term":[{"taxonomy":"category","embeddable":true,"href":"http:\/\/www.tvturk.com\/index.php\/wp-json\/wp\/v2\/categories?post=225108"},{"taxonomy":"post_tag","embeddable":true,"href":"http:\/\/www.tvturk.com\/index.php\/wp-json\/wp\/v2\/tags?post=225108"}],"curies":[{"name":"wp","href":"https:\/\/api.w.org\/{rel}","templated":true}]}}