{"id":225148,"date":"2019-11-07T14:32:27","date_gmt":"2019-11-07T11:32:27","guid":{"rendered":"http:\/\/www.tvturk.com\/index.php\/koksal-toptan-rusveti-veren-olmazsa-alan-da-olmaz\/"},"modified":"2019-11-07T14:32:27","modified_gmt":"2019-11-07T11:32:27","slug":"koksal-toptan-rusveti-veren-olmazsa-alan-da-olmaz","status":"publish","type":"post","link":"http:\/\/www.tvturk.com\/index.php\/koksal-toptan-rusveti-veren-olmazsa-alan-da-olmaz\/","title":{"rendered":"K\u00f6ksal Toptan: \u201cR\u00fc\u015fveti veren olmazsa alan da olmaz\u201d"},"content":{"rendered":"<p>Kamu G\u00f6revlileri Etik Kurulu Ba\u015fkan\u0131 K\u00f6ksal Toptan, g\u00f6revli kamu personelinin iyi e\u011fitilmesi gerekti\u011fini belirterek &#8220;Deyim kaba ama kusura bakmay\u0131n, r\u00fc\u015fveti veren olmazsa alan da olmaz. O zaman i\u015f yapmaz, yasal i\u015f yapm\u0131yorsan yapmaz inanmak gerekir. \u00c7ocukluktan en y\u00fcksek kademesine kadar kamuda bulunan b\u00fct\u00fcn ki\u015filerin buna inanmas\u0131 laz\u0131m\u201d dedi.<\/p>\n<p>Yerel Y\u00f6netimlerde Se\u00e7ilmi\u015f ve Atanm\u0131\u015f Kamu G\u00f6revlilerinin Etik Fark\u0131ndal\u0131\u011f\u0131n\u0131n Art\u0131r\u0131lmas\u0131 \u0130\u00e7in Teknik Destek Projesi\u2019nin ikinci toplant\u0131s\u0131 Trabzon\u2019da bir otelde yap\u0131ld\u0131. T\u00fcrkiye ve Avrupa Birli\u011fi taraf\u0131ndan finanse edilen projenin a\u00e7\u0131l\u0131\u015f\u0131na Kamu G\u00f6revlileri Etik Kurulu Ba\u015fkan\u0131 K\u00f6ksal Toptan\u2019\u0131n yan\u0131 s\u0131ra Trabzon Valisi \u0130smail Ustao\u011flu, kaymakamlar, il\u00e7e belediye ba\u015fkanlar\u0131 ve daire amirleri kat\u0131ld\u0131.<\/p>\n<p>A\u00e7\u0131l\u0131\u015fta bir konu\u015fma yapan Kamu G\u00f6revlileri Etik Kurulu Ba\u015fkan\u0131 K\u00f6ksal Toptan, kurulun g\u00f6revlerine ili\u015fkin vatanda\u015flara soru soruldu\u011funu belirterek, \u201cBu kurulun amac\u0131 iki \u00f6nemli i\u015fte \u00f6zetlenebilir. Birincisi, kamuda belli g\u00f6revlerde ve \u00fcst\u00fcnde bulunan ki\u015filerin etik d\u0131\u015f\u0131 iddialar\u0131n\u0131 incelemek ve etik ihlali vard\u0131r veya yoktur diye bir karar vermek. \u0130kincisi bana sorarsan\u0131z bundan daha \u00f6nemli olan\u0131 \u00fclkede etik davran\u0131\u015flar\u0131n\u0131n ve k\u00fclt\u00fcr\u00fcn\u00fcn ivme kazand\u0131r\u0131lmas\u0131n\u0131 sa\u011flamak ve bunu \u00f6zellikle yeni yeti\u015fen \u00e7ocuklar\u0131m\u0131za, gen\u00e7lerimize anlatmak. Asl\u0131nda bizim bildiklerimizi \u015fimdi Avrupa bize \u00f6\u011fretiyor. Bundan \u00fcz\u00fcnt\u00fc duymak gerekir. Kurulun g\u00f6revlerine ili\u015fkin vatanda\u015fa soru sorduk. Kat\u0131l\u0131mc\u0131lar\u0131n y\u00fczde 55\u2019i, ben bu ismi hi\u00e7 duymad\u0131m diyor. Duydum diyenlerin y\u00fczde 80\u2019i \u00e7al\u0131\u015fmalardan habersiz, y\u00fczde 95\u2019i kurula ba\u015fvuru \u015fartlar\u0131n\u0131 bilmiyor. Ara\u015ft\u0131rmalardan, vatanda\u015f\u0131n y\u00fczde 45\u2019e yak\u0131n\u0131n\u0131n etik d\u0131\u015f\u0131 davran\u0131\u015flar\u0131n \u00f6nlenebilece\u011fine inand\u0131\u011f\u0131 sonucu \u00e7\u0131kt\u0131. Bu bizim i\u00e7in \u00e7ok \u00f6nemli bir veri. B\u00f6yle bir inanc\u0131n olmas\u0131, etik konusunda \u00f6n\u00fcm\u00fczdeki s\u00fcre\u00e7te \u00e7ok mesafe almam\u0131z\u0131 m\u00fcmk\u00fcn k\u0131lmaktad\u0131r. Bu bak\u0131mdan di\u011fer g\u00f6stergeler ne kadar olumsuz olursa olsun, sadece bu veri bizi heyecanland\u0131rmakta ve \u00fcmitlendirmektedir\u201d dedi.<\/p>\n<p>\u201cBelediye ba\u015fkanlar\u0131 yak\u0131nlar\u0131n\u0131, e\u015fini, dostunu, o\u011flunu i\u015fe als\u0131n m\u0131 sorusuna&#8230;\u201d<\/p>\n<p>45 bin ki\u015fiye e\u011fitim verildi\u011fini dile getiren Toptan, \u201cArkada\u015flar\u0131m\u0131zla birlikte yo\u011fun bir mesai i\u00e7erisinde \u00e7al\u0131\u015f\u0131yoruz, gayret ediyoruz. Arkada\u015flar\u0131m\u0131z \u015fu ana kadar 341 kamu g\u00f6revlisini e\u011fitici olarak yeti\u015ftirdi. Toplamda bakt\u0131\u011f\u0131m\u0131z zaman son y\u0131llarda say\u0131 olduk\u00e7a artt\u0131, 45 bin ki\u015fiye e\u011fitim vermi\u015fiz ama demek ki 45 bin ki\u015fi toplam kamu g\u00f6revlileri i\u00e7erisinde \u00e7ok b\u00fcy\u00fck bir \u015fey ifade etmiyor, o nedenle e\u011fitim faaliyetlerine devam etmemiz ve mutlaka Milli E\u011fitimle de i\u015fbirli\u011fi yapmak suretiyle gen\u00e7lerimizin, \u00e7ocuklar\u0131m\u0131z\u0131n bu k\u00fclt\u00fcrle tan\u0131\u015fmas\u0131n\u0131 sa\u011flamamam\u0131z laz\u0131m. Ara\u015ft\u0131rmalar s\u0131ras\u0131nda vatanda\u015fa, belediye ba\u015fkanlar\u0131 y\u00fczlerce d\u00fc\u011f\u00fcne gidiyor ve hediye g\u00f6t\u00fcrmek laz\u0131m. Bizim klasik hediyemiz de geleneksel olarak yar\u0131m alt\u0131n, \u00e7eyrek alt\u0131nd\u0131r, fakat o kadar pahal\u0131 hale geldi ki \u00e7eyrek alt\u0131n da yar\u0131m alt\u0131n da bunu acaba belediye b\u00fct\u00e7esinden versek olur mu diye soruldu. Kat\u0131l\u0131mc\u0131lardan \u2018y\u00fczde 92\u2019si hay\u0131r cevab\u0131n\u0131 verdi. \u2019Belediye ba\u015fkanlar\u0131 yak\u0131nlar\u0131n\u0131, e\u015fini, dostunu, o\u011flunu i\u015fe als\u0131n m\u0131 sorusuna da \u2018y\u00fczde 95\u2019i almas\u0131n\u2019 yan\u0131t\u0131n\u0131 verdi. Belediyeler denetlenir mi, valiler belediyeleri iyi denetliyor mu sorusuna \u2018y\u00fczde 90\u2019 denetlemiyor cevab\u0131n\u0131 verdi. Vatanda\u015flar\u0131m\u0131z merkezi y\u00f6netim Ankara\u2019dan denetliyor mu sorusuna \u2018y\u00fczde 85\u2019 hay\u0131r dedi. San\u0131rs\u0131n\u0131z ki Trabzon\u2019un Ortahisar\u2019\u0131n da ayr\u0131 bir devlet var, Ankara\u2019da ayr\u0131 bir devlet var \u00f6yle de\u011fil mi? Ama ne var, alg\u0131 var. Bu alg\u0131y\u0131 k\u0131rmak \u00f6zellikle belediye ba\u015fkan\u0131 arkada\u015flar\u0131m\u0131z\u0131n temel i\u015flerinden, g\u00f6revlerinden biri olmal\u0131. Almanya\u2019da Berlin Belediyesi\u2019ndeki uygulamalar\u0131 inceledik. Bize bilgi veren Berlin Belediyesi\u2019nden sorumlu ba\u015fsavc\u0131ya, \u2019bu kadar s\u0131k\u0131 tutuyorsunuz, sizde yolsuzluk olmaz\u2019 dedik, \u2019olmaz olur mu, bende 150 tane dosya var\u2019 dedi. \u0130nsan ve menfaat unsurunun oldu\u011fu her yerde demek ki bu olabiliyor. Bize d\u00fc\u015fen, geleneklerimizin bizim omuzumuza y\u00fckledi\u011fi sorumluluk duygusu i\u00e7erisinde bunu minimize etmek, asgari d\u00fczeye indirmektir. Biz bunun i\u00e7in buraday\u0131z, in\u015fallah T\u00fcrkiye\u2019nin tamam\u0131n\u0131 gezme imkan\u0131 bulaca\u011f\u0131z\u201d diye konu\u015ftu.<\/p>\n<p>\u201cR\u00fc\u015fveti veren olmazsa alan da olmaz\u201d<\/p>\n<p>Konu\u015fmas\u0131n\u0131n ard\u0131ndan gazetecilerle bir araya gelen Kamu G\u00f6revlileri Etik Kurulu Ba\u015fkan\u0131 K\u00f6ksal Toptan, yerel y\u00f6netimlerin en \u00e7ok tart\u0131\u015f\u0131lan, \u00fczerinde en \u00e7ok durulan ve olumsuz alg\u0131lar\u0131n en \u00e7ok yer ald\u0131\u011f\u0131 bir alan oldu\u011funu vurgulayarak, \u201cYerel Y\u00f6netimlerde Etik Fark\u0131ndal\u0131k Projesi\u2019nde ba\u015far\u0131l\u0131 olaca\u011f\u0131m\u0131za inan\u0131yoruz \u00e7\u00fcnk\u00fc \u00fczerinde durdu\u011fumuz, T\u00fcrkiye\u2019ye yerle\u015fsin diye u\u011fruna \u00e7aba sarf etti\u011fimiz konu asl\u0131nda gelece\u011fimizi de ilgilendiren, as\u0131rlar s\u00fcrecek bir b\u00fcy\u00fck hedef ve o hedefe varma projesi. Burada bas\u0131n mensubu arkada\u015flar\u0131m\u0131z\u0131n \u00e7ok b\u00fcy\u00fck katk\u0131s\u0131 olabilir d\u00fc\u015f\u00fcncesindeyim \u00e7\u00fcnk\u00fc biraz evvel yapt\u0131\u011f\u0131m\u0131z ara\u015ft\u0131rmalardan ald\u0131\u011f\u0131m\u0131z sonu\u00e7larda \u00e7\u0131kt\u0131\u011f\u0131 gibi, vatanda\u015f\u0131n b\u00fcy\u00fck bir \u00e7o\u011funlu\u011fu b\u00f6yle bir kuruldan da kurulun yapt\u0131klar\u0131ndan da habersiz. Kurul daha \u00f6nce de ba\u015far\u0131l\u0131 projeler uygulad\u0131, mesela bundan 10 sene evvel tapuda bir i\u015flem yapt\u0131rmak i\u00e7in oraya gidip, al\u0131\u015f\u0131lagelmi\u015f bah\u015fi\u015fi oradaki bir tapu memuruna vermemek d\u00fc\u015f\u00fcn\u00fclemezdi. \u015eimdi y\u00fczde 100\u2019e yak\u0131n oranda ortadan kalkt\u0131 ve tapu idareleri daha da \u015feffafla\u015f\u0131yor, zannediyorum yak\u0131n zamanda evde bilgisayar\u0131n\u0131n ba\u015f\u0131na ge\u00e7ip tapu i\u015flemlerini yapt\u0131rma imkan\u0131 bulacak vatanda\u015f. \u0130kinci ba\u015far\u0131l\u0131 oldu\u011fumuz alan g\u00fcmr\u00fckler. G\u00fcmr\u00fcklerde de ola\u011fan hale gelmi\u015f ge\u00e7erken 3-5 kuru\u015f deyim yerindeyse vermek ama bu da yok art\u0131k. Burada iki tarafl\u0131 d\u00fc\u015f\u00fcnmek laz\u0131m bir g\u00f6revli kamu personelinin iyi e\u011fitilmesi laz\u0131m, iki bana sorarsan\u0131z ondan daha \u00f6nemlisi vatanda\u015f\u0131n ne hakk\u0131n var veya hakk\u0131m\u0131 ver deme bilincine ula\u015fmas\u0131 gerekiyor. Deyim kaba ama kusura bakmay\u0131n, r\u00fc\u015fveti veren olmazsa alan da olmaz. O zaman i\u015f yapmaz, yasal i\u015f yapm\u0131yorsan yapmaz inanmak gerekir. \u00c7ocukluktan en y\u00fcksek kademesine kadar kamuda bulunan b\u00fct\u00fcn ki\u015filerin buna inanmas\u0131 laz\u0131m. Demek ki yapabiliyoruz, demek ki becerebiliyoruz. Yerel y\u00f6netimler bizim en \u00e7ok tart\u0131\u015ft\u0131\u011f\u0131m\u0131z, \u00fczerinde en \u00e7ok durdu\u011fumuz, olumsuz alg\u0131lar\u0131n en \u00e7ok yer ald\u0131\u011f\u0131 bir alan. Bu projeyi ba\u015far\u0131l\u0131 k\u0131labilirsek T\u00fcrkiye\u2019nin \u00f6nemli bir imaj de\u011fi\u015fikli\u011fine hep beraber imza atm\u0131\u015f olabiliriz diye d\u00fc\u015f\u00fcnmekteyim\u201d ifadelerini kulland\u0131.<\/p>\n","protected":false},"excerpt":{"rendered":"<p>YEREL Y\u00d6NET\u0130MLERDE SE\u00c7\u0130LM\u0130\u015e VE ATANMI\u015e KAMU G\u00d6REVL\u0130LER\u0130N\u0130N ET\u0130K FARKINDALI\u011eININ ARTIRILMASI \u0130\u00c7\u0130N TEKN\u0130K DESTEK PROJES\u0130\u2019N\u0130N \u0130K\u0130NC\u0130 TOPLANTISI TRABZON&#8217;DA B\u0130R OTELDE YAPILDI.<\/p>\n","protected":false},"author":1,"featured_media":225149,"comment_status":"closed","ping_status":"open","sticky":false,"template":"","format":"standard","meta":{"jetpack_post_was_ever_published":false,"_jetpack_newsletter_access":"","_jetpack_dont_email_post_to_subs":false,"_jetpack_newsletter_tier_id":0,"_jetpack_memberships_contains_paywalled_content":false,"_jetpack_memberships_contains_paid_content":false,"footnotes":"","jetpack_publicize_message":"","jetpack_publicize_feature_enabled":true,"jetpack_social_post_already_shared":true,"jetpack_social_options":{"image_generator_settings":{"template":"highway","default_image_id":0,"font":"","enabled":false},"version":2}},"categories":[1],"tags":[56846,1802,22785,12753,5087,33974,5726],"class_list":["post-225148","post","type-post","status-publish","format-standard","has-post-thumbnail","hentry","category-genel","tag-rusveti","tag-alan","tag-koksal","tag-olmaz","tag-olmazsa","tag-toptan","tag-veren"],"jetpack_publicize_connections":[],"jetpack_featured_media_url":"https:\/\/i0.wp.com\/www.tvturk.com\/wp-content\/uploads\/2019\/11\/koksal-toptan-rusveti-veren-olmazsa-alan-da-olmaz_7f84fff.jpg?fit=1000%2C581","jetpack_sharing_enabled":true,"jetpack_shortlink":"https:\/\/wp.me\/paKIfm-Wzq","_links":{"self":[{"href":"http:\/\/www.tvturk.com\/index.php\/wp-json\/wp\/v2\/posts\/225148","targetHints":{"allow":["GET"]}}],"collection":[{"href":"http:\/\/www.tvturk.com\/index.php\/wp-json\/wp\/v2\/posts"}],"about":[{"href":"http:\/\/www.tvturk.com\/index.php\/wp-json\/wp\/v2\/types\/post"}],"author":[{"embeddable":true,"href":"http:\/\/www.tvturk.com\/index.php\/wp-json\/wp\/v2\/users\/1"}],"replies":[{"embeddable":true,"href":"http:\/\/www.tvturk.com\/index.php\/wp-json\/wp\/v2\/comments?post=225148"}],"version-history":[{"count":0,"href":"http:\/\/www.tvturk.com\/index.php\/wp-json\/wp\/v2\/posts\/225148\/revisions"}],"wp:featuredmedia":[{"embeddable":true,"href":"http:\/\/www.tvturk.com\/index.php\/wp-json\/wp\/v2\/media\/225149"}],"wp:attachment":[{"href":"http:\/\/www.tvturk.com\/index.php\/wp-json\/wp\/v2\/media?parent=225148"}],"wp:term":[{"taxonomy":"category","embeddable":true,"href":"http:\/\/www.tvturk.com\/index.php\/wp-json\/wp\/v2\/categories?post=225148"},{"taxonomy":"post_tag","embeddable":true,"href":"http:\/\/www.tvturk.com\/index.php\/wp-json\/wp\/v2\/tags?post=225148"}],"curies":[{"name":"wp","href":"https:\/\/api.w.org\/{rel}","templated":true}]}}