{"id":225250,"date":"2019-11-07T18:02:36","date_gmt":"2019-11-07T15:02:36","guid":{"rendered":"http:\/\/www.tvturk.com\/index.php\/karsiyakada-secim-oncesi-temeli-atilan-spor-parki-simdi-moloz-yigini\/"},"modified":"2019-11-07T18:02:36","modified_gmt":"2019-11-07T15:02:36","slug":"karsiyakada-secim-oncesi-temeli-atilan-spor-parki-simdi-moloz-yigini","status":"publish","type":"post","link":"http:\/\/www.tvturk.com\/index.php\/karsiyakada-secim-oncesi-temeli-atilan-spor-parki-simdi-moloz-yigini\/","title":{"rendered":"Kar\u015f\u0131yaka\u2019da se\u00e7im \u00f6ncesi temeli at\u0131lan spor park\u0131 \u015fimdi moloz y\u0131\u011f\u0131n\u0131"},"content":{"rendered":"<p>\u0130zmir\u2019in Kar\u015f\u0131yaka il\u00e7esinde, T\u00fcrk atletizminin \u00f6nemli isimlerinden \u2018R\u00fczgar\u0131n K\u0131z\u0131\u2019 olarak bilinen Semra Aksu\u2019nun ad\u0131n\u0131 ta\u015f\u0131yacak park\u0131n temelinin aylar \u00f6nce at\u0131lmas\u0131na ra\u011fmen alana tek bir \u00e7ivi bile \u00e7ak\u0131lmad\u0131. Park arazisi, adeta molozlara teslim olurken, park tabelas\u0131 da s\u00f6k\u00fcld\u00fc.<\/p>\n<p>Kar\u015f\u0131yaka\u2019da, 15 d\u00f6n\u00fcm arazi \u00fczerine yap\u0131lmas\u0131 planlanan T\u00fcrk atletizminin \u00f6nemli isimlerinden &#8220;R\u00fczgar\u0131n K\u0131z\u0131&#8221; lakapl\u0131 Semra Aksu\u2019nun ad\u0131n\u0131 ta\u015f\u0131yacak Semra Aksu Gen\u00e7lik ve Spor Park\u0131\u2019n\u0131n temeli, Kar\u015f\u0131yaka Belediyesi taraf\u0131ndan 13 Mart 2019\u2019da at\u0131lm\u0131\u015ft\u0131. Park\u0131n temel atma t\u00f6reninin \u00fczerinden aylar ge\u00e7ti; ancak b\u00f6lgede herhangi bir geli\u015fme ya\u015fanmad\u0131. A\u00e7\u0131l\u0131\u015f s\u00f6z\u00fcn\u00fcn 19 May\u0131s 2019\u2019a verildi\u011fi bildirirken, verilen bu s\u00f6z de tutulmad\u0131. Tek bir \u00e7ivinin bile \u00e7ak\u0131lmad\u0131\u011f\u0131 b\u00f6lge adeta molozlara teslim oldu.<\/p>\n<p>&#8220;Hem tabelas\u0131 s\u00f6k\u00fcld\u00fc hem de park\u0131n alan\u0131 moloz \u00e7\u00f6pl\u00fc\u011f\u00fcne d\u00f6nd\u00fc&#8221;<\/p>\n<p>Konuyla ilgili a\u00e7\u0131klama yapan AK Parti Kar\u015f\u0131yaka Belediyesi Meclis \u00dcyesi Ahmet U\u011fur Baran, Kar\u015f\u0131yaka Belediyesini ele\u015ftirdi. Baran, &#8220;13 Mart 2019\u2019da Kar\u015f\u0131yaka Belediyesinin bir \u00f6nceki d\u00f6nem ba\u015fkan\u0131 H\u00fcseyin Mutlu Akp\u0131nar ve CHP Genel Ba\u015fkan Yard\u0131mc\u0131s\u0131 Y\u0131ld\u0131r\u0131m Kaya, yap\u0131lmas\u0131 planlanan R\u00fczgar\u0131n K\u0131z\u0131 Semra Aksu Gen\u00e7lik ve Spor Park\u0131\u2019n\u0131n temel atma t\u00f6renini ger\u00e7ekle\u015ftirdiler. Bu park\u0131n \u015fu anda hem tabelas\u0131 s\u00f6k\u00fcld\u00fc hem de park\u0131n alan\u0131 moloz \u00e7\u00f6pl\u00fc\u011f\u00fcne d\u00f6nd\u00fc. Buraya bu park\u0131n yap\u0131lmayaca\u011f\u0131n\u0131 anlam\u0131\u015f olduk. Y\u0131ld\u0131r\u0131m Kaya, bu park\u0131n 19 May\u0131s 2019\u2019da a\u00e7\u0131l\u0131\u015f\u0131 i\u00e7in s\u00f6z vermi\u015fti. Bu s\u00f6z\u00fcn yerine getirilmemesinden CHP\u2019nin Kar\u015f\u0131yaka\u2019y\u0131 sadece bir oy deposu olarak g\u00f6rd\u00fc\u011f\u00fcn\u00fc anl\u0131yoruz. Esas trajikomik olan da \u015fu; CHP Genel Merkezi daha kendi belediyesine sirayet edemezken \u00fclke y\u00f6netimine talip olmas\u0131. Burada Kar\u015f\u0131yaka halk\u0131n\u0131n akl\u0131yla dalga ge\u00e7iyorlar. Kar\u015f\u0131yaka hi\u00e7 kimsenin oyun park\u0131 de\u011fil. O y\u00fczden biz verilen b\u00fct\u00fcn s\u00f6zlerin takip\u00e7isiyiz&#8221; dedi.<\/p>\n<p>R\u00fczgar\u0131n K\u0131z\u0131 Semra Aksu Gen\u00e7lik ve Spor Park\u0131\u2019na 7 bin 400 metrekare atletizm alan\u0131n\u0131n yan\u0131 s\u0131ra yeti\u015fkin ve \u00e7ocuk fitness alanlar\u0131 yap\u0131lmas\u0131 planlan\u0131yordu.<\/p>\n","protected":false},"excerpt":{"rendered":"<p>PARK ARAZ\u0130S\u0130, ADETA MOLOZLARA TESL\u0130M OLURKEN, PARK TABELASI DA S\u00d6K\u00dcLD\u00dc.<\/p>\n","protected":false},"author":1,"featured_media":225251,"comment_status":"closed","ping_status":"open","sticky":false,"template":"","format":"standard","meta":{"jetpack_post_was_ever_published":false,"_jetpack_newsletter_access":"","_jetpack_dont_email_post_to_subs":false,"_jetpack_newsletter_tier_id":0,"_jetpack_memberships_contains_paywalled_content":false,"_jetpack_memberships_contains_paid_content":false,"footnotes":"","jetpack_publicize_message":"","jetpack_publicize_feature_enabled":true,"jetpack_social_post_already_shared":true,"jetpack_social_options":{"image_generator_settings":{"template":"highway","default_image_id":0,"font":"","enabled":false},"version":2}},"categories":[1],"tags":[8028,8186,21513,5360,9759,402,1534,1619,5300,56875],"class_list":["post-225250","post","type-post","status-publish","format-standard","has-post-thumbnail","hentry","category-genel","tag-atilan","tag-karsiyakada","tag-moloz","tag-oncesi","tag-parki","tag-secim","tag-simdi","tag-spor","tag-temeli","tag-yigini"],"jetpack_publicize_connections":[],"jetpack_featured_media_url":"https:\/\/i0.wp.com\/www.tvturk.com\/wp-content\/uploads\/2019\/11\/karsiyakada-secim-oncesi-temeli-atilan-spor-parki-simdi-moloz-yigini_a612dec.jpg?fit=1000%2C664","jetpack_sharing_enabled":true,"jetpack_shortlink":"https:\/\/wp.me\/paKIfm-WB4","_links":{"self":[{"href":"http:\/\/www.tvturk.com\/index.php\/wp-json\/wp\/v2\/posts\/225250","targetHints":{"allow":["GET"]}}],"collection":[{"href":"http:\/\/www.tvturk.com\/index.php\/wp-json\/wp\/v2\/posts"}],"about":[{"href":"http:\/\/www.tvturk.com\/index.php\/wp-json\/wp\/v2\/types\/post"}],"author":[{"embeddable":true,"href":"http:\/\/www.tvturk.com\/index.php\/wp-json\/wp\/v2\/users\/1"}],"replies":[{"embeddable":true,"href":"http:\/\/www.tvturk.com\/index.php\/wp-json\/wp\/v2\/comments?post=225250"}],"version-history":[{"count":0,"href":"http:\/\/www.tvturk.com\/index.php\/wp-json\/wp\/v2\/posts\/225250\/revisions"}],"wp:featuredmedia":[{"embeddable":true,"href":"http:\/\/www.tvturk.com\/index.php\/wp-json\/wp\/v2\/media\/225251"}],"wp:attachment":[{"href":"http:\/\/www.tvturk.com\/index.php\/wp-json\/wp\/v2\/media?parent=225250"}],"wp:term":[{"taxonomy":"category","embeddable":true,"href":"http:\/\/www.tvturk.com\/index.php\/wp-json\/wp\/v2\/categories?post=225250"},{"taxonomy":"post_tag","embeddable":true,"href":"http:\/\/www.tvturk.com\/index.php\/wp-json\/wp\/v2\/tags?post=225250"}],"curies":[{"name":"wp","href":"https:\/\/api.w.org\/{rel}","templated":true}]}}