{"id":225351,"date":"2019-11-08T09:46:40","date_gmt":"2019-11-08T06:46:40","guid":{"rendered":"http:\/\/www.tvturk.com\/index.php\/ozel-e-5te-ilginc-goruntu-gorenler-donup-bir-daha-bakti\/"},"modified":"2019-11-08T09:46:40","modified_gmt":"2019-11-08T06:46:40","slug":"ozel-e-5te-ilginc-goruntu-gorenler-donup-bir-daha-bakti","status":"publish","type":"post","link":"http:\/\/www.tvturk.com\/index.php\/ozel-e-5te-ilginc-goruntu-gorenler-donup-bir-daha-bakti\/","title":{"rendered":"(\u00d6zel) E-5\u2019te ilgin\u00e7 g\u00f6r\u00fcnt\u00fc, g\u00f6renler d\u00f6n\u00fcp bir daha bakt\u0131"},"content":{"rendered":"<p>E-5 karayolunda seyir halinde olan bir ara\u00e7 \u00fczerinde bulunan beyaz g\u00fcvercini g\u00f6ren vatanda\u015flar \u015fa\u015fk\u0131nl\u0131klar\u0131n\u0131 gizleyemedi. G\u00f6renlerin d\u00f6n\u00fcp bir daha bakt\u0131\u011f\u0131 g\u00fcvercin bir s\u00fcre ara\u00e7 \u00fczerinde durduktan sonra u\u00e7arak g\u00f6zden kayboldu.<\/p>\n<p>\u015eirinevler E-5 karayolu \u00fczerinde kameralara yans\u0131yan g\u00f6r\u00fcnt\u00fclerde beyaz bir ara\u00e7 \u00fczerinde bulunan beyaz g\u00fcvercin ilgin\u00e7 g\u00f6r\u00fcnt\u00fclere sahne oldu. Topkap\u0131 istikametinde seyir halindeki bir arac\u0131n \u00fczerine beyaz bir g\u00fcvercin kondu. Bir s\u00fcre ara\u00e7 \u00fczerinde hareketsiz \u015fekilde duran g\u00fcvercini g\u00f6ren di\u011fer s\u00fcr\u00fcc\u00fcler ise b\u00fcy\u00fck \u015fa\u015fk\u0131nl\u0131k ya\u015fad\u0131. S\u00fcr\u00fcc\u00fcs\u00fcn\u00fcn fark\u0131nda bile olmad\u0131\u011f\u0131 ara\u00e7 \u00fczerinde duran beyaz g\u00fcvercin daha sonra u\u00e7arak g\u00f6zden kayboldu.<\/p>\n<p>G\u00f6renlerin d\u00f6n\u00fcp bir daha bakt\u0131\u011f\u0131 o anlar bir vatanda\u015f taraf\u0131ndan cep telefonuyla kaydedildi.<\/p>\n","protected":false},"excerpt":{"rendered":"<p>E-5 KARAYOLUNDA SEY\u0130R HAL\u0130NDE OLAN B\u0130R ARA\u00c7 \u00dcZER\u0130NDE BULUNAN BEYAZ G\u00dcVERC\u0130N\u0130 G\u00d6REN VATANDA\u015eLAR \u015eA\u015eKINLIKLARINI G\u0130ZLEYEMED\u0130. G\u00d6RENLER\u0130N D\u00d6N\u00dcP B\u0130R DAHA BAKTI\u011eI G\u00dcVERC\u0130N B\u0130R S\u00dcRE ARA\u00c7 \u00dcZER\u0130NDE DURDUKTAN SONRA U\u00c7ARAK G\u00d6ZDEN KAYBOLDU.<\/p>\n","protected":false},"author":1,"featured_media":225352,"comment_status":"closed","ping_status":"open","sticky":false,"template":"","format":"standard","meta":{"jetpack_post_was_ever_published":false,"_jetpack_newsletter_access":"","_jetpack_dont_email_post_to_subs":false,"_jetpack_newsletter_tier_id":0,"_jetpack_memberships_contains_paywalled_content":false,"_jetpack_memberships_contains_paid_content":false,"footnotes":"","jetpack_publicize_message":"","jetpack_publicize_feature_enabled":true,"jetpack_social_post_already_shared":true,"jetpack_social_options":{"image_generator_settings":{"template":"highway","default_image_id":0,"font":"","enabled":false},"version":2}},"categories":[1],"tags":[1073,6566,125,1018,5494,11499,8570,1080,585],"class_list":["post-225351","post","type-post","status-publish","format-standard","has-post-thumbnail","hentry","category-genel","tag-ozel","tag-bakti","tag-bir","tag-daha","tag-donup","tag-e-5te","tag-gorenler","tag-goruntu","tag-ilginc"],"jetpack_publicize_connections":[],"jetpack_featured_media_url":"https:\/\/i0.wp.com\/www.tvturk.com\/wp-content\/uploads\/2019\/11\/ozel-e-5te-ilginc-goruntu-gorenler-donup-bir-daha-bakti_3aed920.jpg?fit=1000%2C562","jetpack_sharing_enabled":true,"jetpack_shortlink":"https:\/\/wp.me\/paKIfm-WCH","_links":{"self":[{"href":"http:\/\/www.tvturk.com\/index.php\/wp-json\/wp\/v2\/posts\/225351","targetHints":{"allow":["GET"]}}],"collection":[{"href":"http:\/\/www.tvturk.com\/index.php\/wp-json\/wp\/v2\/posts"}],"about":[{"href":"http:\/\/www.tvturk.com\/index.php\/wp-json\/wp\/v2\/types\/post"}],"author":[{"embeddable":true,"href":"http:\/\/www.tvturk.com\/index.php\/wp-json\/wp\/v2\/users\/1"}],"replies":[{"embeddable":true,"href":"http:\/\/www.tvturk.com\/index.php\/wp-json\/wp\/v2\/comments?post=225351"}],"version-history":[{"count":0,"href":"http:\/\/www.tvturk.com\/index.php\/wp-json\/wp\/v2\/posts\/225351\/revisions"}],"wp:featuredmedia":[{"embeddable":true,"href":"http:\/\/www.tvturk.com\/index.php\/wp-json\/wp\/v2\/media\/225352"}],"wp:attachment":[{"href":"http:\/\/www.tvturk.com\/index.php\/wp-json\/wp\/v2\/media?parent=225351"}],"wp:term":[{"taxonomy":"category","embeddable":true,"href":"http:\/\/www.tvturk.com\/index.php\/wp-json\/wp\/v2\/categories?post=225351"},{"taxonomy":"post_tag","embeddable":true,"href":"http:\/\/www.tvturk.com\/index.php\/wp-json\/wp\/v2\/tags?post=225351"}],"curies":[{"name":"wp","href":"https:\/\/api.w.org\/{rel}","templated":true}]}}