{"id":225381,"date":"2019-11-08T10:17:26","date_gmt":"2019-11-08T07:17:26","guid":{"rendered":"http:\/\/www.tvturk.com\/index.php\/uluslararasi-koruyucu-tip-kongresinin-ilki-12-14-kasim-2019-tarihleri-arasinda-antalyada-gerceklestirilecek\/"},"modified":"2019-11-08T10:17:26","modified_gmt":"2019-11-08T07:17:26","slug":"uluslararasi-koruyucu-tip-kongresinin-ilki-12-14-kasim-2019-tarihleri-arasinda-antalyada-gerceklestirilecek","status":"publish","type":"post","link":"http:\/\/www.tvturk.com\/index.php\/uluslararasi-koruyucu-tip-kongresinin-ilki-12-14-kasim-2019-tarihleri-arasinda-antalyada-gerceklestirilecek\/","title":{"rendered":"Uluslararas\u0131 Koruyucu T\u0131p Kongresinin \u0130lki 12-14 Kas\u0131m 2019 tarihleri aras\u0131nda Antalya\u2019da ger\u00e7ekle\u015ftirilecek"},"content":{"rendered":"<p>Ulusal ve uluslararas\u0131 d\u00fczeylerde pek \u00e7ok sayg\u0131n bilimsel organizasyona imza atan F\u0131rat \u00dcniversitesi\u2019nin ba\u015far\u0131l\u0131 \u00f6\u011fretim \u00fcyesi Prof. Dr. Mehmet Yaman\u2019\u0131n ba\u015fkanl\u0131\u011f\u0131n\u0131 yapt\u0131\u011f\u0131 1. Uluslararas\u0131 Koruyucu T\u0131p Kongresi 12-14 Kas\u0131m 2019 tarihleri aras\u0131nda Antalya\u2019da ger\u00e7ekle\u015ftirilecek. \u0130lgili alanda \u00fclkemizde \u00f6nc\u00fc olabilecek bu organizasyona bilimsel camiadan yo\u011fun bir ilgi ve kat\u0131l\u0131m mevcut. Kongre s\u00fcresince koruyucu t\u0131p uygulamalar\u0131n\u0131 ele alan beslenme, hijyen ve g\u0131da g\u00fcvenli\u011fi, \u00e7evresel fakt\u00f6rler, erken tan\u0131 ve biyobelirte\u00e7ler, ya\u015fam stilleri, ila\u00e7 ve a\u015f\u0131lar, geleneksel tedaviler, t\u0131bbi bitkiler, bireysel t\u0131p ve t\u0131bbi jeoloji gibi temel ve pop\u00fcler konular kapsaml\u0131 bi\u00e7imde masaya yat\u0131r\u0131lacak.<\/p>\n<p>Bu organizasyon ile koruyucu t\u0131p alan\u0131nda ara\u015ft\u0131rma yapan d\u00fcnyan\u0131n farkl\u0131 b\u00f6lgelerindeki bilim insanlar\u0131n\u0131 bir araya getirerek verimli i\u015fbirliklerinin olu\u015fturulmas\u0131 ve bilgi payla\u015f\u0131m\u0131n\u0131 sa\u011flayacak bilimsel bir platformun olu\u015fturulmas\u0131 hedefleniyor.<\/p>\n<p>Kongre kapsam\u0131nda sunulacak bildirilerin bilimsel de\u011ferlendirmelerinde 10\u2019dan fazla \u00fclkeden ara\u015ft\u0131rmac\u0131n\u0131n yer ald\u0131\u011f\u0131 bilimsel komite olduk\u00e7a se\u00e7kin bilim insanlar\u0131n\u0131 i\u00e7ermektedir. Kongreye alan\u0131nda tan\u0131n\u0131rl\u0131\u011f\u0131 y\u00fcksek yerli ve yabanc\u0131 uzmanlar davetli konu\u015fmac\u0131 kat\u0131lacakt\u0131r. \u00dclkemizde genetik alan\u0131nda ba\u015far\u0131l\u0131 \u00e7al\u0131\u015fmalar\u0131 ile bilinen bilim insanlar\u0131 Prof. Dr. Fikrettin \u015eahin ve Prof. Dr. Hasan T\u00fcrkez\u2019in yan\u0131s\u0131ra Dr. Serdar Sava\u015f, Prof. Dr. Cengiz \u00c7avu\u015fo\u011flu, Prof. Dr. Fatma Akar, Prof. Dr. Erdem Ye\u015filada, Prof. Dr. F. Nil Erta\u015f, ve Prof. Dr. Sezgin Bak\u0131rdere ile konu\u015fmac\u0131 olarak programda yer al\u0131yor.<\/p>\n","protected":false},"excerpt":{"rendered":"<p>ULUSLARARASI KORUYUCU TIP KONGRES\u0130N\u0130N \u0130LK\u0130 12-14 KASIM 2019 TAR\u0130HLER\u0130 ARASINDA ANTALYA\u2019DA GER\u00c7EKLE\u015eT\u0130R\u0130LECEK<\/p>\n","protected":false},"author":1,"featured_media":225382,"comment_status":"closed","ping_status":"open","sticky":false,"template":"","format":"standard","meta":{"jetpack_post_was_ever_published":false,"_jetpack_newsletter_access":"","_jetpack_dont_email_post_to_subs":false,"_jetpack_newsletter_tier_id":0,"_jetpack_memberships_contains_paywalled_content":false,"_jetpack_memberships_contains_paid_content":false,"footnotes":"","jetpack_publicize_message":"","jetpack_publicize_feature_enabled":true,"jetpack_social_post_already_shared":true,"jetpack_social_options":{"image_generator_settings":{"template":"highway","default_image_id":0,"font":"","enabled":false},"version":2}},"categories":[1],"tags":[4839,2705,56906,1327,1882,33336,2481,40406,23010,4088,12546,4657],"class_list":["post-225381","post","type-post","status-publish","format-standard","has-post-thumbnail","hentry","category-genel","tag-uluslararasi","tag-2705","tag-12-14","tag-antalyada","tag-arasinda","tag-gerceklestirilecek","tag-ilki","tag-kasim","tag-kongresinin","tag-koruyucu","tag-tarihleri","tag-tip"],"jetpack_publicize_connections":[],"jetpack_featured_media_url":"https:\/\/i0.wp.com\/www.tvturk.com\/wp-content\/uploads\/2019\/11\/uluslararasi-koruyucu-tip-kongresinin-ilki-12-14-kasim-2019-tarihleri-arasinda-antalyada-gerceklestirilecek_479ae87.jpg?fit=300%2C200","jetpack_sharing_enabled":true,"jetpack_shortlink":"https:\/\/wp.me\/paKIfm-WDb","_links":{"self":[{"href":"http:\/\/www.tvturk.com\/index.php\/wp-json\/wp\/v2\/posts\/225381","targetHints":{"allow":["GET"]}}],"collection":[{"href":"http:\/\/www.tvturk.com\/index.php\/wp-json\/wp\/v2\/posts"}],"about":[{"href":"http:\/\/www.tvturk.com\/index.php\/wp-json\/wp\/v2\/types\/post"}],"author":[{"embeddable":true,"href":"http:\/\/www.tvturk.com\/index.php\/wp-json\/wp\/v2\/users\/1"}],"replies":[{"embeddable":true,"href":"http:\/\/www.tvturk.com\/index.php\/wp-json\/wp\/v2\/comments?post=225381"}],"version-history":[{"count":0,"href":"http:\/\/www.tvturk.com\/index.php\/wp-json\/wp\/v2\/posts\/225381\/revisions"}],"wp:featuredmedia":[{"embeddable":true,"href":"http:\/\/www.tvturk.com\/index.php\/wp-json\/wp\/v2\/media\/225382"}],"wp:attachment":[{"href":"http:\/\/www.tvturk.com\/index.php\/wp-json\/wp\/v2\/media?parent=225381"}],"wp:term":[{"taxonomy":"category","embeddable":true,"href":"http:\/\/www.tvturk.com\/index.php\/wp-json\/wp\/v2\/categories?post=225381"},{"taxonomy":"post_tag","embeddable":true,"href":"http:\/\/www.tvturk.com\/index.php\/wp-json\/wp\/v2\/tags?post=225381"}],"curies":[{"name":"wp","href":"https:\/\/api.w.org\/{rel}","templated":true}]}}