{"id":225601,"date":"2019-11-08T13:34:04","date_gmt":"2019-11-08T10:34:04","guid":{"rendered":"http:\/\/www.tvturk.com\/index.php\/milli-egitim-bakani-selcuk-aksarayda-otizmli-cocuklara-yonelik-gerceklestirilen-saldiriya-yonelik-aciklama-yapti\/"},"modified":"2019-11-08T13:34:04","modified_gmt":"2019-11-08T10:34:04","slug":"milli-egitim-bakani-selcuk-aksarayda-otizmli-cocuklara-yonelik-gerceklestirilen-saldiriya-yonelik-aciklama-yapti","status":"publish","type":"post","link":"http:\/\/www.tvturk.com\/index.php\/milli-egitim-bakani-selcuk-aksarayda-otizmli-cocuklara-yonelik-gerceklestirilen-saldiriya-yonelik-aciklama-yapti\/","title":{"rendered":"Milli E\u011fitim Bakan\u0131 Sel\u00e7uk, Aksaray\u2019da otizmli \u00e7ocuklara y\u00f6nelik ger\u00e7ekle\u015ftirilen sald\u0131r\u0131ya y\u00f6nelik a\u00e7\u0131klama yapt\u0131"},"content":{"rendered":"<p>Milli E\u011fitim Bakan\u0131 Ziya Sel\u00e7uk, \u201cB\u00fct\u00fcn ailelerimiz m\u00fcsterih olsunlar. Hi\u00e7bir \u00e7ocu\u011fumuzun e\u011fitim hakk\u0131ndan mahrum kalmas\u0131na ve ayr\u0131mc\u0131l\u0131\u011fa maruz kalmas\u0131na m\u00fcsaade etmeyiz. \u00c7\u00fcnk\u00fc bu insanl\u0131\u011f\u0131n temel vazifesi olarak \u00e7ok ayr\u0131 bir \u00f6nem ta\u015f\u0131yor\u201d dedi.<\/p>\n<p>Milli E\u011fitim Bakan\u0131 Ziya Sel\u00e7uk, T\u00fcrkiye Belediyeler Birli\u011fi (TBB) Hizmet Binas\u0131\u2019nda ger\u00e7ekle\u015ftirilen \u201cE\u011fitim ve Yerel Y\u00f6netimler\u201d \u00e7al\u0131\u015ftay\u0131na kat\u0131ld\u0131. \u00c7al\u0131\u015ftay kapsam\u0131nda a\u00e7\u0131l\u0131\u015f konu\u015fmalar\u0131n\u0131 ger\u00e7ekle\u015ftiren Bakan Sel\u00e7uk, Aksaray merkez Mehmet\u00e7ik \u0130lkokulu\u2019nda otizmli \u00e7ocuklar\u0131n e\u011fitim g\u00f6rd\u00fc\u011f\u00fc s\u0131n\u0131flara y\u00f6nelik protesto g\u00f6sterilerini de\u011ferlendirdi. Durumun takip\u00e7isi oldu\u011funu belirten Sel\u00e7uk, sergilenen davran\u0131\u015f\u0131n kabul edilemez oldu\u011funu vurgulad\u0131.<\/p>\n<p>Milli E\u011fitim Bakan\u0131 Ziya Sel\u00e7uk, kat\u0131ld\u0131\u011f\u0131 TBB &#8220;E\u011fitim ve Yerel Y\u00f6netimler&#8221; \u00e7al\u0131\u015ftay\u0131n\u0131n sonu\u00e7lar\u0131n\u0131n i\u015flevsel olaca\u011f\u0131n\u0131 aktard\u0131. Sel\u00e7uk, \u201cD\u00fcnyadaki y\u00f6netim sistemlerine bakt\u0131\u011f\u0131m\u0131zda yerel y\u00f6netimlerle e\u011fitim aras\u0131ndaki m\u00fcnasebetin do\u011frudan kuruldu\u011funu ve e\u011fitimin tek sorumlusunun yerel y\u00f6netimler oldu\u011funu g\u00f6r\u00fcyoruz. Bug\u00fcn bu sorumlulu\u011fu size b\u0131rakma konusunda temennimiz olmayacak hukuki alt yap\u0131 nedeniyle ama bu yolculu\u011fu birlikte y\u00fcr\u00fctt\u00fc\u011f\u00fcm\u00fcz\u00fcn fark\u0131nday\u0131z. Bu yolculukta sizinle olan temas\u0131m\u0131z\u0131n \u00f6n\u00fcm\u00fczdeki belediyeler yasas\u0131 haz\u0131rl\u0131\u011f\u0131n\u0131n oldu\u011fu s\u00fcre\u00e7te \u00e7ok daha \u00f6nemli oldu\u011funu vurgulamak isterim. Burada e\u011fitim meselemizi yerel y\u00f6netimlerle ili\u015fkilendirerek \u00e7al\u0131\u015ftay d\u00fczenliyor olmak son derece i\u015flevsel sonu\u00e7lara yol a\u00e7acak\u201d ifadelerini kulland\u0131.<\/p>\n<p>Milli E\u011fitim Bakan\u0131 Aksaray\u2019da otizmli \u00f6\u011frencilere y\u00f6nelik \u00e7irkin sald\u0131r\u0131n\u0131n \u00fczerine Milli E\u011fitim Bakanl\u0131\u011f\u0131\u2019n\u0131n konunun takip\u00e7isi oldu\u011funu vurgulayarak s\u00f6z konusu okuldaki y\u00f6neticinin soru\u015fturman\u0131n selameti a\u00e7\u0131s\u0131ndan a\u00e7\u0131\u011fa al\u0131nd\u0131\u011f\u0131n\u0131 belirtti. Sel\u00e7uk, \u201cAksaray\u2019daki hadise ve otizmli \u00e7ocuklar\u0131n e\u011fitimine dair birka\u00e7 k\u00fc\u00e7\u00fck notu aktarmak istiyorum. Okulun y\u00f6neticisi soru\u015fturman\u0131n selameti a\u00e7\u0131s\u0131ndan a\u00e7\u0131\u011fa al\u0131nd\u0131 ve soru\u015fturmayla ilgili \u00e7al\u0131\u015fmalar\u0131m\u0131z s\u00fcr\u00fcyor. Kamuoyunun g\u00fcndemine gelmeden, bas\u0131nda yer almadan tedbirleri alm\u0131\u015f ve giri\u015fimlerimizi ba\u015flatm\u0131\u015ft\u0131k. Okulla ilgili ve okul y\u00f6netimiyle ilgili yaz\u0131lar\u0131n bulundu\u011fu b\u00f6lgenin d\u00fczenlenmesiyle ilgili tedbirlerimizi alm\u0131\u015ft\u0131k. Konunun b\u00fct\u00fcn boyutlar\u0131yla a\u00e7\u0131\u011fa kavu\u015fabilmesi i\u00e7in Ankara\u2019dan bir m\u00fcfetti\u015f grubunu da g\u00f6ndererek soru\u015fturma s\u00fcrecini ba\u015flatt\u0131k. B\u00fct\u00fcn ailelerimiz m\u00fcsterih olsunlar. Hi\u00e7bir \u00e7ocu\u011fumuzun e\u011fitim hakk\u0131ndan mahrum kalmas\u0131na ve ayr\u0131mc\u0131l\u0131\u011fa maruz kalmas\u0131na m\u00fcsaade etmeyiz. \u00c7\u00fcnk\u00fc bu insanl\u0131\u011f\u0131n temel vazifesi olarak \u00e7ok ayr\u0131 bir \u00f6nem ta\u015f\u0131yor\u201d \u015feklinde konu\u015ftu.<\/p>\n<p>Otizmli \u00e7ocuklar\u0131n e\u011fitim konusunda ya\u015fad\u0131\u011f\u0131 s\u0131k\u0131nt\u0131lar\u0131n fark\u0131nda oldu\u011funu s\u00f6yleyen Sel\u00e7uk, bu sorunlar\u0131n \u00e7\u00f6z\u00fcm\u00fc i\u00e7in bakanl\u0131k olarak hassasiyetle \u00e7al\u0131\u015f\u0131ld\u0131\u011f\u0131n\u0131 bildirdi. \u00c7al\u0131\u015fmalar\u0131n t\u00fcm\u00fcn\u00fcn ba\u015f\u0131nda oldu\u011funun alt\u0131n\u0131 \u00e7izen Sel\u00e7uk, \u201cOtizmli evlatlar\u0131m\u0131z\u0131n e\u011fitimde ya\u015fad\u0131\u011f\u0131 baz\u0131 s\u0131k\u0131nt\u0131lar var. Bununla ilgili ulusal ve uluslararas\u0131 seviyede \u00e7ok b\u00fcy\u00fck \u00e7al\u0131\u015fmalar yap\u0131yoruz ve bu \u00e7al\u0131\u015fmalar\u0131 yaparken T\u00fcrkiye\u2019nin ve b\u00f6lgelerin hassasiyetlerini izliyoruz. Kendi bilim alan\u0131m itibariyle de bu konularda neler yap\u0131ld\u0131\u011f\u0131n\u0131 ve neler yap\u0131lmas\u0131 gerekti\u011fini \u00e7ok daha b\u00fcy\u00fck bir hassasiyetle takip ediyorum. Bu sorunlar\u0131n \u00e7\u00f6z\u00fcm\u00fc i\u00e7in bakanl\u0131\u011f\u0131m\u0131zdaki s\u00fcre\u00e7lerin t\u00fcm\u00fcne liderlik etmeye \u00e7al\u0131\u015f\u0131yorum. Bu konuda kamuoyuna a\u00e7\u0131klayaca\u011f\u0131m\u0131z yeni \u00e7al\u0131\u015fma ve projelerimiz var. Akranlar\u0131yla birlikte ayn\u0131 s\u0131n\u0131fta kayna\u015ft\u0131rma olarak e\u011fitimlerine devam eden otizm spektrum bozuklu\u011fu olan \u00e7ocuklar\u0131m\u0131z\u0131n destek alabilmesi i\u00e7in \u2018Kolayla\u015ft\u0131r\u0131c\u0131 Ki\u015fi\u2019 anlam\u0131nda yeni bir \u00e7al\u0131\u015fman\u0131n \u00f6n\u00fcn\u00fc de a\u00e7maya \u00e7al\u0131\u015f\u0131yoruz. Bunun teknik detaylar\u0131n\u0131 da kamuoyuyla payla\u015faca\u011f\u0131z. \u00d6n\u00fcm\u00fczdeki g\u00fcnlerde tan\u0131t\u0131m\u0131n\u0131 yapaca\u011f\u0131m\u0131z b\u00fct\u00fcnle\u015ftirici e\u011fitim i\u00e7in \u00f6zel e\u011fitim hizmetlerinin kalitesini art\u0131r\u0131lmas\u0131 operasyonu kapsam\u0131nda 6 milyon Euro\u2019luk yeni bir projenin de ba\u015flay\u0131\u015f\u0131n\u0131 payla\u015faca\u011f\u0131z. Fiziksel kapasiteyle program ve yeterlilik geli\u015ftirmeye d\u00f6n\u00fck bir\u00e7ok ba\u015fl\u0131\u011f\u0131m\u0131z var ama bu ayr\u0131nt\u0131lara girmeyece\u011fim. En \u00f6nemsedi\u011fimiz ba\u015fl\u0131klardan biri de toplumun bilin\u00e7lendirilmesi bu konudaki fark\u0131ndal\u0131\u011f\u0131n olu\u015fturulmas\u0131d\u0131r.  Politik olarak art\u0131k kayna\u015ft\u0131rmadan b\u00fct\u00fcnle\u015ftirmeye ve kapsay\u0131c\u0131 e\u011fitime do\u011fru bir ge\u00e7i\u015f i\u00e7erisinde oldu\u011fumuzu belirtmek isterim. \u00d6zel e\u011fitimde b\u00fct\u00fcnle\u015ftirme ve kapsay\u0131c\u0131 e\u011fitim politikas\u0131 \u00e7er\u00e7evesinde \u00e7al\u0131\u015fmalar\u0131n h\u0131z kazand\u0131\u011f\u0131 bir d\u00f6nemde bulunuyoruz. Bakanl\u0131k olarak bu konudaki projelerimizi standartlar\u0131 y\u00fckselterek devam ediyoruz. Ge\u00e7ti\u011fimiz hafta destek e\u011fitim odas\u0131n\u0131n say\u0131s\u0131n\u0131 y\u00fczde 150 art\u0131rd\u0131\u011f\u0131m\u0131z\u0131 ve bunun devam edece\u011fini payla\u015fm\u0131\u015ft\u0131k. K\u0131sa d\u00f6nem i\u00e7erisinde \u00e7ocuklar\u0131m\u0131z\u0131n derslerine giren \u00f6\u011fretmenlerimizin yeterliliklerini art\u0131rmak amac\u0131yla; otizm, \u00f6\u011frenme g\u00fc\u00e7l\u00fc\u011f\u00fc, dil, konu\u015fma ve \u00f6zel yetenek alan\u0131nda toplamda bin \u00f6\u011fretmenimizin e\u011fitimini tamamlam\u0131\u015ft\u0131k. Bu arkada\u015flar\u0131m\u0131z \u015fimdi sahada di\u011fer \u00f6\u011fretmen arkada\u015flar\u0131m\u0131z\u0131n e\u011fitimleriyle ilgili vazifelerini s\u00fcrd\u00fcr\u00fcyorlar. Sadece rehberlik uzmanlar\u0131n\u0131n de\u011fil t\u00fcm \u00f6\u011fretmenlerimizin otizm spektrum bozuklu\u011fu konusunda daha fazla bilgiye sahip olmas\u0131 \u00e7abalar\u0131m\u0131z devam ediyor. Milli E\u011fitim Bakanl\u0131\u011f\u0131 olarak konuyu takip ediyoruz\u201d diye konu\u015ftu.<\/p>\n<p>\u00c7al\u0131\u015ftaya, Milli E\u011fitim Bakan\u0131 Ziya Sel\u00e7uk\u2019un yan\u0131 s\u0131ra TBB ve Gaziantep B\u00fcy\u00fck\u015fehir Belediye Ba\u015fkan\u0131 Fatma \u015eahin, Yerel Y\u00f6netimler Politikalar\u0131 Kurulu \u00fcyeleri, belediye ba\u015fkanlar\u0131, MEB personeli, akademisyenler, kamu kurumlar\u0131 ve STK temsilcileri kat\u0131ld\u0131.<\/p>\n","protected":false},"excerpt":{"rendered":"<p>M\u0130LL\u0130 E\u011e\u0130T\u0130M BAKANI Z\u0130YA SEL\u00c7UK, \u201cB\u00dcT\u00dcN A\u0130LELER\u0130M\u0130Z M\u00dcSTER\u0130H OLSUNLAR. H\u0130\u00c7B\u0130R \u00c7OCU\u011eUMUZUN E\u011e\u0130T\u0130M HAKKINDAN MAHRUM KALMASINA VE AYRIMCILI\u011eA MARUZ KALMASINA M\u00dcSAADE ETMEY\u0130Z. \u00c7\u00dcNK\u00dc BU \u0130NSANLI\u011eIN TEMEL VAZ\u0130FES\u0130 OLARAK \u00c7OK AYRI B\u0130R \u00d6NEM TA\u015eIYOR\u201d DED\u0130.<\/p>\n","protected":false},"author":1,"featured_media":225602,"comment_status":"closed","ping_status":"open","sticky":false,"template":"","format":"standard","meta":{"jetpack_post_was_ever_published":false,"_jetpack_newsletter_access":"","_jetpack_dont_email_post_to_subs":false,"_jetpack_newsletter_tier_id":0,"_jetpack_memberships_contains_paywalled_content":false,"_jetpack_memberships_contains_paid_content":false,"footnotes":"","jetpack_publicize_message":"","jetpack_publicize_feature_enabled":true,"jetpack_social_post_already_shared":true,"jetpack_social_options":{"image_generator_settings":{"template":"highway","default_image_id":0,"font":"","enabled":false},"version":2}},"categories":[1],"tags":[3349,2675,933,353,398,22699,429,6783,7074,4454,292,1843],"class_list":["post-225601","post","type-post","status-publish","format-standard","has-post-thumbnail","hentry","category-genel","tag-aciklama","tag-aksarayda","tag-bakani","tag-cocuklara","tag-egitim","tag-gerceklestirilen","tag-milli","tag-otizmli","tag-saldiriya","tag-selcuk","tag-yapti","tag-yonelik"],"jetpack_publicize_connections":[],"jetpack_featured_media_url":"https:\/\/i0.wp.com\/www.tvturk.com\/wp-content\/uploads\/2019\/11\/milli-egitim-bakani-selcuk-aksarayda-otizmli-cocuklara-yonelik-gerceklestirilen-saldiriya-yonelik-aciklama-yapti_d884317.jpg?fit=1000%2C666","jetpack_sharing_enabled":true,"jetpack_shortlink":"https:\/\/wp.me\/paKIfm-WGJ","_links":{"self":[{"href":"http:\/\/www.tvturk.com\/index.php\/wp-json\/wp\/v2\/posts\/225601","targetHints":{"allow":["GET"]}}],"collection":[{"href":"http:\/\/www.tvturk.com\/index.php\/wp-json\/wp\/v2\/posts"}],"about":[{"href":"http:\/\/www.tvturk.com\/index.php\/wp-json\/wp\/v2\/types\/post"}],"author":[{"embeddable":true,"href":"http:\/\/www.tvturk.com\/index.php\/wp-json\/wp\/v2\/users\/1"}],"replies":[{"embeddable":true,"href":"http:\/\/www.tvturk.com\/index.php\/wp-json\/wp\/v2\/comments?post=225601"}],"version-history":[{"count":0,"href":"http:\/\/www.tvturk.com\/index.php\/wp-json\/wp\/v2\/posts\/225601\/revisions"}],"wp:featuredmedia":[{"embeddable":true,"href":"http:\/\/www.tvturk.com\/index.php\/wp-json\/wp\/v2\/media\/225602"}],"wp:attachment":[{"href":"http:\/\/www.tvturk.com\/index.php\/wp-json\/wp\/v2\/media?parent=225601"}],"wp:term":[{"taxonomy":"category","embeddable":true,"href":"http:\/\/www.tvturk.com\/index.php\/wp-json\/wp\/v2\/categories?post=225601"},{"taxonomy":"post_tag","embeddable":true,"href":"http:\/\/www.tvturk.com\/index.php\/wp-json\/wp\/v2\/tags?post=225601"}],"curies":[{"name":"wp","href":"https:\/\/api.w.org\/{rel}","templated":true}]}}