{"id":225771,"date":"2019-11-08T16:18:03","date_gmt":"2019-11-08T13:18:03","guid":{"rendered":"http:\/\/www.tvturk.com\/index.php\/yusuf-yazici-fransa-kuvvete-dayali-bir-lig\/"},"modified":"2019-11-08T16:18:03","modified_gmt":"2019-11-08T13:18:03","slug":"yusuf-yazici-fransa-kuvvete-dayali-bir-lig","status":"publish","type":"post","link":"http:\/\/www.tvturk.com\/index.php\/yusuf-yazici-fransa-kuvvete-dayali-bir-lig\/","title":{"rendered":"Yusuf Yaz\u0131c\u0131: Fransa kuvvete dayal\u0131 bir lig"},"content":{"rendered":"<p>Lille\u2019de forma giyen milli futbolcu Yusuf Yaz\u0131c\u0131,  Fransa\u2019n\u0131n kuvvete dayal\u0131 bir lig oldu\u011funu belirterek, &#8220;Sezon ba\u015f\u0131 kamp\u0131n\u0131 ka\u00e7\u0131rd\u0131\u011f\u0131m i\u00e7in kuvvet anlam\u0131nda arkada\u015flar\u0131m\u0131n gerisindeyim. Git gide daha iyi oluyorum&#8221; dedi.<\/p>\n<p>Fransa\u2019n\u0131n Lille tak\u0131m\u0131nda forma giyen milli futbolcu Yusuf Yaz\u0131c\u0131, ligdeki Metz ma\u00e7\u0131 \u00f6ncesinde d\u00fczenlenen bas\u0131n toplant\u0131s\u0131nda a\u00e7\u0131klamalarda bulundu. Transferinin ard\u0131ndan biraz zorluklar \u00e7ekti\u011fini belirten Yaz\u0131c\u0131, &#8220;\u0130lk ba\u015flarda biraz zorluklar \u00e7ektim. \u00c7\u00fcnk\u00fc T\u00fcrkiye\u2019den ayr\u0131lmak benim i\u00e7in zordu. Git gide her g\u00fcn Fransa\u2019ya daha da al\u0131\u015f\u0131yorum. Dil olarak ders almaya ba\u015flad\u0131m. \u00d6\u011frenmeyi \u00e7ok istiyorum. Hocan\u0131n k\u0131sa s\u00f6ylemlerini anl\u0131yorum&#8221; diye konu\u015ftu.<\/p>\n<p>&#8220;Fransa kuvvete dayal\u0131 bir lig&#8221;<\/p>\n<p>Fransa\u2019n\u0131n kuvvete dayal\u0131 bir lig oldu\u011funu ve bu konuda biraz zorluk \u00e7ekti\u011fini s\u00f6yleyen gen\u00e7 futbolcu, &#8220;Sezon ba\u015f\u0131 kamp\u0131n\u0131 ka\u00e7\u0131rd\u0131\u011f\u0131m i\u00e7in kuvvet anlam\u0131nda arkada\u015flar\u0131m\u0131z\u0131n gerisindeydim. Git gide daha iyi oluyorum. Arkada\u015flar\u0131mla aram \u00e7ok iyi. Benim geli\u015fimim i\u00e7in her anlamda yard\u0131m ediyorlar. Hocalar\u0131m da yard\u0131m etmeye \u00e7al\u0131\u015f\u0131yor. Git gide tak\u0131ma daha da entegre oluyorum&#8221; \u015feklinde konu\u015ftu.<\/p>\n<p>&#8220;\u00d6nemli olan kazanmam\u0131z&#8221;<\/p>\n<p>Adaptasyon sorununu \u00e7abuk \u00e7\u00f6zd\u00fc\u011f\u00fcn\u00fc ifade eden ba\u015far\u0131l\u0131 futbolcu, &#8220;Tak\u0131ma daha fazla katk\u0131 yapmak istiyorum. Benim i\u00e7 in \u00f6nemli olan tak\u0131m\u0131n ba\u015far\u0131s\u0131. Sonra bireysel \u00f6zelliklere bak\u0131yorum. \u00d6nemli olan kazanmam\u0131z. Kendi performans\u0131m\u0131n gerisindeyim. Git gide istedi\u011fim performansa yakla\u015f\u0131yorum. Gol anlam\u0131nda katk\u0131 sa\u011flamak istiyorum. Hocam\u0131n bana verdi\u011fi direktifleri yerine getirmek istiyorum&#8221; dedi.<\/p>\n<p>&#8220;Bourdeux ma\u00e7\u0131 benim i\u00e7in \u00f6nemli&#8221;<\/p>\n<p>Bordeaux ma\u00e7\u0131nda tak\u0131mdaki ilk gol\u00fcn\u00fc atmas\u0131n\u0131n sorulmas\u0131 \u00fczerine Yusuf Yaz\u0131c\u0131, &#8220;Benim i\u00e7in ilk gol\u00fc atmak \u00f6nemliydi. \u00c7ok istiyordum. Her ma\u00e7 gol ve asist anlam\u0131nda katk\u0131 sa\u011flamak istiyorum. \u0130lk gol\u00fc Bourdeux\u2019a att\u0131\u011f\u0131m i\u00e7in o ma\u00e7 benim i\u00e7in \u00f6nemli&#8221; diye cevap verdi.<\/p>\n<p>&#8220;Hayallerimi ger\u00e7ekle\u015ftirdi\u011fim i\u00e7in \u00e7ok mutluyum&#8221;<\/p>\n<p>UEFA \u015eampiyonlar Ligi\u2019nde oynaman\u0131n kendisinin hayali oldu\u011funu a\u00e7\u0131klayan Yaz\u0131c\u0131, &#8220;\u00c7\u00fcnk\u00fc \u00e7ocuklu\u011fumdan beri hayalini kurdu\u011fum bir lig. Ger\u00e7ekle\u015ftirdi\u011fim i\u00e7in \u00e7ok mutluyum. Hayallerimi ya\u015f\u0131yorum. Valencia ma\u00e7\u0131nda bir pozisyon vard\u0131. Onu atsam daha iyi olabilirdi, ma\u00e7\u0131 kazanabilirdik. Futbolda bunlar var. Kaybetti\u011fimiz i\u00e7in \u00fczg\u00fcn\u00fcz, bizim elimizdeydi. Futbolda bunlar var. Ge\u00e7mi\u015ften ders al\u0131p, \u00f6n\u00fcm\u00fcze bakmam\u0131z gerekiyor&#8221; diye konu\u015ftu.<\/p>\n<p>&#8220;Buras\u0131 Trabzon\u2019a g\u00f6re biraz daha rahat&#8221;<\/p>\n<p>Trabzon\u2019un futbol ile yat\u0131p, futbolla ile kalkan bir \u015fehir oldu\u011funu belirten gen\u00e7 futbolcu, &#8220;Trabzon sadece futbol konu\u015fuluyor. Kazan\u0131nca o hafta \u00e7ok g\u00fczel ge\u00e7iyor. Kaybedince \u00e7ok k\u00f6t\u00fc. Buras\u0131 biraz daha rahat. Kaybedince taraftarlar daha sakin. \u00c7\u00fcnk\u00fc Trabzon\u2019da sevin\u00e7leri en yukar\u0131da, kaybedince en a\u015fa\u011f\u0131da ya\u015f\u0131yorlar. Lille taraftarlar\u0131na destekleri i\u00e7in \u00e7ok te\u015fekk\u00fcr ederim&#8221; dedi.<\/p>\n<p>&#8220;Fransa\u2019da herkesin bir sistemi var&#8221;<\/p>\n<p>Fransa Ligi i\u00e7in d\u00fc\u015f\u00fcncelerini dile getiren Yusuf, &#8220;Herkes taktik yap\u0131yor. Herkesin bir sistemi var. Futbolcular asla o sistemin d\u0131\u015f\u0131na \u00e7\u0131km\u0131yor. Hocam\u0131n bana s\u00f6ylediklerini yapmaya \u00e7al\u0131\u015f\u0131yorum. Bana \u00e7ok iyi bir sistemimiz var. Hocam\u0131z bazen sistemi de\u011fi\u015ftiriyor. Fransa Ligi\u2019nin bu sistemini de farkl\u0131 geldi. B\u00f6yle sistemde oynad\u0131\u011f\u0131m i\u00e7in \u00e7ok mutluyum&#8221; \u015feklinde konu\u015ftu.<\/p>\n<p>Metz ma\u00e7\u0131 hakk\u0131nda da konu\u015fan 22 ya\u015f\u0131ndaki futbolcu, &#8220;Metz\u2019in puan s\u0131ralamas\u0131na bakmam\u0131z gerekiyor. Son s\u0131ralarda ama Fransa Ligi\u2019nde herkes birbirini yenebiliyor. Farkl\u0131 bir lig&#8221; ifadelerini kulland\u0131.<\/p>\n<p>&#8220;Zeki \u00e7ok iyi bir oyuncu&#8221;<\/p>\n<p>Tak\u0131m arkada\u015f\u0131 bir ba\u015fka milli futbolcu Mehmet Zeki \u00c7elik i\u00e7in ise Yusuf Yaz\u0131c\u0131, &#8220;Bana her anlamda yard\u0131mc\u0131 olmaya \u00e7al\u0131\u015f\u0131yor. Onun burada olmas\u0131 benim i\u00e7in bir \u015fans. \u00c7\u00fcnk\u00fc tecr\u00fcbesi var. Zeki performans\u0131na gelirsem; futbol bir performans oyunu zaten. \u0130ni\u015fli \u00e7\u0131k\u0131\u015fl\u0131 olabiliyor. Zeki belki sizin dedi\u011finiz gibi ge\u00e7en y\u0131lki performans\u0131n\u0131 2-3 haftad\u0131r sergilemiyor. Zeki sezona iyi ba\u015flad\u0131. Bana g\u00f6re en k\u0131sa zamanda istedi\u011finiz gibi olacak. \u00c7ok iyi bir oyuncu. Elinden gelenin en iyisi yap\u0131yor. Bunlarda futbolda olan \u015feyler&#8221; diyerek s\u00f6zlerini tamamlad\u0131.<\/p>\n","protected":false},"excerpt":{"rendered":"<p>L\u0130LLE\u2019DE FORMA G\u0130YEN M\u0130LL\u0130 FUTBOLCU YUSUF YAZICI,  FRANSA&#8217;NIN KUVVETE DAYALI B\u0130R L\u0130G OLDU\u011eUNU BEL\u0130RTEREK, &#8220;SEZON BA\u015eI KAMPINI KA\u00c7IRDI\u011eIM \u0130\u00c7\u0130N KUVVET ANLAMINDA ARKADA\u015eLARIMIN GER\u0130S\u0130NDEY\u0130M. G\u0130T G\u0130DE DAHA \u0130Y\u0130 OLUYORUM&#8221; DED\u0130.<\/p>\n","protected":false},"author":1,"featured_media":225772,"comment_status":"closed","ping_status":"open","sticky":false,"template":"","format":"standard","meta":{"jetpack_post_was_ever_published":false,"_jetpack_newsletter_access":"","_jetpack_dont_email_post_to_subs":false,"_jetpack_newsletter_tier_id":0,"_jetpack_memberships_contains_paywalled_content":false,"_jetpack_memberships_contains_paid_content":false,"footnotes":"","jetpack_publicize_message":"","jetpack_publicize_feature_enabled":true,"jetpack_social_post_already_shared":true,"jetpack_social_options":{"image_generator_settings":{"template":"highway","default_image_id":0,"font":"","enabled":false},"version":2}},"categories":[657],"tags":[125,11410,4545,56980,905,1589,5292],"class_list":["post-225771","post","type-post","status-publish","format-standard","has-post-thumbnail","hentry","category-spor","tag-bir","tag-dayali","tag-fransa","tag-kuvvete","tag-lig","tag-yazici","tag-yusuf"],"jetpack_publicize_connections":[],"jetpack_featured_media_url":"https:\/\/i0.wp.com\/www.tvturk.com\/wp-content\/uploads\/2019\/11\/yusuf-yazici-fransa-kuvvete-dayali-bir-lig_8eb3105.jpg?fit=1000%2C582","jetpack_sharing_enabled":true,"jetpack_shortlink":"https:\/\/wp.me\/paKIfm-WJt","_links":{"self":[{"href":"http:\/\/www.tvturk.com\/index.php\/wp-json\/wp\/v2\/posts\/225771","targetHints":{"allow":["GET"]}}],"collection":[{"href":"http:\/\/www.tvturk.com\/index.php\/wp-json\/wp\/v2\/posts"}],"about":[{"href":"http:\/\/www.tvturk.com\/index.php\/wp-json\/wp\/v2\/types\/post"}],"author":[{"embeddable":true,"href":"http:\/\/www.tvturk.com\/index.php\/wp-json\/wp\/v2\/users\/1"}],"replies":[{"embeddable":true,"href":"http:\/\/www.tvturk.com\/index.php\/wp-json\/wp\/v2\/comments?post=225771"}],"version-history":[{"count":0,"href":"http:\/\/www.tvturk.com\/index.php\/wp-json\/wp\/v2\/posts\/225771\/revisions"}],"wp:featuredmedia":[{"embeddable":true,"href":"http:\/\/www.tvturk.com\/index.php\/wp-json\/wp\/v2\/media\/225772"}],"wp:attachment":[{"href":"http:\/\/www.tvturk.com\/index.php\/wp-json\/wp\/v2\/media?parent=225771"}],"wp:term":[{"taxonomy":"category","embeddable":true,"href":"http:\/\/www.tvturk.com\/index.php\/wp-json\/wp\/v2\/categories?post=225771"},{"taxonomy":"post_tag","embeddable":true,"href":"http:\/\/www.tvturk.com\/index.php\/wp-json\/wp\/v2\/tags?post=225771"}],"curies":[{"name":"wp","href":"https:\/\/api.w.org\/{rel}","templated":true}]}}