{"id":225773,"date":"2019-11-08T16:32:00","date_gmt":"2019-11-08T13:32:00","guid":{"rendered":"http:\/\/www.tvturk.com\/index.php\/kars-ardahan-igdir-tanitim-gunleri-basliyor\/"},"modified":"2019-11-08T16:32:00","modified_gmt":"2019-11-08T13:32:00","slug":"kars-ardahan-igdir-tanitim-gunleri-basliyor","status":"publish","type":"post","link":"http:\/\/www.tvturk.com\/index.php\/kars-ardahan-igdir-tanitim-gunleri-basliyor\/","title":{"rendered":"Kars-Ardahan-I\u011fd\u0131r Tan\u0131t\u0131m G\u00fcnleri ba\u015fl\u0131yor"},"content":{"rendered":"<p>Kocaeli ili Kars-Ardahan-I\u011fd\u0131r Vakf\u0131 (KAIV) taraf\u0131ndan d\u00fczenlenen Kars-Ardahan-I\u011fd\u0131r tan\u0131t\u0131m g\u00fcnleri 14-17 Kas\u0131m tarihlerinde d\u00fczenlenecek.<\/p>\n<p>Kocaeli ili Kars-Ardahan-I\u011fd\u0131r Vakf\u0131 (KAIV) taraf\u0131ndan d\u00fczenlenen Kars-Ardahan-I\u011fd\u0131r tan\u0131t\u0131m g\u00fcnleri 14-17 Kas\u0131m tarihleri aras\u0131nda Kocaeli B\u00fcy\u00fck\u015fehir Belediyesi Uluslararas\u0131 Fuar Merkezi\u2019nde yap\u0131lacak. D\u00fczenlenen Kars-Ardahan-I\u011fd\u0131r Tan\u0131t\u0131m G\u00fcnleri\u2019nde ziyaret\u00e7ilere y\u00f6resel lezzetler, halk oyunlar\u0131,  mutfak sanat\u0131, sosyal ve k\u00fclt\u00fcrel de\u011ferler sunulacak.<\/p>\n<p>KAIV Ba\u015fkan\u0131 Taner Sar\u0131\u00e7ay\u0131r, 14-17 Kas\u0131m tarihleri aras\u0131nda Kocaeli Uluslararas\u0131 Fuar Merkezi\u2019nde d\u00fczenlenecek etkinlik ile ilgili &#8220;Do\u011fu Anadolu k\u00fclt\u00fcr\u00fcn\u00fc Kocaeli\u2019de ya\u015fataca\u011f\u0131m\u0131z i\u00e7in gururlu,mutlu ve heyecanl\u0131y\u0131z. Organizasyona ilginin ve kat\u0131l\u0131m\u0131n yo\u011fun olaca\u011f\u0131n\u0131 d\u00fc\u015f\u00fcn\u00fcyoruz. Sadece Kocaeli de\u011fil \u00e7evre illerde ya\u015fayan vatanda\u015flar\u0131m\u0131z\u0131 da etkinlik alan\u0131m\u0131za bekliyoruz&#8221; dedi.<\/p>\n<p>Ziyaret\u00e7ilere y\u00f6resel ziyafet<\/p>\n<p>Yap\u0131lan bilgilendirmede; Anadolu\u2019da g\u00fcne\u015fin ilk do\u011fdu\u011fu \u015fehirlerin, b\u00f6lgeye has birbirinden lezzetli yemekleri misafirlere tan\u0131t\u0131lacak. Ziyaret\u00e7iler, kazl\u0131 pilav, hingel, ta\u015f k\u00f6fte gibi geleneksel yemeklerin haz\u0131rlan\u0131\u015f\u0131 \u00f6\u011frenecek, tad\u0131na bakacak. Do\u011fu Anadolu mutfa\u011f\u0131n\u0131n sembolleri ka\u015far peyniri, gravyer peyniri, Kars kaz\u0131, Ardahan bal\u0131, I\u011fd\u0131r kay\u0131s\u0131s\u0131, yay\u0131k tereya\u011f\u0131 etkinlik alan\u0131nda sergilenecek. 500 kaz \u00e7evirme, 1 ton gravyer, 1 ton Kars ka\u015far\u0131 misafirlere \u00fccretsiz da\u011f\u0131t\u0131lacak.<\/p>\n<p>\u2018A\u015f\u0131k gelene\u011fi\u2019 Kocaeli\u2019de ya\u015fat\u0131lacak<\/p>\n<p>Etkinlikte; Toruni, A\u015f\u0131k T\u00fcccari ve Ka\u011f\u0131zmanl\u0131 H\u0131fzi\u2019nin yeti\u015fti\u011fi topraklarda a\u015f\u0131k gelene\u011fini s\u00fcrd\u00fcrmek amac\u0131yla \u2019a\u015f\u0131k at\u0131\u015fmalar\u0131\u2019 yap\u0131lacak. Etkinlik boyunca Kars, Ardahan ve I\u011fd\u0131r\u2019\u0131n \u00f6nde gelen sanat\u00e7\u0131lar\u0131ndan Mehmet Akbulut,  A\u015f\u0131k Maksut Feryadi ve Yudum da konser verecebeli belirtilirken, b\u00f6lgeye \u00f6zg\u00fc halk oyunlar\u0131 ekibi g\u00f6steriler d\u00fczenleyecek.<\/p>\n<p>Kars Kalesi maketi sergilenecek<\/p>\n<p>866 y\u0131ld\u0131r Kars\u2019\u0131n simgesi olan Kars Kalesi\u2019nin 20 metre uzunlu\u011funda 5 metre y\u00fcksekli\u011findeki maketi sergilenecek etkinlikte, Sar\u0131kam\u0131\u015f \u015fehitleri ile ilgili temsili g\u00f6steriler de sahnelenecek.<\/p>\n","protected":false},"excerpt":{"rendered":"<p>KAIV BA\u015eKANI TANER SARI\u00c7AYIR, 14-17 KASIM TAR\u0130HLER\u0130 ARASINDA KOCAEL\u0130 ULUSLARARASI FUAR MERKEZ\u0130\u2019NDE D\u00dcZENLENECEK ETK\u0130NL\u0130K \u0130LE \u0130LG\u0130L\u0130 &#8220;DO\u011eU ANADOLU K\u00dcLT\u00dcR\u00dcN\u00dc KOCAEL\u0130\u2019DE YA\u015eATACA\u011eIMIZ \u0130\u00c7\u0130N GURURLU,MUTLU VE HEYECANLIYIZ. ORGAN\u0130ZASYONA \u0130LG\u0130N\u0130N VE KATILIMIN YO\u011eUN OLACA\u011eINI D\u00dc\u015e\u00dcN\u00dcYORUZ. SADECE KOCAEL\u0130 DE\u011e\u0130L \u00c7EVRE \u0130LLERDE YA\u015eAYAN VATANDA\u015eLARIMIZI DA ETK\u0130NL\u0130K ALANIMIZA BEKL\u0130YORUZ&#8221; DED\u0130.<\/p>\n","protected":false},"author":1,"featured_media":225774,"comment_status":"closed","ping_status":"open","sticky":false,"template":"","format":"standard","meta":{"jetpack_post_was_ever_published":false,"_jetpack_newsletter_access":"","_jetpack_dont_email_post_to_subs":false,"_jetpack_newsletter_tier_id":0,"_jetpack_memberships_contains_paywalled_content":false,"_jetpack_memberships_contains_paid_content":false,"footnotes":"","jetpack_publicize_message":"","jetpack_publicize_feature_enabled":true,"jetpack_social_post_already_shared":true,"jetpack_social_options":{"image_generator_settings":{"template":"highway","default_image_id":0,"font":"","enabled":false},"version":2}},"categories":[19],"tags":[1647,64,56981,2221],"class_list":["post-225773","post","type-post","status-publish","format-standard","has-post-thumbnail","hentry","category-ekonomi","tag-basliyor","tag-gunleri","tag-kars-ardahan-igdir","tag-tanitim"],"jetpack_publicize_connections":[],"jetpack_featured_media_url":"https:\/\/i0.wp.com\/www.tvturk.com\/wp-content\/uploads\/2019\/11\/kars-ardahan-igdir-tanitim-gunleri-basliyor_3825e8f.jpg?fit=785%2C1000","jetpack_sharing_enabled":true,"jetpack_shortlink":"https:\/\/wp.me\/paKIfm-WJv","_links":{"self":[{"href":"http:\/\/www.tvturk.com\/index.php\/wp-json\/wp\/v2\/posts\/225773","targetHints":{"allow":["GET"]}}],"collection":[{"href":"http:\/\/www.tvturk.com\/index.php\/wp-json\/wp\/v2\/posts"}],"about":[{"href":"http:\/\/www.tvturk.com\/index.php\/wp-json\/wp\/v2\/types\/post"}],"author":[{"embeddable":true,"href":"http:\/\/www.tvturk.com\/index.php\/wp-json\/wp\/v2\/users\/1"}],"replies":[{"embeddable":true,"href":"http:\/\/www.tvturk.com\/index.php\/wp-json\/wp\/v2\/comments?post=225773"}],"version-history":[{"count":0,"href":"http:\/\/www.tvturk.com\/index.php\/wp-json\/wp\/v2\/posts\/225773\/revisions"}],"wp:featuredmedia":[{"embeddable":true,"href":"http:\/\/www.tvturk.com\/index.php\/wp-json\/wp\/v2\/media\/225774"}],"wp:attachment":[{"href":"http:\/\/www.tvturk.com\/index.php\/wp-json\/wp\/v2\/media?parent=225773"}],"wp:term":[{"taxonomy":"category","embeddable":true,"href":"http:\/\/www.tvturk.com\/index.php\/wp-json\/wp\/v2\/categories?post=225773"},{"taxonomy":"post_tag","embeddable":true,"href":"http:\/\/www.tvturk.com\/index.php\/wp-json\/wp\/v2\/tags?post=225773"}],"curies":[{"name":"wp","href":"https:\/\/api.w.org\/{rel}","templated":true}]}}