{"id":225851,"date":"2019-11-08T20:17:04","date_gmt":"2019-11-08T17:17:04","guid":{"rendered":"http:\/\/www.tvturk.com\/index.php\/ataturkun-olumunun-81-yil-donumunde-81-metrekarelik-dev-ebru\/"},"modified":"2019-11-08T20:17:04","modified_gmt":"2019-11-08T17:17:04","slug":"ataturkun-olumunun-81-yil-donumunde-81-metrekarelik-dev-ebru","status":"publish","type":"post","link":"http:\/\/www.tvturk.com\/index.php\/ataturkun-olumunun-81-yil-donumunde-81-metrekarelik-dev-ebru\/","title":{"rendered":"Atat\u00fcrk\u2019\u00fcn \u00f6l\u00fcm\u00fcn\u00fcn 81. y\u0131l d\u00f6n\u00fcm\u00fcnde 81 metrekarelik dev ebru"},"content":{"rendered":"<p>Antalya\u2019da Gazi Mustafa Kemal Atat\u00fcrk\u2019\u00fcn \u00f6l\u00fcm\u00fcn\u00fcn 81. y\u0131l d\u00f6n\u00fcm\u00fc an\u0131s\u0131na 81 metrekarelik Atat\u00fcrk konulu ebru \u00e7al\u0131\u015fmas\u0131 yap\u0131ld\u0131.  5 ton su, 200 t\u00fcp ebru boyas\u0131 kullan\u0131ld\u0131\u011f\u0131 \u00e7al\u0131\u015fma, izleyenleri hayran b\u0131rakt\u0131.<\/p>\n<p>Antalya B\u00fcy\u00fck\u015fehir Belediyesi ve Akdeniz \u00dcniversitesi G\u00fczel Sanatlar Fak\u00fcltesi i\u015fbirli\u011finde, 10 Kas\u0131m Atat\u00fcrk\u2019\u00fc anma etkinlikleri kapsam\u0131nda Ata\u2019ya sayg\u0131, k\u00fclt\u00fcr ve sanat etkinlikleri d\u00fczenlendi. Cumhuriyet Meydan\u0131\u2019nda d\u00fczenlenen etkinlik kapsam\u0131nda Atat\u00fcrk\u2019\u00fcn \u00f6l\u00fcm\u00fcn\u00fcn 81. y\u0131l d\u00f6n\u00fcm\u00fc an\u0131s\u0131na 81 metrekarelik ebru \u00e7al\u0131\u015fmas\u0131 yap\u0131ld\u0131. Etkinli\u011fe Antalya B\u00fcy\u00fck\u015fehir Belediye Ba\u015fkan\u0131 Muhittin B\u00f6cek\u2019in yan\u0131 s\u0131ra \u0130Y\u0130 Parti Antalya Milletvekili Hasan Suba\u015f\u0131, b\u00fcrokratlar, akademisyenler, ebru sanat\u00e7\u0131lar\u0131, \u00fcniversite \u00f6\u011frencileri ve vatanda\u015flar kat\u0131ld\u0131.<\/p>\n<p>Ebru \u00e7al\u0131\u015fmas\u0131nda 81 vurgusu<\/p>\n<p>7\u2019den 70\u2019e herkes f\u0131r\u00e7alar\u0131n\u0131 boyalara bat\u0131r\u0131p ebru sanat\u0131n\u0131 icra etti. 120 ki\u015filik ekibin 4 ayl\u0131k \u00e7al\u0131\u015fmas\u0131 sonucu ortaya koyulan \u00e7al\u0131\u015fmada, 5 ton su, 200 t\u00fcp ebru boyas\u0131 kullan\u0131ld\u0131. 81 metrekarelik su dolu havuza boyalar\u0131n s\u0131\u00e7rat\u0131lmas\u0131n\u0131n ard\u0131ndan ortaya \u00e7\u0131kan g\u00f6r\u00fcnt\u00fcyse herkesi hayran b\u0131rakt\u0131. 81 ay y\u0131ld\u0131z, Atat\u00fcrk\u2019\u00fcn resmi, 81 ile \u00f6zg\u00fc siluetten olu\u015fan resimler ve \u2018Ne mutlu T\u00fcrk\u2019\u00fcm diyene, Atam izindeyiz yaz\u0131l\u0131 ebru \u00e7al\u0131\u015fmas\u0131, vatanda\u015flar\u0131n be\u011fenisini toplad\u0131.<\/p>\n<p>Etkinli\u011fin sonunda, 81 \u00fcniversite genci me\u015falelerle ebru \u00e7al\u0131\u015fmas\u0131n\u0131n \u00f6n\u00fcne geldi. Ard\u0131ndan yine \u00fcniversiteli gen\u00e7 k\u0131zlar\u0131n ger\u00e7ekle\u015ftirdi\u011fi Atat\u00fcrk temal\u0131 defile de protokol ve vatanda\u015flar taraf\u0131ndan ilgiyle izlendi.<\/p>\n<p>T\u00f6rende bir konu\u015fma yapan Antalya B\u00fcy\u00fck\u015fehir Belediye Ba\u015fkan\u0131 Muhittin B\u00f6cek, \u201cT\u00fcrkiye Cumhuriyeti kurucusu Gazi Mustafa Kemal\u2019in aram\u0131zdan ayr\u0131l\u0131\u015f\u0131n\u0131n 81. y\u0131l d\u00f6n\u00fcm\u00fcnde sayg\u0131yla rahmetle, minnetle an\u0131yorum. Cumhuriyet\u2019i gen\u00e7lere emanet etmi\u015fti. Biz de onun yolunda devrimlerine inand\u0131\u011f\u0131m\u0131z gibi onun \u0131\u015f\u0131\u011f\u0131nda y\u00fcr\u00fcmeye devam edece\u011fiz. 10 Kas\u0131m\u2019da da meydanlarda olaca\u011f\u0131z. Akdeniz \u00dcniversitemiz ile birlikte \u00e7ok etkinlik yapt\u0131k ama bu hepsinden \u00f6nemli ve anlaml\u0131. Etkinli\u011fe katk\u0131 koyan herkese te\u015fekk\u00fcr ediyorum\u201d dedi.<\/p>\n<p>\u201cT\u00fcrkiye\u2019nin birlik ve beraberli\u011fini simgelemeyi ama\u00e7lad\u0131k\u201d<\/p>\n<p>Bu y\u0131l farkl\u0131 bir formatta anma etkinli\u011fi ger\u00e7ekle\u015ftirmeyi hedeflediklerini kaydeden Akdeniz \u00dcniversitesi G\u00fczel Sanatlar B\u00f6l\u00fcm\u00fc \u00d6\u011fretim \u00dcyesi Do\u00e7. Dr. Mehmet Ali Ero\u011flu, \u201cBu y\u0131l Atat\u00fcrk\u2019\u00fcn \u00f6l\u00fcm\u00fcn\u00fcn 81. y\u0131l d\u00f6n\u00fcm\u00fc ve do\u011fum y\u0131l\u0131 1881\u2019inden yola \u00e7\u0131karak 81 metrekarelik ebru etkinli\u011fi haz\u0131rl\u0131klar\u0131m\u0131z\u0131 yapmaya ba\u015flad\u0131k. Biz sanat\u00e7\u0131lar olarak, ebru yaparak 10 Kas\u0131m anma etkinliklerine destek vermek istedik. 81 ay ve y\u0131ld\u0131z kullan\u0131larak, T\u00fcrkiye\u2019nin 81 ilinin temsil edilmesini kompoze ettik. Yine \u00e7al\u0131\u015fman\u0131n alt k\u0131sm\u0131nda illerin siluetlerinden olu\u015fan resimleri g\u00f6sterdik. Bu da T\u00fcrkiye\u2019nin birlik ve beraberli\u011fini simgelemeyi ama\u00e7lad\u0131k\u201d dedi.<\/p>\n","protected":false},"excerpt":{"rendered":"<p>ANTALYA\u2019DA GAZ\u0130 MUSTAFA KEMAL ATAT\u00dcRK\u2019\u00dcN \u00d6L\u00dcM\u00dcN\u00dcN 81. YIL D\u00d6N\u00dcM\u00dc ANISINA 81 METREKAREL\u0130K ATAT\u00dcRK KONULU EBRU \u00c7ALI\u015eMASI YAPILDI.<\/p>\n","protected":false},"author":1,"featured_media":225852,"comment_status":"closed","ping_status":"open","sticky":false,"template":"","format":"standard","meta":{"jetpack_post_was_ever_published":false,"_jetpack_newsletter_access":"","_jetpack_dont_email_post_to_subs":false,"_jetpack_newsletter_tier_id":0,"_jetpack_memberships_contains_paywalled_content":false,"_jetpack_memberships_contains_paid_content":false,"footnotes":"","jetpack_publicize_message":"","jetpack_publicize_feature_enabled":true,"jetpack_social_post_already_shared":true,"jetpack_social_options":{"image_generator_settings":{"template":"highway","default_image_id":0,"font":"","enabled":false},"version":2}},"categories":[1],"tags":[23395,2818,3017,283,13101,3851,17171,231],"class_list":["post-225851","post","type-post","status-publish","format-standard","has-post-thumbnail","hentry","category-genel","tag-23395","tag-ataturkun","tag-dev","tag-donumunde","tag-ebru","tag-metrekarelik","tag-olumunun","tag-yil"],"jetpack_publicize_connections":[],"jetpack_featured_media_url":"https:\/\/i0.wp.com\/www.tvturk.com\/wp-content\/uploads\/2019\/11\/ataturkun-olumunun-81-yil-donumunde-81-metrekarelik-dev-ebru_6f5f9aa.jpg?fit=1000%2C666","jetpack_sharing_enabled":true,"jetpack_shortlink":"https:\/\/wp.me\/paKIfm-WKL","_links":{"self":[{"href":"http:\/\/www.tvturk.com\/index.php\/wp-json\/wp\/v2\/posts\/225851","targetHints":{"allow":["GET"]}}],"collection":[{"href":"http:\/\/www.tvturk.com\/index.php\/wp-json\/wp\/v2\/posts"}],"about":[{"href":"http:\/\/www.tvturk.com\/index.php\/wp-json\/wp\/v2\/types\/post"}],"author":[{"embeddable":true,"href":"http:\/\/www.tvturk.com\/index.php\/wp-json\/wp\/v2\/users\/1"}],"replies":[{"embeddable":true,"href":"http:\/\/www.tvturk.com\/index.php\/wp-json\/wp\/v2\/comments?post=225851"}],"version-history":[{"count":0,"href":"http:\/\/www.tvturk.com\/index.php\/wp-json\/wp\/v2\/posts\/225851\/revisions"}],"wp:featuredmedia":[{"embeddable":true,"href":"http:\/\/www.tvturk.com\/index.php\/wp-json\/wp\/v2\/media\/225852"}],"wp:attachment":[{"href":"http:\/\/www.tvturk.com\/index.php\/wp-json\/wp\/v2\/media?parent=225851"}],"wp:term":[{"taxonomy":"category","embeddable":true,"href":"http:\/\/www.tvturk.com\/index.php\/wp-json\/wp\/v2\/categories?post=225851"},{"taxonomy":"post_tag","embeddable":true,"href":"http:\/\/www.tvturk.com\/index.php\/wp-json\/wp\/v2\/tags?post=225851"}],"curies":[{"name":"wp","href":"https:\/\/api.w.org\/{rel}","templated":true}]}}