{"id":225989,"date":"2019-11-09T11:17:29","date_gmt":"2019-11-09T08:17:29","guid":{"rendered":"http:\/\/www.tvturk.com\/index.php\/lise-ogrencileri-hurdalardan-mini-traktor-imal-etti\/"},"modified":"2019-11-09T11:17:29","modified_gmt":"2019-11-09T08:17:29","slug":"lise-ogrencileri-hurdalardan-mini-traktor-imal-etti","status":"publish","type":"post","link":"http:\/\/www.tvturk.com\/index.php\/lise-ogrencileri-hurdalardan-mini-traktor-imal-etti\/","title":{"rendered":"Lise \u00f6\u011frencileri hurdalardan mini trakt\u00f6r imal etti"},"content":{"rendered":"<p>Bayburt Mesleki ve Teknik Anadolu Lisesi \u00f6\u011frencileri toplad\u0131klar\u0131 hurdalardan mini trakt\u00f6r imal etti.<\/p>\n<p>Metal Teknisyeni Fethi Karada\u011f, nezaretinde yakla\u015f\u0131k 3 ay s\u00fcrede metal teknolojileri b\u00f6l\u00fcm\u00fc \u00f6\u011frencilerince imal edilen trakt\u00f6r\u00fcn d\u00f6rt ileri bir geri vitesi bulunurken 1 tonluk y\u00fck\u00fc de rahatl\u0131kla \u00e7ekebiliyor.<\/p>\n<p>Teknisyen Karada\u011f\u2019\u0131n elindeki 1994 model bir otomobile ait motor kullanarak trakt\u00f6r yap\u0131m\u0131na ba\u015flayan \u00f6\u011frenciler, arac\u0131n kaportas\u0131, \u00e7amurluklar\u0131 ve baz\u0131 motor par\u00e7alar\u0131 i\u00e7in sac ve demir kulland\u0131.<\/p>\n<p>\u00d6\u011frencilerin b\u00fcy\u00fck heyecanla okul at\u00f6lyesinde tasarlad\u0131klar\u0131 trakt\u00f6r\u00fcn tekerlekleri de yine sanayideki hurdal\u0131ktan temin edildi.<\/p>\n<p>Metal Teknisyeni Karada\u011f, elinde at\u0131l durumda olan bir otomobil motoru bulundu\u011funu ve bunu de\u011ferlendirmek i\u00e7in \u00f6\u011frencilerle bir ara\u00e7 yapmak istedi\u011fini okul y\u00f6netimine iletti\u011fini s\u00f6yledi.<\/p>\n<p>Daha sonra sanayideki arkada\u015flar\u0131ndan hurda par\u00e7alar\u0131 temin ettiklerini ifade eden Karada\u011f, \u201cBu par\u00e7alarla \u00f6\u011frenci arkada\u015flar\u0131m\u0131zla birlikte okulun at\u00f6lyesinde bir \u00e7al\u0131\u015fma ba\u015flatt\u0131k. Makine b\u00f6l\u00fcm\u00fcndeki arkada\u015flar\u0131n yard\u0131m\u0131yla, yine sanayideki arkada\u015flar\u0131n yard\u0131m\u0131yla bu arac\u0131 toplad\u0131k. Arac\u0131n bask\u0131 balatas\u0131, direksiyon b\u00f6l\u00fcm\u00fc ve diferansiyeli Tofa\u015f marka hurda bir araca ait. \u015eanz\u0131man\u0131 da eski 2 bin 500 motor Ford marka bir arac\u0131n \u015fanz\u0131man\u0131.<\/p>\n<p>Motor devri d\u00fc\u015f\u00fcr\u00fcld\u00fc<\/p>\n<p>Arazide kullan\u0131lacak bir ara\u00e7 imal ettikleri i\u00e7in motorun devrini d\u00fc\u015f\u00fcrd\u00fcklerini belirten Karada\u011f, \u201cH\u0131z\u0131 olduk\u00e7a yava\u015f ama baya\u011f\u0131 bir g\u00fcc\u00fc var. arkas\u0131na pulluk ba\u011flama, t\u0131rm\u0131k ba\u011flama gibi se\u00e7enekler olsun diye bir aparat da yapt\u0131k. buradaki at\u00f6lyemizde s\u00fcrekli bir \u00fcretim halindeyiz. Noksanlar\u0131m\u0131z\u0131 gidermek i\u00e7in \u00e7al\u0131\u015fmalar\u0131m\u0131za devam ediyoruz. \u015eu anda arac\u0131n kornas\u0131, ak\u00fc doldurma \u015farj \u00fcnitesi, uzun k\u0131sa farlar\u0131 var. 4 ileri bir geri vites baz\u0131 eksiklerimiz var tabi bunlar\u0131 gidermek i\u00e7inde at\u00f6lyemizde \u00e7al\u0131\u015fmalar s\u00fcr\u00fcyor\u201d dedi.<\/p>\n<p>\u201c\u00d6\u011frenciler d\u00fc\u015f\u00fcnme kabiliyetini \u00f6n plana \u00e7\u0131kar\u0131yor\u201d<\/p>\n<p>Okul M\u00fcd\u00fcr\u00fc Rikap Cemil Kurt ise meslek liselerinin desteklendi\u011finde \u00fclke ekonomisine b\u00fcy\u00fck katk\u0131 sa\u011flanaca\u011f\u0131n\u0131 vurgulad\u0131.<\/p>\n<p>Okul idaresi, \u00f6\u011fretmenler, teknisyenler ve \u00f6\u011frencilerin g\u00f6n\u00fcl birli\u011fi yaparak proje geli\u015ftirmek i\u00e7in \u00e7aba sarf etti\u011fini dile getiren Kurt, \u201cBizim at\u00f6lyelerimizde \u00f6\u011frencilerimiz el becerilerinin yan\u0131nda d\u00fc\u015f\u00fcnme kabiliyetlerini de \u00f6n plana \u00e7\u0131kararak projeler geli\u015ftirip  \u00fclke ekonomisine katk\u0131da bulunmay\u0131 hedefliyor\u201d dedi.<\/p>\n<p>Daha \u00f6nce de bir \u00f6\u011frencilerinin tabanca imal etti\u011fini ve bunun patentini ald\u0131\u011f\u0131n\u0131 dile getiren Kurt, \u201cBa\u015fka bir \u00f6\u011frencimiz de bir arazi arac\u0131 yapmak istedi\u011fini ve bununla ilgili projesini bize sundu. Bizde kendisine destek verece\u011fimizi ve bu projenin takip\u00e7isi olaca\u011f\u0131m\u0131z\u0131 kendisine ilettik\u201d ifadelerini kulland\u0131.<\/p>\n","protected":false},"excerpt":{"rendered":"<p>BAYBURT MESLEK\u0130 VE TEKN\u0130K ANADOLU L\u0130SES\u0130 \u00d6\u011eRENC\u0130LER\u0130 TOPLADIKLARI HURDALARDAN M\u0130N\u0130 TRAKT\u00d6R \u0130MAL ETT\u0130.<\/p>\n","protected":false},"author":1,"featured_media":225990,"comment_status":"closed","ping_status":"open","sticky":false,"template":"","format":"standard","meta":{"jetpack_post_was_ever_published":false,"_jetpack_newsletter_access":"","_jetpack_dont_email_post_to_subs":false,"_jetpack_newsletter_tier_id":0,"_jetpack_memberships_contains_paywalled_content":false,"_jetpack_memberships_contains_paid_content":false,"footnotes":"","jetpack_publicize_message":"","jetpack_publicize_feature_enabled":true,"jetpack_social_post_already_shared":true,"jetpack_social_options":{"image_generator_settings":{"template":"highway","default_image_id":0,"font":"","enabled":false},"version":2}},"categories":[24],"tags":[31192,207,33497,14074,4507,1491,475],"class_list":["post-225989","post","type-post","status-publish","format-standard","has-post-thumbnail","hentry","category-teknoloji","tag-mini","tag-etti","tag-hurdalardan","tag-imal","tag-lise","tag-ogrencileri","tag-traktor"],"jetpack_publicize_connections":[],"jetpack_featured_media_url":"https:\/\/i0.wp.com\/www.tvturk.com\/wp-content\/uploads\/2019\/11\/lise-ogrencileri-hurdalardan-mini-traktor-imal-etti_655c3fc.jpg?fit=1000%2C666","jetpack_sharing_enabled":true,"jetpack_shortlink":"https:\/\/wp.me\/paKIfm-WMZ","_links":{"self":[{"href":"http:\/\/www.tvturk.com\/index.php\/wp-json\/wp\/v2\/posts\/225989","targetHints":{"allow":["GET"]}}],"collection":[{"href":"http:\/\/www.tvturk.com\/index.php\/wp-json\/wp\/v2\/posts"}],"about":[{"href":"http:\/\/www.tvturk.com\/index.php\/wp-json\/wp\/v2\/types\/post"}],"author":[{"embeddable":true,"href":"http:\/\/www.tvturk.com\/index.php\/wp-json\/wp\/v2\/users\/1"}],"replies":[{"embeddable":true,"href":"http:\/\/www.tvturk.com\/index.php\/wp-json\/wp\/v2\/comments?post=225989"}],"version-history":[{"count":0,"href":"http:\/\/www.tvturk.com\/index.php\/wp-json\/wp\/v2\/posts\/225989\/revisions"}],"wp:featuredmedia":[{"embeddable":true,"href":"http:\/\/www.tvturk.com\/index.php\/wp-json\/wp\/v2\/media\/225990"}],"wp:attachment":[{"href":"http:\/\/www.tvturk.com\/index.php\/wp-json\/wp\/v2\/media?parent=225989"}],"wp:term":[{"taxonomy":"category","embeddable":true,"href":"http:\/\/www.tvturk.com\/index.php\/wp-json\/wp\/v2\/categories?post=225989"},{"taxonomy":"post_tag","embeddable":true,"href":"http:\/\/www.tvturk.com\/index.php\/wp-json\/wp\/v2\/tags?post=225989"}],"curies":[{"name":"wp","href":"https:\/\/api.w.org\/{rel}","templated":true}]}}