{"id":226157,"date":"2019-11-09T17:16:25","date_gmt":"2019-11-09T14:16:25","guid":{"rendered":"http:\/\/www.tvturk.com\/index.php\/kosovada-turk-partisinin-yeni-lideri-fikrim-damka\/"},"modified":"2019-11-09T17:16:25","modified_gmt":"2019-11-09T14:16:25","slug":"kosovada-turk-partisinin-yeni-lideri-fikrim-damka","status":"publish","type":"post","link":"http:\/\/www.tvturk.com\/index.php\/kosovada-turk-partisinin-yeni-lideri-fikrim-damka\/","title":{"rendered":"Kosova\u2019da T\u00fcrk partisinin yeni lideri \u2019Fikrim Damka\u2019"},"content":{"rendered":"<p>Kosova\u2019n\u0131n tek T\u00fcrk partisi konumundaki Kosova Demokratik T\u00fcrk Partisi\u2019nin (KDTP) yeni ba\u015fkan\u0131 g\u00f6revine Fikrim Damka se\u00e7ildi.<\/p>\n<p>KDTP\u2019nin Prizren\u2019de d\u00fczenlenen 8\u2019inci ola\u011fan Kongresi\u2019nde yap\u0131lan parti genel ba\u015fkanl\u0131\u011f\u0131 se\u00e7imini, tek aday Fikrim Damka kazanarak partinin genel ba\u015fkan\u0131 oldu.<\/p>\n<p>Kongreye, parti  delegelerinin yan\u0131 s\u0131ra T\u00fcrkiye\u2019nin Pri\u015ftine B\u00fcy\u00fckel\u00e7isi \u00c7a\u011fr\u0131 Sakar, T\u00fcrkiye\u2019nin Prizren Ba\u015fkonsolosu Serdar \u00d6zayd\u0131n, Vetvendosje Hareketi Genel Ba\u015fkan Yard\u0131mc\u0131s\u0131 Fatmire Kollqaku, Bo\u015fnak partisi VAKAT Genel Ba\u015fkan\u0131 Rasim Demiri, Makedonya\u2019dan T\u00fcrk Demokratik Partisi Genel Ba\u015fkan\u0131 Beycan \u0130lyas ve Milletvekili Yusuf Hasani, sivil toplum kurulu\u015fu temsilcileri ve di\u011fer davetliler kat\u0131ld\u0131.<\/p>\n<p>Parti Genel Ba\u015fkan\u0131 Mahir Ya\u011fc\u0131lar\u2019\u0131n selamlama konu\u015fmalar\u0131n\u0131n ard\u0131ndan divan kurulu \u00f6nerildi. Ard\u0131ndan KDTP\u2019nin genel ba\u015fkanl\u0131k yar\u0131\u015f\u0131nda tek aday olan Fikrim Damka, genel ba\u015fkanl\u0131k s\u00fcresince ger\u00e7ekle\u015ftirmeyi planlad\u0131\u011f\u0131 parti program\u0131n\u0131 delegelere sundu. Akabinde ger\u00e7ekle\u015ftirilen genel ba\u015fkanl\u0131k oylamas\u0131nda Fikrim Damka, oy \u00e7o\u011funlu\u011fuyla Kosova Demokratik T\u00fcrk Partisi\u2019nin Genel Ba\u015fkanl\u0131\u011f\u0131na se\u00e7ildi.<\/p>\n<p>Kurulu\u015fundan bu yana Kosova Demokratik T\u00fcrk Partisi\u2019nde ilk defa bayrak yar\u0131\u015f\u0131nda de\u011fi\u015fiklik ya\u015fanarak 20 y\u0131ld\u0131r partinin genel ba\u015fkanl\u0131k g\u00f6revini y\u00fcr\u00fcten Mahir Ya\u011fc\u0131lar, bu g\u00f6revi Fikrim Damka\u2019ya devretti. Genel ba\u015fkan se\u00e7iminin ard\u0131ndan partinin \u00fcst d\u00fczey y\u00f6netim organlar\u0131n\u0131n se\u00e7imi de yap\u0131ld\u0131.<\/p>\n<p>Fikrim Damka kimdir?<\/p>\n<p>16 Ekim 1972 tarihinde Prizren\u2019de do\u011fdu. \u0130lk\u00f6\u011frenimini Motrat Qiriazi \u0130lkokulu\u2019nda, orta \u00f6\u011frenimini Gjon Buzuku Lisesi\u2019nde tamamlad\u0131. 1992 y\u0131l\u0131nda \u0130stanbul \u00dcniversitesi \u0130ktisat B\u00f6l\u00fcm\u00fc\u2019n\u00fc kazand\u0131. Sava\u015ftan hemen sonra 1999 y\u0131l\u0131nda Prizren Ekonomi Lisesi\u2019nde \u00f6\u011fretmenlik yapmaya ba\u015flad\u0131. 2002 y\u0131l\u0131nda Kosova T\u00fcrk \u00d6\u011fretmenler Derne\u011fi Ba\u015fkan\u0131 olarak g\u00f6rev ald\u0131. Kosova Demokratik T\u00fcrk Partisi\u2019nin (KDTP) \u00f6nerisiyle 2005 y\u0131l\u0131nda Kosova N\u00fcfus Say\u0131m\u0131 Komisyonu \u00fcyesi olarak atand\u0131 ve 2011 y\u0131l\u0131na kadar hizmet verdi. 2007 y\u0131l\u0131nda yap\u0131lan se\u00e7imlerde KDTP Prizren \u015eubesi Y\u00f6netim Kurulu \u00dcyeli\u011fi\u2019ne se\u00e7ildi. 2009 y\u0131l\u0131ndan bu yana KDTP MYK \u00fcyeli\u011fi ve Genel Sekreterlik g\u00f6revini y\u00fcr\u00fctt\u00fc. 2008 y\u0131l\u0131nda \u00c7evre ve Alan Planlama Bakanl\u0131\u011f\u0131 dan\u0131\u015fmanl\u0131\u011f\u0131na getirilen Damka, 2009 y\u0131l\u0131nda Tar\u0131m, Ormanc\u0131l\u0131k ve K\u0131rsal Geli\u015fim Bakan Yard\u0131mc\u0131l\u0131\u011f\u0131na atand\u0131. 2010 y\u0131l\u0131nda ger\u00e7ekle\u015ftirilen genel se\u00e7imlerde ilk defa milletvekili olarak se\u00e7ildi. 2014, 2017 ve 2019 y\u0131l\u0131nda yap\u0131lan se\u00e7imlerde yeniden milletvekili olarak se\u00e7ilen Damka, Kosova Meclisi\u2019ndeki ilk d\u00f6neminde Sa\u011fl\u0131k, \u00c7al\u0131\u015fma ve Sosyal Refah Komisyon Ba\u015fkanl\u0131\u011f\u0131 yapt\u0131. \u0130kinci d\u00f6neminde Tar\u0131m, Ormanc\u0131l\u0131k ve K\u0131rsal Geli\u015fim Komisyonu Ba\u015fkanl\u0131\u011f\u0131 yapan Damka, 2016 y\u0131l\u0131nda Kosova Meclisi Ba\u015fkan Vekili olarak se\u00e7ildi. Son olarak, B\u00fct\u00e7e ve Finans Komisyonu \u00fcyeli\u011fi g\u00f6revinde yer ald\u0131. Arnavut\u00e7a, S\u0131rp\u00e7a ve \u0130ngilizce bilen Damka evli ve iki \u00e7ocuk babas\u0131d\u0131r.<\/p>\n","protected":false},"excerpt":{"rendered":"<p>OSOVA\u2019NIN TEK T\u00dcRK PART\u0130S\u0130 KONUMUNDAK\u0130 KOSOVA DEMOKRAT\u0130K T\u00dcRK PART\u0130S\u0130\u2019N\u0130N (KDTP) YEN\u0130 BA\u015eKANI G\u00d6REV\u0130NE F\u0130KR\u0130M DAMKA SE\u00c7\u0130LD\u0130.<\/p>\n","protected":false},"author":1,"featured_media":226158,"comment_status":"closed","ping_status":"open","sticky":false,"template":"","format":"standard","meta":{"jetpack_post_was_ever_published":false,"_jetpack_newsletter_access":"","_jetpack_dont_email_post_to_subs":false,"_jetpack_newsletter_tier_id":0,"_jetpack_memberships_contains_paywalled_content":false,"_jetpack_memberships_contains_paid_content":false,"footnotes":"","jetpack_publicize_message":"","jetpack_publicize_feature_enabled":true,"jetpack_social_post_already_shared":true,"jetpack_social_options":{"image_generator_settings":{"template":"highway","default_image_id":0,"font":"","enabled":false},"version":2}},"categories":[10],"tags":[57075,31758,5348,1251,9892,957,87],"class_list":["post-226157","post","type-post","status-publish","format-standard","has-post-thumbnail","hentry","category-dunya","tag-damka","tag-fikrim","tag-kosovada","tag-lideri","tag-partisinin","tag-turk","tag-yeni"],"jetpack_publicize_connections":[],"jetpack_featured_media_url":"https:\/\/i0.wp.com\/www.tvturk.com\/wp-content\/uploads\/2019\/11\/kosovada-turk-partisinin-yeni-lideri-fikrim-damka_030ba12.jpg?fit=1000%2C666","jetpack_sharing_enabled":true,"jetpack_shortlink":"https:\/\/wp.me\/paKIfm-WPH","_links":{"self":[{"href":"http:\/\/www.tvturk.com\/index.php\/wp-json\/wp\/v2\/posts\/226157","targetHints":{"allow":["GET"]}}],"collection":[{"href":"http:\/\/www.tvturk.com\/index.php\/wp-json\/wp\/v2\/posts"}],"about":[{"href":"http:\/\/www.tvturk.com\/index.php\/wp-json\/wp\/v2\/types\/post"}],"author":[{"embeddable":true,"href":"http:\/\/www.tvturk.com\/index.php\/wp-json\/wp\/v2\/users\/1"}],"replies":[{"embeddable":true,"href":"http:\/\/www.tvturk.com\/index.php\/wp-json\/wp\/v2\/comments?post=226157"}],"version-history":[{"count":0,"href":"http:\/\/www.tvturk.com\/index.php\/wp-json\/wp\/v2\/posts\/226157\/revisions"}],"wp:featuredmedia":[{"embeddable":true,"href":"http:\/\/www.tvturk.com\/index.php\/wp-json\/wp\/v2\/media\/226158"}],"wp:attachment":[{"href":"http:\/\/www.tvturk.com\/index.php\/wp-json\/wp\/v2\/media?parent=226157"}],"wp:term":[{"taxonomy":"category","embeddable":true,"href":"http:\/\/www.tvturk.com\/index.php\/wp-json\/wp\/v2\/categories?post=226157"},{"taxonomy":"post_tag","embeddable":true,"href":"http:\/\/www.tvturk.com\/index.php\/wp-json\/wp\/v2\/tags?post=226157"}],"curies":[{"name":"wp","href":"https:\/\/api.w.org\/{rel}","templated":true}]}}