{"id":226197,"date":"2019-11-09T18:17:46","date_gmt":"2019-11-09T15:17:46","guid":{"rendered":"http:\/\/www.tvturk.com\/index.php\/bulent-uygun-milli-mac-arasini-degerlendirip-daha-ileriye-gidecegiz\/"},"modified":"2019-11-09T18:17:46","modified_gmt":"2019-11-09T15:17:46","slug":"bulent-uygun-milli-mac-arasini-degerlendirip-daha-ileriye-gidecegiz","status":"publish","type":"post","link":"http:\/\/www.tvturk.com\/index.php\/bulent-uygun-milli-mac-arasini-degerlendirip-daha-ileriye-gidecegiz\/","title":{"rendered":"B\u00fclent Uygun: \u201cMilli ma\u00e7 aras\u0131n\u0131 de\u011ferlendirip daha ileriye gidece\u011fiz\u201d"},"content":{"rendered":"<p>\u0130stikbal Mobilya Kayserispor Teknik Direkt\u00f6r\u00fc B\u00fclent Uygun, milli ma\u00e7 aras\u0131n\u0131 iyi de\u011ferlendirip, s\u0131ralamada daha ileriye gideceklerini s\u00f6yledi.<\/p>\n<p>Kayserispor, S\u00fcper Lig\u2019in 11. haftas\u0131nda deplasmanda kar\u015f\u0131la\u015ft\u0131\u011f\u0131 Gen\u00e7lerbirli\u011fi\u2019ne 2-1 ma\u011flup oldu. Ma\u00e7\u0131n ard\u0131ndan d\u00fczenlenen bas\u0131n toplant\u0131s\u0131nda konu\u015fan Kayserispor Teknik Direkt\u00f6r\u00fc B\u00fclent Uygun, \u201c\u00c7ok \u00f6nemli bir ma\u00e7a \u00e7\u0131kt\u0131k. Ge\u00e7en haftaki sakatlar\u0131m\u0131zdan dolay\u0131 kadro yap\u0131m\u0131zda baz\u0131 de\u011fi\u015fikliklere gitmek zorundayd\u0131k. Genel anlamdaki baz\u0131 s\u0131k\u0131nt\u0131lar\u0131m\u0131z ve kadro yap\u0131s\u0131 ile ya\u015fad\u0131\u011f\u0131m\u0131z s\u0131k\u0131nt\u0131 ger\u00e7ek performans\u0131m\u0131z\u0131 ortaya koymam\u0131z\u0131 zorlad\u0131. \u0130lk 20 dakikadan sonras\u0131 oyunun gidi\u015fat\u0131n\u0131 kendi lehimize \u00e7evirmeye ba\u015flad\u0131k. Kayserinin iki gen\u00e7 evlad\u0131n\u0131 oyuna ald\u0131k. Birisi asistini yapt\u0131, di\u011feri T\u00fcrk futbol tarihinde en gen\u00e7 gol\u00fc atan futbolcu oldu. Bunlar bizim ad\u0131m\u0131za sevindirici. Bunlar\u0131 daha \u00e7ok \u00e7o\u011faltaca\u011f\u0131z. Kazanmam\u0131z gerekiyordu. Yukar\u0131daki puan fakr\u0131n\u0131 kapatma \u015fans\u0131n\u0131 yakalayacakt\u0131k. Dersler \u00e7\u0131karaca\u011f\u0131z, \u00e7ok \u00e7al\u0131\u015fmaya ihtiyac\u0131m\u0131z var. Genel kuvvet problemimiz var oyun anlay\u0131\u015f\u0131nda problemimiz var. Bunlar\u0131 geli\u015ftirerek milli ma\u00e7 aras\u0131n\u0131 de\u011ferlendirip daha ileriye gidece\u011fiz. Devre aras\u0131na kadar hedefledi\u011fimiz 15 puan\u0131 toplam\u0131\u015f olmam\u0131z laz\u0131m. Devre aras\u0131nda bizim oyun anlay\u0131\u015f\u0131m\u0131za uygun gerekli \u00f6nlemleri alaca\u011f\u0131z. Taraftar\u0131m\u0131z buraya kadar geldi ve bizi iyi desteklediler. Onlara te\u015fekk\u00fcr ediyor ayn\u0131 sevgi ve desteklerini bundan sonraki ma\u00e7larda da devam etmesini istiyoruz\u201d ifadelerini kulland\u0131.<\/p>\n<p>\u201cBenim T\u00fcrk gencimin hepsi yetenekli\u201d<\/p>\n<p>T\u00fcrk futbolunun kalitesi ve yabanc\u0131 s\u0131n\u0131rlamas\u0131 ile alakal\u0131 soruyu cevapland\u0131ran Uygun, \u201c2007 y\u0131l\u0131ndan bu yana bir proje s\u00f6yl\u00fcyorum. Bak\u0131n 2007 diyorum. T\u00fcrkiye liginde proje s\u00f6ylemeleri gereken hocalar\u0131n hi\u00e7 birinin s\u00f6yledi\u011fi yok. Hakemler profesyonel olsun, maa\u015flar\u0131 olsun dedim. \u0130yi y\u00f6nettikleri ma\u00e7tan sonra primleri olsun, hayat ve sa\u011fl\u0131k sigortalar\u0131 olsun, profesyonelce y\u00f6netsinler. Hakimler sahada adalet da\u011f\u0131ts\u0131nlar. Altyap\u0131 hocalar\u0131n\u0131n maa\u015flar\u0131n\u0131 futbol federasyon vermek zorunda. \u00c7\u00fcnk\u00fc yabanc\u0131lardan kesti\u011finiz 3 milyon 5 milyon var. Altyap\u0131daki hoca 2 bin TL maa\u015f\u0131n\u0131 al\u0131r m\u0131 almaz m\u0131? E\u011fitim vermemiz laz\u0131m de\u011fil mi? Hocalar\u0131 tahsis edeceksiniz. O iyi e\u011fitim verecek. Benim T\u00fcrk gencimin hepsi yetenekli. UEFA \u015fampiyonlu\u011funu kazand\u0131\u011f\u0131m\u0131zda 3 yada 4 yabanc\u0131 futbolcu vard\u0131 T\u00fcrkiye\u2019de. Kar\u015f\u0131l\u0131\u011f\u0131nda UEFA \u015fampiyonlu\u011funu kazand\u0131k. Ya da di\u011fer tak\u0131m\u0131m\u0131z\u0131n ba\u015far\u0131lar\u0131nda bunlar vard\u0131. Biz gen\u00e7lerimize g\u00fcvenmezsek onlara iyi e\u011fitim vermezsek, onlara bu imkan\u0131 sa\u011flamazsak bunlar \u00e7\u0131kmaz. Vergimizi biz verece\u011fiz. Futbolcu vergisini verecek. Y\u00f6netici verilen paran\u0131n fazlas\u0131n\u0131 harcarsa o sorumlu olacak. Gibi gibi projeler var. Hepsini burada anlatmayaca\u011f\u0131m.  \u015euan \u00fclkemizin sava\u015fta olmas\u0131 m\u00fcnasebetiyle bizim i\u00e7in futbolun \u00e7ok \u00f6nemli oldu\u011funu d\u00fc\u015f\u00fcnm\u00fcyorum. Herkes kendisine g\u00f6re bir m\u00fccadele veriyor. Allah askerimize zeval vermesin. Aya\u011f\u0131na ta\u015f de\u011fdirmesin\u201d diye konu\u015ftu.<\/p>\n","protected":false},"excerpt":{"rendered":"<p>\u0130ST\u0130KBAL MOB\u0130LYA KAYSER\u0130SPOR TEKN\u0130K D\u0130REKT\u00d6R\u00dc B\u00dcLENT UYGUN, M\u0130LL\u0130 MA\u00c7 ARASINI \u0130Y\u0130 DE\u011eERLEND\u0130R\u0130P, SIRALAMADA DAHA \u0130LER\u0130YE G\u0130DECEKLER\u0130N\u0130 S\u00d6YLED\u0130.<\/p>\n","protected":false},"author":1,"featured_media":226198,"comment_status":"closed","ping_status":"open","sticky":false,"template":"","format":"standard","meta":{"jetpack_post_was_ever_published":false,"_jetpack_newsletter_access":"","_jetpack_dont_email_post_to_subs":false,"_jetpack_newsletter_tier_id":0,"_jetpack_memberships_contains_paywalled_content":false,"_jetpack_memberships_contains_paid_content":false,"footnotes":"","jetpack_publicize_message":"","jetpack_publicize_feature_enabled":true,"jetpack_social_post_already_shared":true,"jetpack_social_options":{"image_generator_settings":{"template":"highway","default_image_id":0,"font":"","enabled":false},"version":2}},"categories":[657],"tags":[944,57088,2193,1018,39149,13857,11592,429,13728],"class_list":["post-226197","post","type-post","status-publish","format-standard","has-post-thumbnail","hentry","category-spor","tag-mac","tag-arasini","tag-bulent","tag-daha","tag-degerlendirip","tag-gidecegiz","tag-ileriye","tag-milli","tag-uygun"],"jetpack_publicize_connections":[],"jetpack_featured_media_url":"https:\/\/i0.wp.com\/www.tvturk.com\/wp-content\/uploads\/2019\/11\/bulent-uygun-milli-mac-arasini-degerlendirip-daha-ileriye-gidecegiz_5b7f368.jpg?fit=1000%2C600","jetpack_sharing_enabled":true,"jetpack_shortlink":"https:\/\/wp.me\/paKIfm-WQl","_links":{"self":[{"href":"http:\/\/www.tvturk.com\/index.php\/wp-json\/wp\/v2\/posts\/226197","targetHints":{"allow":["GET"]}}],"collection":[{"href":"http:\/\/www.tvturk.com\/index.php\/wp-json\/wp\/v2\/posts"}],"about":[{"href":"http:\/\/www.tvturk.com\/index.php\/wp-json\/wp\/v2\/types\/post"}],"author":[{"embeddable":true,"href":"http:\/\/www.tvturk.com\/index.php\/wp-json\/wp\/v2\/users\/1"}],"replies":[{"embeddable":true,"href":"http:\/\/www.tvturk.com\/index.php\/wp-json\/wp\/v2\/comments?post=226197"}],"version-history":[{"count":0,"href":"http:\/\/www.tvturk.com\/index.php\/wp-json\/wp\/v2\/posts\/226197\/revisions"}],"wp:featuredmedia":[{"embeddable":true,"href":"http:\/\/www.tvturk.com\/index.php\/wp-json\/wp\/v2\/media\/226198"}],"wp:attachment":[{"href":"http:\/\/www.tvturk.com\/index.php\/wp-json\/wp\/v2\/media?parent=226197"}],"wp:term":[{"taxonomy":"category","embeddable":true,"href":"http:\/\/www.tvturk.com\/index.php\/wp-json\/wp\/v2\/categories?post=226197"},{"taxonomy":"post_tag","embeddable":true,"href":"http:\/\/www.tvturk.com\/index.php\/wp-json\/wp\/v2\/tags?post=226197"}],"curies":[{"name":"wp","href":"https:\/\/api.w.org\/{rel}","templated":true}]}}