{"id":226365,"date":"2019-11-10T11:32:12","date_gmt":"2019-11-10T08:32:12","guid":{"rendered":"http:\/\/www.tvturk.com\/index.php\/vatandaslar-dolmabahce-sarayina-akin-etti\/"},"modified":"2019-11-10T11:32:12","modified_gmt":"2019-11-10T08:32:12","slug":"vatandaslar-dolmabahce-sarayina-akin-etti","status":"publish","type":"post","link":"http:\/\/www.tvturk.com\/index.php\/vatandaslar-dolmabahce-sarayina-akin-etti\/","title":{"rendered":"Vatanda\u015flar Dolmabah\u00e7e Saray\u0131\u2019na ak\u0131n etti"},"content":{"rendered":"<p>Gazi Mustafa Kemal Atat\u00fcrk, \u00f6l\u00fcm\u00fcn\u00fcn 81\u2019inci y\u0131l d\u00f6n\u00fcm\u00fcnde hayata g\u00f6zlerini yumdu\u011fu Dolmabah\u00e7e Saray\u0131\u2019ndaki odas\u0131nda t\u00f6renle an\u0131ld\u0131. T\u00f6renden sonra odaya girmek isteyen vatanda\u015flar uzun kuyruklar olu\u015fturdu. Ziyaret\u00e7iler aras\u0131ndaki 2 ayl\u0131k Erdem bebek ise g\u00f6renleri tebess\u00fcm ettirdi.<\/p>\n<p>Gazi Mustafa Kemal Atat\u00fcrk, \u00f6l\u00fcm\u00fcn\u00fcn 81\u2019inci y\u0131l d\u00f6n\u00fcm\u00fcnde T\u00fcrkiye\u2019nin bir\u00e7ok noktas\u0131nda ger\u00e7ekle\u015ftirilen etkinlikler ve sayg\u0131 duru\u015flar\u0131yla an\u0131ld\u0131. Saatler tam 09.05\u2019i g\u00f6sterdi\u011finde ise adeta hayat t\u00fcm yurtta durdu. \u00c7ok say\u0131da vatanda\u015f, elinde bayraklar\u0131yla anma t\u00f6reni i\u00e7in Atat\u00fcrk\u2019\u00fcn hayata g\u00f6zlerini yumdu\u011fu Dolmabah\u00e7e Saray\u0131\u2019na geldi. Saatler 09.05\u2019i g\u00f6sterdi\u011finde Atat\u00fcrk\u2019\u00fcn Dolmabah\u00e7e Saray\u0131\u2019nda bulunan odas\u0131nda t\u00f6ren d\u00fczenlendi.<\/p>\n<p>Vatanda\u015flar metrelerce kuyruk olu\u015fturdu<\/p>\n<p>T\u00f6renin ard\u0131ndan Atat\u00fcrk\u2019\u00fcn 81 y\u0131l \u00f6nce ebediyete intikal etti\u011fi Dolmabah\u00e7e Saray\u0131\u2019na girmek isteyen binlerce vatanda\u015f saraya ak\u0131n etti. Oday\u0131 ziyaret eden vatanda\u015flar, ellerindeki \u00e7i\u00e7ekleri Atat\u00fcrk\u2019\u00fcn yata\u011f\u0131na b\u0131rakt\u0131. Oday\u0131 g\u00f6rmek isteyen vatanda\u015flar\u0131n olu\u015fturdu\u011fu yo\u011funluk nedeniyle saray\u0131n d\u0131\u015f\u0131nda uzun kuyruklar olu\u015ftu. Dolmabah\u00e7e Saat Kulesinin \u00f6n\u00fcnde ise i\u00e7eriye girmek isteyen vatanda\u015flar nedeniyle yo\u011funluk meydana geldi.<\/p>\n<p>2 ayl\u0131k Erdem bebekte Atan\u0131n huzurunda<\/p>\n<p>\u00d6te yandan yo\u011fun kabalal\u0131k nedeniyle saatlerce bekleyen vatanda\u015flar\u0131n aras\u0131nda 2 ayl\u0131k bebe\u011fi Erdem ile gelen Sevil ise oday\u0131 g\u00f6rebilmek i\u00e7in kuyru\u011fa girdi. Bebe\u011fiyle ilk kez saraya gelen Sevil, \u201cBurada olmaktan \u00e7ok mutluyum. O da Atat\u00fcrk\u2019\u00fcn izinde y\u00fcr\u00fcyecek. \u0130n\u015fallah gelecek \u00e7ok daha g\u00fczel olacak. \u0130lk kez geliyor hen\u00fcz 2 ayl\u0131k, birazdan atan\u0131n huzuruna girecek. Ben her y\u0131l geliyorum, i\u00e7eriye giremesem bile kap\u0131da onu an\u0131p gitmek istiyorum\u201d dedi.<\/p>\n<p>\u201cAtat\u00fcrk kalbimizde, onun i\u00e7in buraya geldik\u201d<\/p>\n<p>Dolmabah\u00e7e Saray\u0131na gelen ba\u015fka bir vatanda\u015f da,\u201c\u00c7ok b\u00fcy\u00fck bir sevgi, b\u00fcy\u00fck bir a\u015fk, Atat\u00fcrk kalbimizde hi\u00e7bir \u015fey silemeyecek kadar b\u00fcy\u00fck bir sevgi. Ayaklar\u0131m a\u011fr\u0131d\u0131\u011f\u0131 halde ko\u015fa ko\u015fa geldim\u201d ifadelerini kullan\u0131rken, bir k\u0131z \u00f6\u011frenci ise, \u201cAtat\u00fcrk kalbimizde, onun i\u00e7in buraya geldik\u201d dedi.<\/p>\n","protected":false},"excerpt":{"rendered":"<p>ATAT\u00dcRK, \u00d6L\u00dcM\u00dcN\u00dcN 81&#8217;\u0130NC\u0130 YIL D\u00d6N\u00dcM\u00dcNDE HAYATA G\u00d6ZLER\u0130N\u0130 YUMDU\u011eU DOLMABAH\u00c7E SARAYI&#8217;NDAK\u0130 ODASINDA T\u00d6RENLE ANILDI. T\u00d6RENDEN SONRA ODAYA G\u0130RMEK \u0130STEYEN VATANDA\u015eLAR UZUN KUYRUKLAR OLU\u015eTURDU.<\/p>\n","protected":false},"author":1,"featured_media":226366,"comment_status":"closed","ping_status":"open","sticky":false,"template":"","format":"standard","meta":{"jetpack_post_was_ever_published":false,"_jetpack_newsletter_access":"","_jetpack_dont_email_post_to_subs":false,"_jetpack_newsletter_tier_id":0,"_jetpack_memberships_contains_paywalled_content":false,"_jetpack_memberships_contains_paid_content":false,"footnotes":"","jetpack_publicize_message":"","jetpack_publicize_feature_enabled":true,"jetpack_social_post_already_shared":true,"jetpack_social_options":{"image_generator_settings":{"template":"highway","default_image_id":0,"font":"","enabled":false},"version":2}},"categories":[1],"tags":[328,33025,207,57120,2344],"class_list":["post-226365","post","type-post","status-publish","format-standard","has-post-thumbnail","hentry","category-genel","tag-akin","tag-dolmabahce","tag-etti","tag-sarayina","tag-vatandaslar"],"jetpack_publicize_connections":[],"jetpack_featured_media_url":"https:\/\/i0.wp.com\/www.tvturk.com\/wp-content\/uploads\/2019\/11\/vatandaslar-dolmabahce-sarayina-akin-etti_6ecf8ca.jpg?fit=1000%2C750","jetpack_sharing_enabled":true,"jetpack_shortlink":"https:\/\/wp.me\/paKIfm-WT3","_links":{"self":[{"href":"http:\/\/www.tvturk.com\/index.php\/wp-json\/wp\/v2\/posts\/226365","targetHints":{"allow":["GET"]}}],"collection":[{"href":"http:\/\/www.tvturk.com\/index.php\/wp-json\/wp\/v2\/posts"}],"about":[{"href":"http:\/\/www.tvturk.com\/index.php\/wp-json\/wp\/v2\/types\/post"}],"author":[{"embeddable":true,"href":"http:\/\/www.tvturk.com\/index.php\/wp-json\/wp\/v2\/users\/1"}],"replies":[{"embeddable":true,"href":"http:\/\/www.tvturk.com\/index.php\/wp-json\/wp\/v2\/comments?post=226365"}],"version-history":[{"count":0,"href":"http:\/\/www.tvturk.com\/index.php\/wp-json\/wp\/v2\/posts\/226365\/revisions"}],"wp:featuredmedia":[{"embeddable":true,"href":"http:\/\/www.tvturk.com\/index.php\/wp-json\/wp\/v2\/media\/226366"}],"wp:attachment":[{"href":"http:\/\/www.tvturk.com\/index.php\/wp-json\/wp\/v2\/media?parent=226365"}],"wp:term":[{"taxonomy":"category","embeddable":true,"href":"http:\/\/www.tvturk.com\/index.php\/wp-json\/wp\/v2\/categories?post=226365"},{"taxonomy":"post_tag","embeddable":true,"href":"http:\/\/www.tvturk.com\/index.php\/wp-json\/wp\/v2\/tags?post=226365"}],"curies":[{"name":"wp","href":"https:\/\/api.w.org\/{rel}","templated":true}]}}