{"id":226511,"date":"2019-11-10T16:46:51","date_gmt":"2019-11-10T13:46:51","guid":{"rendered":"http:\/\/www.tvturk.com\/index.php\/turgutluda-kiraz-ve-erik-agaclari-cicek-acti\/"},"modified":"2019-11-10T16:46:51","modified_gmt":"2019-11-10T13:46:51","slug":"turgutluda-kiraz-ve-erik-agaclari-cicek-acti","status":"publish","type":"post","link":"http:\/\/www.tvturk.com\/index.php\/turgutluda-kiraz-ve-erik-agaclari-cicek-acti\/","title":{"rendered":"Turgutlu\u2019da kiraz ve erik a\u011fa\u00e7lar\u0131 \u00e7i\u00e7ek a\u00e7t\u0131"},"content":{"rendered":"<p>Manisa\u2019n\u0131n Turgutlu il\u00e7esinde hava s\u0131cakl\u0131klar\u0131n\u0131n mevsim normallerinin \u00fczerinde seyretmesi nedeniyle kiraz ve erik a\u011fa\u00e7lar\u0131 \u00e7i\u00e7ek a\u00e7t\u0131.<\/p>\n<p>Turgutlu il\u00e7esinde hava s\u0131cakl\u0131klar\u0131n\u0131n mevsim normallerinin \u00fczerinde seyretmesi kiraz ve erik a\u011fa\u00e7lar\u0131n\u0131n \u00e7i\u00e7ek a\u00e7mas\u0131na neden oldu. Turgutlu\u2019ya ba\u011fl\u0131 Osmanc\u0131k Mahallesi\u2019nde muhtar ve ayn\u0131 zamanda \u00e7ift\u00e7i olan Salim \u00c7etin\u2019e ait meyve bah\u00e7esinde bulunan kiraz ve erik a\u011fa\u00e7lar\u0131 havalar\u0131n s\u0131cak gitmesi \u00fczerine \u00e7i\u00e7eklenip meyve a\u015famas\u0131na geldi. Kas\u0131m ay\u0131nda ilk kez b\u00f6yle bir durumla kar\u015f\u0131la\u015ft\u0131\u011f\u0131n\u0131 ifade eden Salim \u00c7etin, &#8220;Tarlama \u00e7al\u0131\u015fmaya geldi\u011fimde kirazlar ve eriklerin \u00e7i\u00e7ek a\u00e7t\u0131\u011f\u0131n\u0131 g\u00f6rd\u00fcm. Kas\u0131m ay\u0131nda ilk defa meyve a\u011fa\u00e7lar\u0131n\u0131n \u00e7i\u00e7ek a\u00e7t\u0131\u011f\u0131n\u0131 g\u00f6rd\u00fcm. Hatta \u00e7i\u00e7ek a\u00e7m\u0131\u015flar, meyve tutumuna ge\u00e7mi\u015fler. Bu g\u00f6r\u00fcnt\u00fc al\u0131\u015f\u0131lm\u0131\u015f bir \u015fey de\u011fil&#8221; dedi.<\/p>\n<p>\u00d6zellikle kiraz\u0131n \u00e7i\u00e7ek a\u00e7t\u0131ktan sonra yakla\u015f\u0131k 40 g\u00fcn i\u00e7erisinde meyveye d\u00f6n\u00fc\u015ft\u00fc\u011f\u00fcn\u00fc ifade eden \u00c7etin, &#8220;Al\u0131\u015fmad\u0131\u011f\u0131m\u0131z bir durum, havalar b\u00f6yle giderse 40 g\u00fcn i\u00e7inde kirazlar olur&#8221; diye konu\u015ftu.<\/p>\n","protected":false},"excerpt":{"rendered":"<p>TURGUTLU&#8217;DA HAVA SICAKLIKLARININ MEVS\u0130M NORMALLER\u0130N\u0130N \u00dcZER\u0130NDE SEYRETMES\u0130 NEDEN\u0130YLE K\u0130RAZ VE ER\u0130K A\u011eA\u00c7LARI \u00c7\u0130\u00c7EK A\u00c7TI. BAZI MEYVE A\u011eA\u00c7LARININ DALLARINDA MEYVELER OLU\u015eMAYA BA\u015eLADI.<\/p>\n","protected":false},"author":1,"featured_media":226512,"comment_status":"closed","ping_status":"open","sticky":false,"template":"","format":"standard","meta":{"jetpack_post_was_ever_published":false,"_jetpack_newsletter_access":"","_jetpack_dont_email_post_to_subs":false,"_jetpack_newsletter_tier_id":0,"_jetpack_memberships_contains_paywalled_content":false,"_jetpack_memberships_contains_paid_content":false,"footnotes":"","jetpack_publicize_message":"","jetpack_publicize_feature_enabled":true,"jetpack_social_post_already_shared":true,"jetpack_social_options":{"image_generator_settings":{"template":"highway","default_image_id":0,"font":"","enabled":false},"version":2}},"categories":[1],"tags":[18572,1494,973,1654,5888,1981],"class_list":["post-226511","post","type-post","status-publish","format-standard","has-post-thumbnail","hentry","category-genel","tag-kiraz","tag-acti","tag-agaclari","tag-cicek","tag-erik","tag-turgutluda"],"jetpack_publicize_connections":[],"jetpack_featured_media_url":"https:\/\/i0.wp.com\/www.tvturk.com\/wp-content\/uploads\/2019\/11\/turgutluda-kiraz-ve-erik-agaclari-cicek-acti_a629b09.jpg?fit=1000%2C618","jetpack_sharing_enabled":true,"jetpack_shortlink":"https:\/\/wp.me\/paKIfm-WVp","_links":{"self":[{"href":"http:\/\/www.tvturk.com\/index.php\/wp-json\/wp\/v2\/posts\/226511","targetHints":{"allow":["GET"]}}],"collection":[{"href":"http:\/\/www.tvturk.com\/index.php\/wp-json\/wp\/v2\/posts"}],"about":[{"href":"http:\/\/www.tvturk.com\/index.php\/wp-json\/wp\/v2\/types\/post"}],"author":[{"embeddable":true,"href":"http:\/\/www.tvturk.com\/index.php\/wp-json\/wp\/v2\/users\/1"}],"replies":[{"embeddable":true,"href":"http:\/\/www.tvturk.com\/index.php\/wp-json\/wp\/v2\/comments?post=226511"}],"version-history":[{"count":0,"href":"http:\/\/www.tvturk.com\/index.php\/wp-json\/wp\/v2\/posts\/226511\/revisions"}],"wp:featuredmedia":[{"embeddable":true,"href":"http:\/\/www.tvturk.com\/index.php\/wp-json\/wp\/v2\/media\/226512"}],"wp:attachment":[{"href":"http:\/\/www.tvturk.com\/index.php\/wp-json\/wp\/v2\/media?parent=226511"}],"wp:term":[{"taxonomy":"category","embeddable":true,"href":"http:\/\/www.tvturk.com\/index.php\/wp-json\/wp\/v2\/categories?post=226511"},{"taxonomy":"post_tag","embeddable":true,"href":"http:\/\/www.tvturk.com\/index.php\/wp-json\/wp\/v2\/tags?post=226511"}],"curies":[{"name":"wp","href":"https:\/\/api.w.org\/{rel}","templated":true}]}}