{"id":226615,"date":"2019-11-11T10:02:42","date_gmt":"2019-11-11T07:02:42","guid":{"rendered":"http:\/\/www.tvturk.com\/index.php\/gencler-ve-ekipler-seferber-oldu-tum-cabaya-ragmen-yaban-kecisi-kurtarilamadi\/"},"modified":"2019-11-11T10:02:42","modified_gmt":"2019-11-11T07:02:42","slug":"gencler-ve-ekipler-seferber-oldu-tum-cabaya-ragmen-yaban-kecisi-kurtarilamadi","status":"publish","type":"post","link":"http:\/\/www.tvturk.com\/index.php\/gencler-ve-ekipler-seferber-oldu-tum-cabaya-ragmen-yaban-kecisi-kurtarilamadi\/","title":{"rendered":"Gen\u00e7ler ve ekipler seferber oldu, t\u00fcm \u00e7abaya ra\u011fmen yaban ke\u00e7isi kurtar\u0131lamad\u0131"},"content":{"rendered":"<p>Tunceli\u2019de bir vadide  kayal\u0131klarda gen\u00e7ler taraf\u0131ndan bitkin halde bulunan yaban ke\u00e7isinin kurtar\u0131lmas\u0131 i\u00e7in vatanda\u015flar ve ekipler seferber oldu ancak kurtar\u0131lamad\u0131.<\/p>\n<p>Al\u0131nan bilgiye g\u00f6re, \u00c7emi\u015fgezek il\u00e7esinde bulunan Ta\u011far \u00e7ay\u0131 k\u0131y\u0131s\u0131nda vadide kayal\u0131klarda gen\u00e7ler, bitkin halde olan yaral\u0131 yaban ke\u00e7isini g\u00f6rd\u00fc. Hareket edemeyen da\u011f ke\u00e7isini fark eden gen\u00e7ler, durumu Do\u011fa Koruma Milli Parklar Tunceli \u015eube M\u00fcd\u00fcrl\u00fc\u011f\u00fc\u2019ne ba\u011fl\u0131 il\u00e7edeki ekiplere bildirdi. Olay yerine k\u0131sa s\u00fcrede gelen ekipler, suyun kar\u015f\u0131 k\u0131y\u0131s\u0131nda bulunan yaban ke\u00e7isini kurtarmak i\u00e7in yo\u011fun \u00e7aba sarf etti. Gen\u00e7lerinde yard\u0131m\u0131yla, DKMP personeli omuzuna ald\u0131\u011f\u0131 yaban ke\u00e7isini kurtarmak i\u00e7in  suyun kar\u015f\u0131s\u0131na ge\u00e7irdi. Zor \u015fartlara ra\u011fmen vadiden \u00e7\u0131kart\u0131l\u0131p veterinere g\u00f6t\u00fcr\u00fclen yaban ke\u00e7isi, yap\u0131lan m\u00fcdahaleye ra\u011fmen kurtar\u0131lamayarak telef oldu.<\/p>\n<p>Ta\u011far \u00c7ay\u0131n bal\u0131\u011fa gittiklerini aktaran gen\u00e7lerden \u00d6mer Faruk Kucum, &#8220;Suyun kar\u015f\u0131s\u0131nda bir da\u011f ke\u00e7isini g\u00f6rd\u00fck, halsiz ve bitkindi. Do\u011fa Koruma ekiplerini arad\u0131k. Onlara yard\u0131m ederek beraber getirdik&#8221; diye konu\u015ftu.<\/p>\n","protected":false},"excerpt":{"rendered":"<p>TUNCEL\u0130\u2019DE B\u0130R VAD\u0130DE  KAYALIKLARDA GEN\u00c7LER TARAFINDAN B\u0130TK\u0130N HALDE BULUNAN YABAN KE\u00c7\u0130S\u0130, T\u00dcM \u00c7ABALARA RA\u011eMEN KURTARILAMADI.<\/p>\n","protected":false},"author":1,"featured_media":226616,"comment_status":"closed","ping_status":"open","sticky":false,"template":"","format":"standard","meta":{"jetpack_post_was_ever_published":false,"_jetpack_newsletter_access":"","_jetpack_dont_email_post_to_subs":false,"_jetpack_newsletter_tier_id":0,"_jetpack_memberships_contains_paywalled_content":false,"_jetpack_memberships_contains_paid_content":false,"footnotes":"","jetpack_publicize_message":"","jetpack_publicize_feature_enabled":true,"jetpack_social_post_already_shared":true,"jetpack_social_options":{"image_generator_settings":{"template":"highway","default_image_id":0,"font":"","enabled":false},"version":2}},"categories":[1],"tags":[57172,3576,1622,10262,1031,77,18330,3577,1325,4096],"class_list":["post-226615","post","type-post","status-publish","format-standard","has-post-thumbnail","hentry","category-genel","tag-cabaya","tag-ekipler","tag-gencler","tag-kecisi","tag-kurtarilamadi","tag-oldu","tag-ragmen","tag-seferber","tag-tum","tag-yaban"],"jetpack_publicize_connections":[],"jetpack_featured_media_url":"https:\/\/i0.wp.com\/www.tvturk.com\/wp-content\/uploads\/2019\/11\/gencler-ve-ekipler-seferber-oldu-tum-cabaya-ragmen-yaban-kecisi-kurtarilamadi_4152c2b.jpg?fit=1000%2C657","jetpack_sharing_enabled":true,"jetpack_shortlink":"https:\/\/wp.me\/paKIfm-WX5","_links":{"self":[{"href":"http:\/\/www.tvturk.com\/index.php\/wp-json\/wp\/v2\/posts\/226615","targetHints":{"allow":["GET"]}}],"collection":[{"href":"http:\/\/www.tvturk.com\/index.php\/wp-json\/wp\/v2\/posts"}],"about":[{"href":"http:\/\/www.tvturk.com\/index.php\/wp-json\/wp\/v2\/types\/post"}],"author":[{"embeddable":true,"href":"http:\/\/www.tvturk.com\/index.php\/wp-json\/wp\/v2\/users\/1"}],"replies":[{"embeddable":true,"href":"http:\/\/www.tvturk.com\/index.php\/wp-json\/wp\/v2\/comments?post=226615"}],"version-history":[{"count":0,"href":"http:\/\/www.tvturk.com\/index.php\/wp-json\/wp\/v2\/posts\/226615\/revisions"}],"wp:featuredmedia":[{"embeddable":true,"href":"http:\/\/www.tvturk.com\/index.php\/wp-json\/wp\/v2\/media\/226616"}],"wp:attachment":[{"href":"http:\/\/www.tvturk.com\/index.php\/wp-json\/wp\/v2\/media?parent=226615"}],"wp:term":[{"taxonomy":"category","embeddable":true,"href":"http:\/\/www.tvturk.com\/index.php\/wp-json\/wp\/v2\/categories?post=226615"},{"taxonomy":"post_tag","embeddable":true,"href":"http:\/\/www.tvturk.com\/index.php\/wp-json\/wp\/v2\/tags?post=226615"}],"curies":[{"name":"wp","href":"https:\/\/api.w.org\/{rel}","templated":true}]}}