{"id":226894,"date":"2019-11-11T13:17:56","date_gmt":"2019-11-11T10:17:56","guid":{"rendered":"http:\/\/www.tvturk.com\/index.php\/turkiye-karate-sampiyonasi-ilk-kez-diyarbakirda-duzenlenecek\/"},"modified":"2019-11-11T13:17:56","modified_gmt":"2019-11-11T10:17:56","slug":"turkiye-karate-sampiyonasi-ilk-kez-diyarbakirda-duzenlenecek","status":"publish","type":"post","link":"http:\/\/www.tvturk.com\/index.php\/turkiye-karate-sampiyonasi-ilk-kez-diyarbakirda-duzenlenecek\/","title":{"rendered":"T\u00fcrkiye Karate \u015eampiyonas\u0131 ilk kez Diyarbak\u0131r\u2019da d\u00fczenlenecek"},"content":{"rendered":"<p>T\u00fcrk karatesinin gen\u00e7 y\u0131ld\u0131zlar\u0131n\u0131n m\u00fccadele edece\u011fi \u00dcmit, Gen\u00e7 ve 21 Ya\u015f Alt\u0131 T\u00fcrkiye Karate \u015eampiyonas\u0131, 14-17 Kas\u0131m tarihleri aras\u0131nda Diyarbak\u0131r\u2019da d\u00fczenlenecek.<\/p>\n<p>T\u00fcrkiye Karate Federasyonu\u2019nun 2019 faaliyet takviminde yer alan \u00dcmit, Gen\u00e7 ve 21 Ya\u015f Alt\u0131 T\u00fcrkiye Karate \u015eampiyonas\u0131, 14-17 Kas\u0131m tarihleri aras\u0131nda Diyarbak\u0131r\u2019da d\u00fczenlenecek. G\u00fcneydo\u011fu Anadolu B\u00f6lgesi\u2019nde yer alan \u015fehir, tarihte ilk kez ulusal seviyede bir T\u00fcrkiye Karate \u015eampiyonas\u0131\u2019na ev sahipli\u011fi yapacak.<\/p>\n<p>Seyrantepe Spor Salonu\u2019nda d\u00fczenlenecek m\u00fcsabakalarda 1999 ila 2004 aras\u0131 do\u011fumlu sporcular m\u00fccadele edecek. Kay\u0131tlar\u0131n 13 Kas\u0131m\u2019da sona erece\u011fi \u015fampiyonada yakla\u015f\u0131k 1500 sporcunun m\u00fccadele etmesi bekleniyor.<\/p>\n<p>\u015eampiyonan\u0131n a\u00e7\u0131l\u0131\u015f seremonisi 15 Kas\u0131m Cuma g\u00fcn\u00fc saat 15:00\u2019te ger\u00e7ekle\u015fecek.<\/p>\n<p>Milli kadro belirlenecek<\/p>\n<p>M\u00fcsabakalar\u0131n tamamlanmas\u0131n\u0131n ard\u0131ndan 17 Kas\u0131m Pazar g\u00fcn\u00fc, Milli tak\u0131m \u00f6n se\u00e7me m\u00fcsabakalar\u0131 yap\u0131lacak. \u00dcmit, Gen\u00e7 ve 21 Ya\u015f Alt\u0131 Karate Milli Tak\u0131m Teknik Kurulu, se\u00e7me m\u00fcsabakalar\u0131n\u0131n ard\u0131ndan yapaca\u011f\u0131 de\u011ferlendirme sonucunda 7-9 \u015eubat 2020 tarihleri aras\u0131nda Macaristan\u2019da d\u00fczenlenecek \u00dcmit, Gen\u00e7 ve 21 Ya\u015f Alt\u0131 Avrupa Karate \u015eampiyonas\u0131\u2019n\u0131n kadrosunu netle\u015ftirecek.<\/p>\n<p>Esat Delihasan: \u201c\u00dclkemizin her yeri g\u00fczel&#8221;<\/p>\n<p>T\u00fcrkiye Karate Federasyonu Ba\u015fkan\u0131 Esat Delihasan, T\u00fcrk karatesinin gen\u00e7 y\u0131ld\u0131zlar\u0131n\u0131n m\u00fccadele edece\u011fi \u015fampiyonan\u0131n Diyarbak\u0131r\u2019da ilk kez d\u00fczenlenece\u011fini belirterek, \u201cG\u00fcneydo\u011fu Anadolu B\u00f6lgesi\u2019nin \u00f6nemli \u015fehirlerinden olan Diyarbak\u0131r ilk kez bu seviyede bir organizasyona ev sahipli\u011fi yapacak. Bu t\u00fcr organizasyonlar\u0131 ger\u00e7ekle\u015ftirirken sporcular\u0131m\u0131z\u0131n hem en iyi ortamda rekabet etmesini hem de \u00fclkemizin farkl\u0131 \u015fehirlerini g\u00f6rerek sosyal ve k\u00fclt\u00fcrel a\u00e7\u0131dan kendilerini geli\u015ftirmelerine katk\u0131 sunmak istiyoruz. \u00dclkemizin her yeri farkl\u0131 g\u00fczellikleri bar\u0131nd\u0131r\u0131yor. \u0130nan\u0131yorum ki Diyarbak\u0131r\u2019daki organizasyona kat\u0131l\u0131m g\u00f6steren herkes, g\u00fczel duygularla \u015fehirden ayr\u0131lacak. Bu vesileyle t\u00fcm kat\u0131l\u0131mc\u0131lara ba\u015far\u0131lar diliyorum\u201d ifadelerini kulland\u0131.<\/p>\n","protected":false},"excerpt":{"rendered":"<p>T\u00dcRK\u0130YE KARATE \u015eAMP\u0130YONASI \u0130LK KEZ D\u0130YARBAKIR\u2019DA D\u00dcZENLENECEK<\/p>\n","protected":false},"author":1,"featured_media":226895,"comment_status":"closed","ping_status":"open","sticky":false,"template":"","format":"standard","meta":{"jetpack_post_was_ever_published":false,"_jetpack_newsletter_access":"","_jetpack_dont_email_post_to_subs":false,"_jetpack_newsletter_tier_id":0,"_jetpack_memberships_contains_paywalled_content":false,"_jetpack_memberships_contains_paid_content":false,"footnotes":"","jetpack_publicize_message":"","jetpack_publicize_feature_enabled":true,"jetpack_social_post_already_shared":true,"jetpack_social_options":{"image_generator_settings":{"template":"highway","default_image_id":0,"font":"","enabled":false},"version":2}},"categories":[657],"tags":[62,4842,37,9692,1497,395,453],"class_list":["post-226894","post","type-post","status-publish","format-standard","has-post-thumbnail","hentry","category-spor","tag-diyarbakirda","tag-duzenlenecek","tag-ilk","tag-karate","tag-kez","tag-sampiyonasi","tag-turkiye"],"jetpack_publicize_connections":[],"jetpack_featured_media_url":"https:\/\/i0.wp.com\/www.tvturk.com\/wp-content\/uploads\/2019\/11\/turkiye-karate-sampiyonasi-ilk-kez-diyarbakirda-duzenlenecek_b6fd5d1.jpg?fit=1000%2C666","jetpack_sharing_enabled":true,"jetpack_shortlink":"https:\/\/wp.me\/paKIfm-X1A","_links":{"self":[{"href":"http:\/\/www.tvturk.com\/index.php\/wp-json\/wp\/v2\/posts\/226894","targetHints":{"allow":["GET"]}}],"collection":[{"href":"http:\/\/www.tvturk.com\/index.php\/wp-json\/wp\/v2\/posts"}],"about":[{"href":"http:\/\/www.tvturk.com\/index.php\/wp-json\/wp\/v2\/types\/post"}],"author":[{"embeddable":true,"href":"http:\/\/www.tvturk.com\/index.php\/wp-json\/wp\/v2\/users\/1"}],"replies":[{"embeddable":true,"href":"http:\/\/www.tvturk.com\/index.php\/wp-json\/wp\/v2\/comments?post=226894"}],"version-history":[{"count":0,"href":"http:\/\/www.tvturk.com\/index.php\/wp-json\/wp\/v2\/posts\/226894\/revisions"}],"wp:featuredmedia":[{"embeddable":true,"href":"http:\/\/www.tvturk.com\/index.php\/wp-json\/wp\/v2\/media\/226895"}],"wp:attachment":[{"href":"http:\/\/www.tvturk.com\/index.php\/wp-json\/wp\/v2\/media?parent=226894"}],"wp:term":[{"taxonomy":"category","embeddable":true,"href":"http:\/\/www.tvturk.com\/index.php\/wp-json\/wp\/v2\/categories?post=226894"},{"taxonomy":"post_tag","embeddable":true,"href":"http:\/\/www.tvturk.com\/index.php\/wp-json\/wp\/v2\/tags?post=226894"}],"curies":[{"name":"wp","href":"https:\/\/api.w.org\/{rel}","templated":true}]}}