{"id":226950,"date":"2019-11-11T14:17:01","date_gmt":"2019-11-11T11:17:01","guid":{"rendered":"http:\/\/www.tvturk.com\/index.php\/her-yil-kibris-kadar-arazi-erozyona-kurban-gidiyor\/"},"modified":"2019-11-11T14:17:01","modified_gmt":"2019-11-11T11:17:01","slug":"her-yil-kibris-kadar-arazi-erozyona-kurban-gidiyor","status":"publish","type":"post","link":"http:\/\/www.tvturk.com\/index.php\/her-yil-kibris-kadar-arazi-erozyona-kurban-gidiyor\/","title":{"rendered":"Her y\u0131l K\u0131br\u0131s kadar arazi erozyona kurban gidiyor"},"content":{"rendered":"<p>Tekirda\u011f\u2019da \u2018Gelece\u011fe nefes\u2019 seferberli\u011fi kapsam\u0131nda binlerce fidan toprakla bulu\u015ftu. Fidan dikme t\u00f6reninde konu\u015fan Tekirda\u011f Valisi Aziz Y\u0131ld\u0131r\u0131m T\u00fcrkiye\u2019de her y\u0131l K\u0131br\u0131s kadar topra\u011f\u0131n erozyona kurban gitti\u011fini s\u00f6yledi.<\/p>\n<p>T\u00fcrkiye\u2019nin 81 ilinde e\u015f zamanl\u0131 olarak ger\u00e7ekle\u015ftirilen \u2019Gelece\u011fe Nefes\u2019 kampanyas\u0131 kapsam\u0131nda Tekirda\u011f\u2019da bir\u00e7ok noktada fidanlar toprakla bulu\u015ftu. Tekirda\u011f\u2019\u0131n S\u00fcleymanpa\u015fa \u0130l\u00e7esi Yenik\u00f6y A\u011fa\u00e7land\u0131rma sahas\u0131nda d\u00fczenlenen fidan dikme etkinli\u011fine Tekirda\u011f Valisi Aziz Y\u0131ld\u0131r\u0131m, AK Parti Tekirda\u011f Milletvekili Mustafa Yel, Tekirda\u011f Cumhuriyet Ba\u015fsavc\u0131s\u0131 G\u00fcng\u00f6r Karako\u00e7, Tekirda\u011f Garnizon Komutan\u0131 Tank\u00e7\u0131 Kurmay Albay Cumhur Mustafa K\u0131canao\u011flu, Tekirda\u011f Orman \u0130\u015fletme M\u00fcd\u00fcr\u00fc Ali \u015een, kurum m\u00fcd\u00fcrleri, \u00f6\u011frenciler ve \u00e7ok say\u0131da vatanda kat\u0131ld\u0131. Program kapsam\u0131nda saatler 11.11\u2019i g\u00f6sterdi\u011finde sirenlerin \u00e7almas\u0131yla fidanlar toprakla bulu\u015fmaya ba\u015flad\u0131. Tekirda\u011f genelinde yap\u0131lan etkinlik \u00e7er\u00e7evesinde 100 bin fidan toprakla bula\u015facak.<\/p>\n<p>K\u0131br\u0131s kadar toprak erozyona kurban oluyor<\/p>\n<p>Program kapsam\u0131nda a\u00e7\u0131klama yapan Tekirda\u011f Valisi Aziz Y\u0131ld\u0131r\u0131m, \u201cBu fidanlar\u0131n en g\u00fczel \u015fekilde b\u00fcy\u00fcyebilmesi i\u00e7in gereken her \u015feyi yap\u0131yoruz. Fakat burada vatanda\u015flar\u0131m\u0131zdan da istedi\u011fimiz bir \u015fey var. Bu ortaya konulan emekler bo\u015fa \u00e7\u0131kmamal\u0131. Yani biz bu fidanlar\u0131 korumal\u0131y\u0131z. Bu fidanlar\u0131n kurumamas\u0131 i\u00e7in elimden gelen her \u015feyi yapmal\u0131y\u0131z. Yani her birimiz bu konuda kendimiz bir orman g\u00f6revlisi olarak g\u00f6rmemiz gerekiyor. Asl\u0131nda bakarsan\u0131z vatan g\u00f6revlisi olarak g\u00f6rmemiz gerekiyor. Yani orman korumas\u0131 sadece silahl\u0131 askerimiz vas\u0131tas\u0131 ile olmuyor. Sivillerde topra\u011f\u0131m\u0131z\u0131 korumal\u0131lar mutlaka. Her bir y\u0131l K\u0131br\u0131s kadar arazimiz erozyona kurban gidiyor. Onun i\u00e7in bu topraklar\u0131m\u0131z\u0131 korumam\u0131z, verimli topraklar\u0131m\u0131z\u0131 daha verimli hale getirerek korumam\u0131z gerekiyor. Gelecekte \u00e7ocuklar\u0131m\u0131za daha ye\u015fil bir T\u00fcrkiye, daha havas\u0131 temiz bir T\u00fcrkiye b\u0131rakabilmek i\u00e7inde bug\u00fcn at\u0131lacak bu ad\u0131mlar\u0131n art\u0131r\u0131lmas\u0131 ve vatanda\u015flar\u0131m\u0131z taraf\u0131ndan da ayr\u0131 ayr\u0131 mutlaka sahiplenmesi gerekir\u201d dedi.<\/p>\n<p>AK Parti Tekirda\u011f Milletvekili Mustafa Yel ise \u201c\u0130n\u015fallah 81 ilimizin vatanda\u015f\u0131 ile ger\u00e7ekle\u015ftirece\u011fiz. Tekirda\u011f\u2019\u0131m\u0131zda da bug\u00fcn 100 bin fidan\u0131 toprakla bulu\u015fturuyoruz\u201d diye konu\u015ftu.<\/p>\n<p>Tekirda\u011f Cumhuriyet Ba\u015fsavc\u0131s\u0131 G\u00fcng\u00f6r Karako\u00e7 da alanda yapt\u0131\u011f\u0131 a\u00e7\u0131klamada, &#8220;Fidan ekim seferberli\u011fine Tekirda\u011f Cumhuriyet Ba\u015fsavc\u0131l\u0131\u011f\u0131 A\u00e7\u0131k Ceza \u0130nfaz Kurumu ve Denetimli Serbestlik M\u00fcd\u00fcrl\u00fc\u011f\u00fc olarak kat\u0131ld\u0131k. Burada bizlerde yerimizi ald\u0131k. Etkinlik \u00e7er\u00e7evesinde a\u011fa\u00e7lar\u0131m\u0131z\u0131 dikece\u011fiz. Bunlar\u0131n yine bak\u0131m\u0131 A\u00e7\u0131k Ceza \u0130nfaz Kurumu g\u00f6revlilerimizce ve Denetimli Serbestlik M\u00fcd\u00fcrl\u00fc\u011f\u00fc g\u00f6revlilerince yerine getirilecek. B\u00f6yle bir seferberlikte yer ald\u0131\u011f\u0131m\u0131z i\u00e7in mutluyuz\u201d \u015feklinde konu\u015ftu.<\/p>\n","protected":false},"excerpt":{"rendered":"<p>TEK\u0130RDA\u011e\u2019DA \u2018GELECE\u011eE NEFES\u2019 SEFERBERL\u0130\u011e\u0130 KAPSAMINDA B\u0130NLERCE F\u0130DAN TOPRAKLA BULU\u015eTU.<\/p>\n","protected":false},"author":1,"featured_media":226951,"comment_status":"closed","ping_status":"open","sticky":false,"template":"","format":"standard","meta":{"jetpack_post_was_ever_published":false,"_jetpack_newsletter_access":"","_jetpack_dont_email_post_to_subs":false,"_jetpack_newsletter_tier_id":0,"_jetpack_memberships_contains_paywalled_content":false,"_jetpack_memberships_contains_paid_content":false,"footnotes":"","jetpack_publicize_message":"","jetpack_publicize_feature_enabled":true,"jetpack_social_post_already_shared":true,"jetpack_social_options":{"image_generator_settings":{"template":"highway","default_image_id":0,"font":"","enabled":false},"version":2}},"categories":[1],"tags":[14166,57213,458,73,3702,7566,20956,231],"class_list":["post-226950","post","type-post","status-publish","format-standard","has-post-thumbnail","hentry","category-genel","tag-arazi","tag-erozyona","tag-gidiyor","tag-her","tag-kadar","tag-kibris","tag-kurban","tag-yil"],"jetpack_publicize_connections":[],"jetpack_featured_media_url":"https:\/\/i0.wp.com\/www.tvturk.com\/wp-content\/uploads\/2019\/11\/her-yil-kibris-kadar-arazi-erozyona-kurban-gidiyor_b46820b.jpg?fit=1000%2C662","jetpack_sharing_enabled":true,"jetpack_shortlink":"https:\/\/wp.me\/paKIfm-X2u","_links":{"self":[{"href":"http:\/\/www.tvturk.com\/index.php\/wp-json\/wp\/v2\/posts\/226950","targetHints":{"allow":["GET"]}}],"collection":[{"href":"http:\/\/www.tvturk.com\/index.php\/wp-json\/wp\/v2\/posts"}],"about":[{"href":"http:\/\/www.tvturk.com\/index.php\/wp-json\/wp\/v2\/types\/post"}],"author":[{"embeddable":true,"href":"http:\/\/www.tvturk.com\/index.php\/wp-json\/wp\/v2\/users\/1"}],"replies":[{"embeddable":true,"href":"http:\/\/www.tvturk.com\/index.php\/wp-json\/wp\/v2\/comments?post=226950"}],"version-history":[{"count":0,"href":"http:\/\/www.tvturk.com\/index.php\/wp-json\/wp\/v2\/posts\/226950\/revisions"}],"wp:featuredmedia":[{"embeddable":true,"href":"http:\/\/www.tvturk.com\/index.php\/wp-json\/wp\/v2\/media\/226951"}],"wp:attachment":[{"href":"http:\/\/www.tvturk.com\/index.php\/wp-json\/wp\/v2\/media?parent=226950"}],"wp:term":[{"taxonomy":"category","embeddable":true,"href":"http:\/\/www.tvturk.com\/index.php\/wp-json\/wp\/v2\/categories?post=226950"},{"taxonomy":"post_tag","embeddable":true,"href":"http:\/\/www.tvturk.com\/index.php\/wp-json\/wp\/v2\/tags?post=226950"}],"curies":[{"name":"wp","href":"https:\/\/api.w.org\/{rel}","templated":true}]}}