{"id":226960,"date":"2019-11-11T14:17:45","date_gmt":"2019-11-11T11:17:45","guid":{"rendered":"http:\/\/www.tvturk.com\/index.php\/himalayalardan-trabzona-2\/"},"modified":"2019-11-11T14:17:45","modified_gmt":"2019-11-11T11:17:45","slug":"himalayalardan-trabzona-2","status":"publish","type":"post","link":"http:\/\/www.tvturk.com\/index.php\/himalayalardan-trabzona-2\/","title":{"rendered":"Himalayalar\u2019dan Trabzon\u2019a"},"content":{"rendered":"<p>Tar\u0131m ve Orman Bakanl\u0131\u011f\u0131 Orman Genel M\u00fcd\u00fcrl\u00fc\u011f\u00fc koordinasyonunda t\u00fcm T\u00fcrkiye\u2019de ba\u015flat\u0131lan &#8220;Gelece\u011fe Nefes&#8221; seferberli\u011fi kapsam\u0131nda Trabzon\u2019da dikilen fidanlar aras\u0131nda anavatan\u0131 Himalaya Da\u011flar\u0131 olan ve g\u00fcne\u015fe serilerek kurutulan meyvesi do\u011fal bir deterjan g\u00f6revi g\u00f6ren \u2019Sabun Cevizi\u2019 de yer ald\u0131. Sabun Cevizi\u2019nden 150 adet T\u00fcrkiye\u2019de ilk kez a\u011fa\u00e7land\u0131rma kampanyas\u0131 kapsam\u0131nda Trabzon \u00dcniversitesi Kamp\u00fcs\u00fc\u2019ne dikildi.<\/p>\n<p>Konuyla ilgili a\u00e7\u0131klamalarda bulunan Trabzon Orman Fidanl\u0131k M\u00fcd\u00fcr\u00fc ve Orman Y\u00fcksek M\u00fchendisi Faruk Aksu, dikilen Sabun Cevizi fidanlar\u0131n\u0131n 8-10 y\u0131l sonra meyve vermeye ba\u015flayaca\u011f\u0131n\u0131 belirterek bu a\u011fac\u0131n T\u00fcrkiye i\u00e7in \u00e7ok \u00f6nemli bir end\u00fcstriyel bir \u00fcr\u00fcn olaca\u011f\u0131n\u0131 s\u00f6yledi. Aksu, \u201dT\u00fcrkiye \u00e7ap\u0131nda 11 milyon adet fidan dikim etkinli\u011fi kapsam\u0131nda Trabzon \u00dcniversitesi S\u00f6\u011f\u00fctl\u00fc Kamp\u00fcs\u00fcnde 12 bin adet fidan dikim t\u00f6reni d\u00fczenledik ve a\u011fa\u00e7land\u0131rma kampanyas\u0131n\u0131 ba\u015flatt\u0131k. Gelece\u011fi nefes olarak bir katk\u0131 sa\u011flam\u0131\u015f olduk&#8221; dedi.<\/p>\n<p>T\u00fcrkiye\u2019deki a\u011fa\u00e7land\u0131rma kampanyas\u0131nda Trabzon olarak bir fark\u0131 ortaya koyduklar\u0131n\u0131 kaydeden aksu &#8220;\u0130lk kez T\u00fcrkiye\u2019de Bakan\u0131m\u0131z\u0131n talimat\u0131yla Himalayalar\u2019dan Hindistan\u2019dan getirilen sabun cevizi veya sabun a\u011fac\u0131 dedi\u011fimiz a\u011fac\u0131n tohumlar\u0131ndan bu y\u0131l Of fidanl\u0131\u011f\u0131nda elde etti\u011fimiz 3 bin 400 fidan\u0131m\u0131z\u0131n 150 adedini bu kamp\u00fcse dikiyoruz. \u00d6zellikle bu sabun cevizi dedi\u011fimiz t\u00fcr \u00f6nemli bir t\u00fcr. Bin y\u0131ldan beri Himalaya\u2019da yerel halk\u0131n temizlik \u00fcr\u00fcn\u00fc olarak kulland\u0131\u011f\u0131 bir \u00fcr\u00fcn. Bunlar\u0131n cevizleri yenmiyor, suda kaynat\u0131l\u0131yor \u015fampuan ve deterjan olarak kullan\u0131l\u0131yor. Biz de bunu T\u00fcrkiye\u2019de iklim olarak Do\u011fu Karadeniz\u2019de uygun bir t\u00fcr. Burada deneme \u00e7al\u0131\u015fmas\u0131 yap\u0131yoruz ve ileride bu a\u011fa\u00e7lar\u0131n meyveleri de vermi\u015f olacak. Do\u011faya uygun, insan sa\u011fl\u0131\u011f\u0131na zarar vermeyen bir temizlik \u00fcr\u00fcn\u00fc olacak. 8-10 y\u0131l zarf\u0131nda meyve vermeye ba\u015fl\u0131yor. Dikilen fidanlar 1 ya\u015f\u0131ndaki fidanlard\u0131r. H\u0131zl\u0131 b\u00fcy\u00fcyor. Gelecek i\u00e7in T\u00fcrkiye i\u00e7in \u00e7ok \u00f6nemli end\u00fcstriyel bir \u00fcr\u00fcn olacak. \u0130lk kez T\u00fcrkiye\u2019de Trabzon\u2019da buraya dikiliyor. \u015eu anda kulland\u0131\u011f\u0131m\u0131z deterjanlar insan v\u00fccuduna zarar veriyor. Bu da onlara bir alternatiftir. \u0130lerde yayg\u0131nla\u015facakt\u0131r. Y\u00f6remizde ciddi anlamda sanayisinin kurulaca\u011f\u0131n\u0131 d\u00fc\u015f\u00fcn\u00fcyoruz. Bu bir ba\u015flang\u0131\u00e7 olacakt\u0131r\u201d diye konu\u015ftu.<\/p>\n<p>\u00d6te yandan literat\u00fcrdeki ad\u0131 \u201cSapindus mukorossi\u201d olan sabun cevizi \u015fampuan yap\u0131m\u0131nda kullan\u0131l\u0131rken, dermatolojik bir \u00e7ok faydas\u0131 bulundu\u011fundan 2018 y\u0131l\u0131 sonbahar\u0131nda Hindistan\u2019dan 104 kilogram tohum ithal edilmi\u015fti.   Bu tohumlar Adana, Antalya, Ankara, Bursa, Eski\u015fehir, \u0130zmir, Mu\u011fla, Trabzon ve  Zonguldak Orman B\u00f6lge M\u00fcd\u00fcrl\u00fcklerine ba\u011fl\u0131 10 ayr\u0131 fidanl\u0131\u011fa da\u011f\u0131t\u0131larak \u00e7imlenme ve fidan \u00fcretimi ba\u015flat\u0131lm\u0131\u015ft\u0131.<\/p>\n","protected":false},"excerpt":{"rendered":"<p>ANA VATANI H\u0130MALAYA DA\u011eLARI OLAN VE G\u00dcNE\u015eE SER\u0130LEREK KURUTULAN MEYVES\u0130 DO\u011eAL B\u0130R DETERJAN G\u00d6REV\u0130 G\u00d6REN SABUN CEV\u0130Z\u0130, T\u00dcRK\u0130YE\u2019DE \u0130LK KEZ  150 ADED\u0130 TRABZON \u00dcN\u0130VERS\u0130TES\u0130  KAMP\u00dcS\u00dcNE D\u0130K\u0130LD\u0130.<\/p>\n","protected":false},"author":1,"featured_media":226961,"comment_status":"closed","ping_status":"open","sticky":false,"template":"","format":"standard","meta":{"jetpack_post_was_ever_published":false,"_jetpack_newsletter_access":"","_jetpack_dont_email_post_to_subs":false,"_jetpack_newsletter_tier_id":0,"_jetpack_memberships_contains_paywalled_content":false,"_jetpack_memberships_contains_paid_content":false,"footnotes":"","jetpack_publicize_message":"","jetpack_publicize_feature_enabled":true,"jetpack_social_post_already_shared":true,"jetpack_social_options":{"image_generator_settings":{"template":"highway","default_image_id":0,"font":"","enabled":false},"version":2}},"categories":[1],"tags":[44024,8270],"class_list":["post-226960","post","type-post","status-publish","format-standard","has-post-thumbnail","hentry","category-genel","tag-himalayalardan","tag-trabzona"],"jetpack_publicize_connections":[],"jetpack_featured_media_url":"https:\/\/i0.wp.com\/www.tvturk.com\/wp-content\/uploads\/2019\/11\/himalayalardan-trabzona_13602b9.jpg?fit=1000%2C666","jetpack_sharing_enabled":true,"jetpack_shortlink":"https:\/\/wp.me\/paKIfm-X2E","_links":{"self":[{"href":"http:\/\/www.tvturk.com\/index.php\/wp-json\/wp\/v2\/posts\/226960","targetHints":{"allow":["GET"]}}],"collection":[{"href":"http:\/\/www.tvturk.com\/index.php\/wp-json\/wp\/v2\/posts"}],"about":[{"href":"http:\/\/www.tvturk.com\/index.php\/wp-json\/wp\/v2\/types\/post"}],"author":[{"embeddable":true,"href":"http:\/\/www.tvturk.com\/index.php\/wp-json\/wp\/v2\/users\/1"}],"replies":[{"embeddable":true,"href":"http:\/\/www.tvturk.com\/index.php\/wp-json\/wp\/v2\/comments?post=226960"}],"version-history":[{"count":0,"href":"http:\/\/www.tvturk.com\/index.php\/wp-json\/wp\/v2\/posts\/226960\/revisions"}],"wp:featuredmedia":[{"embeddable":true,"href":"http:\/\/www.tvturk.com\/index.php\/wp-json\/wp\/v2\/media\/226961"}],"wp:attachment":[{"href":"http:\/\/www.tvturk.com\/index.php\/wp-json\/wp\/v2\/media?parent=226960"}],"wp:term":[{"taxonomy":"category","embeddable":true,"href":"http:\/\/www.tvturk.com\/index.php\/wp-json\/wp\/v2\/categories?post=226960"},{"taxonomy":"post_tag","embeddable":true,"href":"http:\/\/www.tvturk.com\/index.php\/wp-json\/wp\/v2\/tags?post=226960"}],"curies":[{"name":"wp","href":"https:\/\/api.w.org\/{rel}","templated":true}]}}