{"id":226974,"date":"2019-11-11T14:46:42","date_gmt":"2019-11-11T11:46:42","guid":{"rendered":"http:\/\/www.tvturk.com\/index.php\/5g-teknolojisiyle-araclar-mobil-cihaz-olacak\/"},"modified":"2019-11-11T14:46:42","modified_gmt":"2019-11-11T11:46:42","slug":"5g-teknolojisiyle-araclar-mobil-cihaz-olacak","status":"publish","type":"post","link":"http:\/\/www.tvturk.com\/index.php\/5g-teknolojisiyle-araclar-mobil-cihaz-olacak\/","title":{"rendered":"5G teknolojisiyle ara\u00e7lar mobil cihaz olacak"},"content":{"rendered":"<p>Batarya \u00fcreticisi CATL \u015firketinin k\u0131demli y\u00f6neticisi Robert Lai, son 10 y\u0131lda batarya menzillerinin 4 kat\u0131na \u00e7\u0131kt\u0131\u011f\u0131n\u0131 ve batarya maliyetlerinin y\u00fczde 80 d\u00fc\u015ft\u00fc\u011f\u00fcn\u00fc vurgulad\u0131. Konu\u015fmas\u0131nda 5G teknolojisine dikkat \u00e7eken Lai, \u201cK\u0131sa bir s\u00fcre i\u00e7erisinde 5G teknolojisiyle otomobiller daha iyi bir ileti\u015fim arac\u0131na d\u00f6n\u00fc\u015fecek. Art\u0131k sadece tek ba\u015f\u0131na bir ara\u00e7 de\u011fil, ayn\u0131 zamanda ak\u0131ll\u0131 bir mobil cihaz haline gelecekler\u201d diye konu\u015ftu. Robert Lai ayr\u0131ca, 2030 y\u0131l\u0131nda elektrikli ara\u00e7larla konvansiyonel ara\u00e7lar aras\u0131ndaki sat\u0131n alma tercihlerinin de yar\u0131 yar\u0131ya dengelenece\u011fini s\u00f6yledi.<\/p>\n<p>Her biri alan\u0131nda uzman yerli ve yabanc\u0131 m\u00fchendisler, otomotiv end\u00fcstrisindeki elektrikli ara\u00e7 d\u00f6n\u00fc\u015f\u00fcm\u00fcn\u00fc t\u00fcm y\u00f6nleriyle ele almak \u00fczere Uluslararas\u0131 Otomotiv M\u00fchendisli\u011fi Konferans\u0131 &#8211; IAEC\u201d i\u00e7in \u0130stanbul\u2019da bulu\u015ftu. Otomotiv Sanayii Derne\u011fi (OSD), Otomotiv End\u00fcstrisi \u0130hracat\u00e7\u0131lar\u0131 Birli\u011fi (O\u0130B), Otomotiv Teknoloji Platformu (OTEP) ile Ta\u015f\u0131t Ara\u00e7lar\u0131 Tedarik Sanayicileri Derne\u011fi (TAYSAD) taraf\u0131ndan d\u00fczenlenen ve Amerikan Otomotiv M\u00fchendisleri Birli\u011fi\u2019nin (Amerikan Society of Automotive Engineers &#8211; SAE International) destekledi\u011fi IAEC 2019\u2019un bu y\u0131lki ana temas\u0131 \u201cElektrikli Ara\u00e7 Teknolojileri ve Gelece\u011fi\u201d oldu. Elektrikli ara\u00e7lardaki mevcut durum ve gelecekte d\u00fcnyay\u0131 bekleyen geli\u015fmelerle ilgili ufuk a\u00e7\u0131c\u0131 bilgilerin verildi\u011fi konferansta; Li-Ion bataryalarda gelinen nokta, elektrikli ara\u00e7larda te\u015fvik sistemleri, elektrikli ara\u00e7 g\u00fc\u00e7 aktarma organlar\u0131ndaki yenilik\u00e7i trendler, T\u00fcrkiye elektrikli ara\u00e7 pazar\u0131, T\u00fcrkiye\u2019de batarya \u00fcretimi, yak\u0131t h\u00fccre sistemleri, ticari ara\u00e7 elektrifikasyonu e\u011filimleri, batarya durum tespitleri, \u015febeke ve a\u011f da\u011f\u0131t\u0131m sorunlar\u0131, \u015farj teknolojileri, ve batarya teknolojilerinin tedarik\u00e7ilere etkileri konular\u0131nda oturumlar d\u00fczenlendi.<\/p>\n<p>\u201cAvrupa ve ABD, \u00c7in\u2019i takip ediyor&#8221;<\/p>\n<p>Konferans\u0131n a\u00e7\u0131l\u0131\u015f konu\u015fmas\u0131n\u0131 yapan Bo\u011fazi\u00e7i \u00dcniversitesi M\u00fchendislik Fak\u00fcltesi Dekan\u0131 ve IAEC 19 Konferans\u0131 Ba\u015fkan\u0131 G\u00fcnay Anla\u015f, d\u00fcnyada elektrikli ara\u00e7lara olan ilginin artarak devam etti\u011fini belirterek, \u201cYakla\u015f\u0131k 10 y\u0131l \u00f6nce 1 y\u0131lda sat\u0131lan elektrikli ara\u00e7 say\u0131s\u0131 binler mertebesindeyken, g\u00fcn\u00fcm\u00fczde milyonlardan bahsediyoruz. Bu konuda en b\u00fcy\u00fck paya sahip olan \u00c7in\u2019in ard\u0131ndan Avrupa ve ABD gelmekte. T\u00fcrkiye\u2019de ise ge\u00e7ti\u011fimiz y\u0131l, devlet ve sanayicilerin i\u015fbirli\u011fi ile elektrikli otomobil \u00fcretimi i\u00e7in \u00e7al\u0131\u015fmalara ba\u015fland\u0131. Bununla birlikte elektrikli ara\u00e7 bataryalar\u0131n\u0131n nerede dolumunun yap\u0131laca\u011f\u0131, elektrikli ara\u00e7lar\u0131n menzilleri, elektrikli ara\u00e7lar\u0131n ve \u00fcretimlerinin \u00e7evreye zarar verip vermedi\u011fi, kullan\u0131lan   elektri\u011fin hangi kaynaklardan \u00fcretilece\u011fi ve ara\u00e7 maliyetleri gibi pek \u00e7ok soru g\u00fcndemi olu\u015fturmaktad\u0131r\u201d dedi.<\/p>\n<p>\u201cMenzil 4 kat artt\u0131, maliyetler y\u00fczde 80 d\u00fc\u015ft\u00fc\u201d<\/p>\n<p>Konferansa ana konu\u015fmac\u0131 olarak kat\u0131lan d\u00fcnyan\u0131n en b\u00fcy\u00fck lityum batarya \u00fcreticisi CATL \u015firketinin k\u0131demli y\u00f6neticisi Robert Lai, \u201cG\u00fcn\u00fcm\u00fczde elektrikli ara\u00e7lar\u0131n pazara giri\u015f oranlar\u0131 y\u00fczde 5\u2019lere kadar \u00e7\u0131kt\u0131 ve elektrikli ara\u00e7lar\u0131n pazar adetleri 1 milyonu a\u015ft\u0131. Toyota, VW ve BMW gibi elektrikli ara\u00e7 teknolojilerini \u00e7ok erken bir d\u00f6nemde kabul eden \u00fcreticiler, performans ve maliyet a\u00e7\u0131s\u0131ndan \u00f6nemli geli\u015ftirmelere imza at\u0131yorlar. \u015earj altyap\u0131s\u0131na bak\u0131ld\u0131\u011f\u0131nda d\u00fcnya \u00e7ap\u0131nda 350 kWh de\u011ferlerine ula\u015fan istasyonlar kurulmaya \u00e7al\u0131\u015f\u0131l\u0131yor. Ge\u00e7ti\u011fimiz 10 y\u0131la g\u00f6re batarya menzilleri d\u00f6rt kat\u0131na kadar \u00e7\u0131kt\u0131. Bunu yaparken de yakla\u015f\u0131k y\u00fczde 80 oran\u0131nda batarya maliyetleri d\u00fc\u015f\u00fcr\u00fcld\u00fc. Yak\u0131n gelecekte elektrikli ara\u00e7lar bu anlamda konvansiyonel ara\u00e7larla e\u015f de\u011fer rekabete ula\u015facak, hatta daha iyi fiyatlara sat\u0131\u015fa \u00e7\u0131kacak\u201d diye konu\u015ftu.<\/p>\n<p>\u201cSat\u0131n alma dengesine bakt\u0131\u011f\u0131m\u0131zda ise, 2025 y\u0131l\u0131nda elektrikli ara\u00e7lar ve i\u00e7ten yanmal\u0131 ara\u00e7lar\u0131n dengeli bir seyir izleyece\u011fine inan\u0131yoruz\u201d diyen Robert Lai s\u00f6zlerine \u015fu \u015fekilde devam etti: \u201c2030 y\u0131l\u0131na geldi\u011fimizde elektrikli ara\u00e7larla konvansiyonel ara\u00e7lar aras\u0131ndaki sat\u0131n alma tercihlerinin de yar\u0131 yar\u0131ya dengelenece\u011fini s\u00f6yleyebiliriz. 2040 y\u0131l\u0131na gelindi\u011finde ise art\u0131k elektrikle\u015fme \u00e7ok daha artacak. Di\u011fer taraftan 5G d\u00fcnyada teknolojiyi \u00e7ok farkl\u0131 bir boyuta ta\u015f\u0131yacak ve bu durum otomotiv end\u00fcstrisini de \u00f6nemli oranda etkileyecek. \u00c7ok k\u0131sa bir s\u00fcre i\u00e7erisinde 5G teknolojisiyle otomobiller daha iyi bir ileti\u015fim arac\u0131na d\u00f6n\u00fc\u015fecek. Art\u0131k sadece tek ba\u015f\u0131na bir ara\u00e7 de\u011fil, ayn\u0131 zamanda ak\u0131ll\u0131 bir mobil cihaz haline gelecekler. B\u00fcy\u00fck olas\u0131l\u0131kla otonom kullan\u0131m oran\u0131 da y\u00fcksek d\u00fczeylere \u00e7\u0131kaca\u011f\u0131ndan, elektrikli ara\u00e7lara bu \u00f6zellikler kat\u0131ld\u0131\u011f\u0131nda \u00e7ok daha h\u0131zl\u0131 yayg\u0131nla\u015faca\u011f\u0131na inan\u0131yoruz.\u201d<\/p>\n","protected":false},"excerpt":{"rendered":"<p>ROBERT LA\u0130<\/p>\n","protected":false},"author":1,"featured_media":226975,"comment_status":"closed","ping_status":"open","sticky":false,"template":"","format":"standard","meta":{"jetpack_post_was_ever_published":false,"_jetpack_newsletter_access":"","_jetpack_dont_email_post_to_subs":false,"_jetpack_newsletter_tier_id":0,"_jetpack_memberships_contains_paywalled_content":false,"_jetpack_memberships_contains_paid_content":false,"footnotes":"","jetpack_publicize_message":"","jetpack_publicize_feature_enabled":true,"jetpack_social_post_already_shared":true,"jetpack_social_options":{"image_generator_settings":{"template":"highway","default_image_id":0,"font":"","enabled":false},"version":2}},"categories":[19],"tags":[9274,10588,2183,1189,34002],"class_list":["post-226974","post","type-post","status-publish","format-standard","has-post-thumbnail","hentry","category-ekonomi","tag-araclar","tag-cihaz","tag-mobil","tag-olacak","tag-teknolojisiyle"],"jetpack_publicize_connections":[],"jetpack_featured_media_url":"https:\/\/i0.wp.com\/www.tvturk.com\/wp-content\/uploads\/2019\/11\/5g-teknolojisiyle-araclar-mobil-cihaz-olacak_279ebbf.jpg?fit=1000%2C666","jetpack_sharing_enabled":true,"jetpack_shortlink":"https:\/\/wp.me\/paKIfm-X2S","_links":{"self":[{"href":"http:\/\/www.tvturk.com\/index.php\/wp-json\/wp\/v2\/posts\/226974","targetHints":{"allow":["GET"]}}],"collection":[{"href":"http:\/\/www.tvturk.com\/index.php\/wp-json\/wp\/v2\/posts"}],"about":[{"href":"http:\/\/www.tvturk.com\/index.php\/wp-json\/wp\/v2\/types\/post"}],"author":[{"embeddable":true,"href":"http:\/\/www.tvturk.com\/index.php\/wp-json\/wp\/v2\/users\/1"}],"replies":[{"embeddable":true,"href":"http:\/\/www.tvturk.com\/index.php\/wp-json\/wp\/v2\/comments?post=226974"}],"version-history":[{"count":0,"href":"http:\/\/www.tvturk.com\/index.php\/wp-json\/wp\/v2\/posts\/226974\/revisions"}],"wp:featuredmedia":[{"embeddable":true,"href":"http:\/\/www.tvturk.com\/index.php\/wp-json\/wp\/v2\/media\/226975"}],"wp:attachment":[{"href":"http:\/\/www.tvturk.com\/index.php\/wp-json\/wp\/v2\/media?parent=226974"}],"wp:term":[{"taxonomy":"category","embeddable":true,"href":"http:\/\/www.tvturk.com\/index.php\/wp-json\/wp\/v2\/categories?post=226974"},{"taxonomy":"post_tag","embeddable":true,"href":"http:\/\/www.tvturk.com\/index.php\/wp-json\/wp\/v2\/tags?post=226974"}],"curies":[{"name":"wp","href":"https:\/\/api.w.org\/{rel}","templated":true}]}}