{"id":22707,"date":"2019-02-11T17:11:08","date_gmt":"2019-02-11T14:11:08","guid":{"rendered":"http:\/\/www.tvturk.com\/index.php\/bursada-yarali-sahin-bulundu\/"},"modified":"2019-02-11T17:11:10","modified_gmt":"2019-02-11T14:11:10","slug":"bursada-yarali-sahin-bulundu","status":"publish","type":"post","link":"http:\/\/www.tvturk.com\/index.php\/bursada-yarali-sahin-bulundu\/","title":{"rendered":"Bursa\u2019da yaral\u0131 \u015fahin bulundu"},"content":{"rendered":"<p>Bursa-Ankara kara yolunda yaral\u0131 \u015fahin bulundu.<\/p>\n<p>Bir \u00e7ift\u00e7i taraf\u0131ndan Bursa-Ankara yolunda yaral\u0131 \u015fahin bulundu. Yaral\u0131 ku\u015f \u0130neg\u00f6l Ziraat Odas\u0131\u2019na teslim edildi. Ziraat Odas\u0131 yetkilileri yaral\u0131 \u015fahini teslim alarak \u0130neg\u00f6l Belediyesi Hayvan Bak\u0131m Merkezi yetkililerine \u00fczere teslim etti. Ziraat Odas\u0131 Ba\u015fkan\u0131 Sezai \u00c7elik, &#8220;Bir \u00e7ift\u00e7imiz taraf\u0131ndan yaral\u0131 \u015fahin bize teslim edildi. Biliyorsunuz g\u00fcn\u00fcm\u00fczde yaban hayvanlar\u0131n\u0131n nesli t\u00fckenmek \u00fczere. Yaral\u0131 \u015fahini belediye yetkililerine teslim ettik&#8221; dedi<div class=\"tiled-gallery type-rectangular tiled-gallery-unresized\" data-original-width=\"500\" data-carousel-extra='null' itemscope itemtype=\"http:\/\/schema.org\/ImageGallery\" > <div class=\"gallery-row\" style=\"width: 500px; height: 157px;\" data-original-width=\"500\" data-original-height=\"157\" > <div class=\"gallery-group images-1\" style=\"width: 208px; height: 157px;\" data-original-width=\"208\" data-original-height=\"157\" > <div class=\"tiled-gallery-item tiled-gallery-item-small\" itemprop=\"associatedMedia\" itemscope itemtype=\"http:\/\/schema.org\/ImageObject\"> <a href=\"http:\/\/www.tvturk.com\/index.php\/bursada-yarali-sahin-bulundu\/bursada-yarali-sahin-bulundu-3\/\" border=\"0\" itemprop=\"url\"> <meta itemprop=\"width\" content=\"204\"> <meta itemprop=\"height\" content=\"153\"> <img decoding=\"async\" class=\"\" data-attachment-id=\"22709\" data-orig-file=\"http:\/\/www.tvturk.com\/wp-content\/uploads\/2019\/02\/bursada-yarali-sahin-bulundu_c378bb7.jpg\" data-orig-size=\"1000,750\" data-comments-opened=\"\" data-image-meta=\"{&quot;aperture&quot;:&quot;0&quot;,&quot;credit&quot;:&quot;IHA&quot;,&quot;camera&quot;:&quot;&quot;,&quot;caption&quot;:&quot;BURSA-ANKARA KARA YOLU KANTAR MEVK\\u0130NDE B\\u0130R \\u015eAH\\u0130N YARALI BULUNDU. (SEYFETT\\u0130N ARAS\\\/BURSA-\\u0130HA)&quot;,&quot;created_timestamp&quot;:&quot;0&quot;,&quot;copyright&quot;:&quot;\\u0130HLAS HABER AJANSI, www.iha.com.tr&quot;,&quot;focal_length&quot;:&quot;0&quot;,&quot;iso&quot;:&quot;0&quot;,&quot;shutter_speed&quot;:&quot;0&quot;,&quot;title&quot;:&quot;BURSA\\u0027DA YARALI \\u015eAH\\u0130N BULUNDU&quot;,&quot;orientation&quot;:&quot;0&quot;}\" data-image-title=\"Bursa\u2019da yaral\u0131 \u015fahin bulundu\" data-image-description=\"&lt;p&gt;Bursa\u2019da yaral\u0131 \u015fahin bulundu&lt;\/p&gt; \" data-medium-file=\"https:\/\/i0.wp.com\/www.tvturk.com\/wp-content\/uploads\/2019\/02\/bursada-yarali-sahin-bulundu_c378bb7.jpg?fit=300%2C225\" data-large-file=\"https:\/\/i0.wp.com\/www.tvturk.com\/wp-content\/uploads\/2019\/02\/bursada-yarali-sahin-bulundu_c378bb7.jpg?fit=1000%2C750\" src=\"https:\/\/i0.wp.com\/www.tvturk.com\/wp-content\/uploads\/2019\/02\/bursada-yarali-sahin-bulundu_c378bb7.jpg?w=204&#038;h=153\" srcset=\"https:\/\/i0.wp.com\/www.tvturk.com\/wp-content\/uploads\/2019\/02\/bursada-yarali-sahin-bulundu_c378bb7.jpg?w=1000 1000w, https:\/\/i0.wp.com\/www.tvturk.com\/wp-content\/uploads\/2019\/02\/bursada-yarali-sahin-bulundu_c378bb7.jpg?resize=150%2C113 150w, https:\/\/i0.wp.com\/www.tvturk.com\/wp-content\/uploads\/2019\/02\/bursada-yarali-sahin-bulundu_c378bb7.jpg?resize=300%2C225 300w, https:\/\/i0.wp.com\/www.tvturk.com\/wp-content\/uploads\/2019\/02\/bursada-yarali-sahin-bulundu_c378bb7.jpg?resize=768%2C576 768w\" width=\"204\" height=\"153\" loading=\"lazy\" data-original-width=\"204\" data-original-height=\"153\" itemprop=\"http:\/\/schema.org\/image\" title=\"Bursa\u2019da yaral\u0131 \u015fahin bulundu\" alt=\"Bursa\u2019da yaral\u0131 \u015fahin bulundu\" style=\"width: 204px; height: 153px;\" \/> <\/a> <\/div> <\/div> <!-- close group --> <div class=\"gallery-group images-1\" style=\"width: 292px; height: 157px;\" data-original-width=\"292\" data-original-height=\"157\" > <div class=\"tiled-gallery-item tiled-gallery-item-large\" itemprop=\"associatedMedia\" itemscope itemtype=\"http:\/\/schema.org\/ImageObject\"> <a href=\"http:\/\/www.tvturk.com\/index.php\/bursada-yarali-sahin-bulundu\/bursada-yarali-sahin-bulundu-4\/\" border=\"0\" itemprop=\"url\"> <meta itemprop=\"width\" content=\"288\"> <meta itemprop=\"height\" content=\"153\"> <img decoding=\"async\" class=\"\" data-attachment-id=\"22710\" data-orig-file=\"http:\/\/www.tvturk.com\/wp-content\/uploads\/2019\/02\/bursada-yarali-sahin-bulundu_ee44e45.jpg\" data-orig-size=\"1000,531\" data-comments-opened=\"\" data-image-meta=\"{&quot;aperture&quot;:&quot;0&quot;,&quot;credit&quot;:&quot;IHA&quot;,&quot;camera&quot;:&quot;&quot;,&quot;caption&quot;:&quot;BURSA-ANKARA KARA YOLU KANTAR MEVK\\u0130NDE B\\u0130R \\u015eAH\\u0130N YARALI BULUNDU. (SEYFETT\\u0130N ARAS\\\/BURSA-\\u0130HA)&quot;,&quot;created_timestamp&quot;:&quot;0&quot;,&quot;copyright&quot;:&quot;\\u0130HLAS HABER AJANSI, www.iha.com.tr&quot;,&quot;focal_length&quot;:&quot;0&quot;,&quot;iso&quot;:&quot;0&quot;,&quot;shutter_speed&quot;:&quot;0&quot;,&quot;title&quot;:&quot;BURSA\\u0027DA YARALI \\u015eAH\\u0130N BULUNDU&quot;,&quot;orientation&quot;:&quot;0&quot;}\" data-image-title=\"Bursa\u2019da yaral\u0131 \u015fahin bulundu\" data-image-description=\"&lt;p&gt;Bursa\u2019da yaral\u0131 \u015fahin bulundu&lt;\/p&gt; \" data-medium-file=\"https:\/\/i0.wp.com\/www.tvturk.com\/wp-content\/uploads\/2019\/02\/bursada-yarali-sahin-bulundu_ee44e45.jpg?fit=300%2C159\" data-large-file=\"https:\/\/i0.wp.com\/www.tvturk.com\/wp-content\/uploads\/2019\/02\/bursada-yarali-sahin-bulundu_ee44e45.jpg?fit=1000%2C531\" src=\"https:\/\/i0.wp.com\/www.tvturk.com\/wp-content\/uploads\/2019\/02\/bursada-yarali-sahin-bulundu_ee44e45.jpg?w=288&#038;h=153\" srcset=\"https:\/\/i0.wp.com\/www.tvturk.com\/wp-content\/uploads\/2019\/02\/bursada-yarali-sahin-bulundu_ee44e45.jpg?w=1000 1000w, https:\/\/i0.wp.com\/www.tvturk.com\/wp-content\/uploads\/2019\/02\/bursada-yarali-sahin-bulundu_ee44e45.jpg?resize=150%2C80 150w, https:\/\/i0.wp.com\/www.tvturk.com\/wp-content\/uploads\/2019\/02\/bursada-yarali-sahin-bulundu_ee44e45.jpg?resize=300%2C159 300w, https:\/\/i0.wp.com\/www.tvturk.com\/wp-content\/uploads\/2019\/02\/bursada-yarali-sahin-bulundu_ee44e45.jpg?resize=768%2C408 768w\" width=\"288\" height=\"153\" loading=\"lazy\" data-original-width=\"288\" data-original-height=\"153\" itemprop=\"http:\/\/schema.org\/image\" title=\"Bursa\u2019da yaral\u0131 \u015fahin bulundu\" alt=\"Bursa\u2019da yaral\u0131 \u015fahin bulundu\" style=\"width: 288px; height: 153px;\" \/> <\/a> <\/div> <\/div> <!-- close group --> <\/div> <!-- close row --> <\/div><\/p>\n","protected":false},"excerpt":{"rendered":"<p>BURSA-ANKARA KARA YOLU KANTAR MEVK\u0130NDE B\u0130R \u015eAH\u0130N YARALI BULUNDU.<\/p>\n","protected":false},"author":1,"featured_media":22708,"comment_status":"closed","ping_status":"open","sticky":false,"template":"","format":"standard","meta":{"jetpack_post_was_ever_published":false,"_jetpack_newsletter_access":"","_jetpack_dont_email_post_to_subs":false,"_jetpack_newsletter_tier_id":0,"_jetpack_memberships_contains_paywalled_content":false,"_jetpack_memberships_contains_paid_content":false,"footnotes":"","jetpack_publicize_message":"","jetpack_publicize_feature_enabled":true,"jetpack_social_post_already_shared":false,"jetpack_social_options":{"image_generator_settings":{"template":"highway","default_image_id":0,"font":"","enabled":false},"version":2}},"categories":[655],"tags":[204,1032,1863,774],"class_list":["post-22707","post","type-post","status-publish","format-standard","has-post-thumbnail","hentry","category-son-dakika","tag-bulundu","tag-bursada","tag-sahin","tag-yarali"],"jetpack_publicize_connections":[],"jetpack_featured_media_url":"https:\/\/i0.wp.com\/www.tvturk.com\/wp-content\/uploads\/2019\/02\/bursada-yarali-sahin-bulundu_e45fcee.jpg?fit=1000%2C750","jetpack_sharing_enabled":true,"jetpack_shortlink":"https:\/\/wp.me\/paKIfm-5Uf","_links":{"self":[{"href":"http:\/\/www.tvturk.com\/index.php\/wp-json\/wp\/v2\/posts\/22707","targetHints":{"allow":["GET"]}}],"collection":[{"href":"http:\/\/www.tvturk.com\/index.php\/wp-json\/wp\/v2\/posts"}],"about":[{"href":"http:\/\/www.tvturk.com\/index.php\/wp-json\/wp\/v2\/types\/post"}],"author":[{"embeddable":true,"href":"http:\/\/www.tvturk.com\/index.php\/wp-json\/wp\/v2\/users\/1"}],"replies":[{"embeddable":true,"href":"http:\/\/www.tvturk.com\/index.php\/wp-json\/wp\/v2\/comments?post=22707"}],"version-history":[{"count":1,"href":"http:\/\/www.tvturk.com\/index.php\/wp-json\/wp\/v2\/posts\/22707\/revisions"}],"predecessor-version":[{"id":22711,"href":"http:\/\/www.tvturk.com\/index.php\/wp-json\/wp\/v2\/posts\/22707\/revisions\/22711"}],"wp:featuredmedia":[{"embeddable":true,"href":"http:\/\/www.tvturk.com\/index.php\/wp-json\/wp\/v2\/media\/22708"}],"wp:attachment":[{"href":"http:\/\/www.tvturk.com\/index.php\/wp-json\/wp\/v2\/media?parent=22707"}],"wp:term":[{"taxonomy":"category","embeddable":true,"href":"http:\/\/www.tvturk.com\/index.php\/wp-json\/wp\/v2\/categories?post=22707"},{"taxonomy":"post_tag","embeddable":true,"href":"http:\/\/www.tvturk.com\/index.php\/wp-json\/wp\/v2\/tags?post=22707"}],"curies":[{"name":"wp","href":"https:\/\/api.w.org\/{rel}","templated":true}]}}