{"id":22712,"date":"2019-02-11T17:11:10","date_gmt":"2019-02-11T14:11:10","guid":{"rendered":"http:\/\/www.tvturk.com\/index.php\/burhaniye-meslek-yuksekokulu-yeni-mudurunden-kaymakam-onere-ziyaret\/"},"modified":"2019-02-11T17:11:12","modified_gmt":"2019-02-11T14:11:12","slug":"burhaniye-meslek-yuksekokulu-yeni-mudurunden-kaymakam-onere-ziyaret","status":"publish","type":"post","link":"http:\/\/www.tvturk.com\/index.php\/burhaniye-meslek-yuksekokulu-yeni-mudurunden-kaymakam-onere-ziyaret\/","title":{"rendered":"Burhaniye Meslek Y\u00fcksekokulu yeni m\u00fcd\u00fcr\u00fcnden Kaymakam \u00d6ner\u2019e ziyaret"},"content":{"rendered":"<p>Bal\u0131kesir\u2019in Burhaniye il\u00e7esinde Burhaniye Uygulamal\u0131 Bilimler Y\u00fcksekokulu\u2019ndaki m\u00fcd\u00fcrl\u00fck g\u00f6revini Do\u00e7. Dr. Yusuf Aymankuy\u2019a devreden ve Bal\u0131kesir \u00dcniversitesi\u2019ne ba\u011fl\u0131 Burhaniye\u2019nin di\u011fer bir y\u00fcksek\u00f6\u011fretim kurumu olan Burhaniye Meslek Y\u00fcksekokulu\u2019nda m\u00fcd\u00fcrl\u00fck g\u00f6revini s\u00fcrd\u00fcrecek olan Prof. Dr. M. O\u011fuzhan \u0130lban \u0130l\u00e7e Kaymakam\u0131 H\u00fcseyin \u00d6ner\u2019i makam\u0131nda ziyaret etti.<\/p>\n<p>S\u00f6z konusu ziyaretten duydu\u011fu memnuniyeti dile getiren Kaymakam \u00d6ner, \u201cBurhaniye Uygulamal\u0131 Bilimler Y\u00fcksekokulu\u2019ndaki ba\u015far\u0131l\u0131 \u00e7al\u0131\u015fmalar\u0131na tan\u0131k oldu\u011fumuz Prof. Dr. M.O\u011fuzhan \u0130lban hocam\u0131z, ge\u00e7mi\u015f tecr\u00fcbelerinin de \u0131\u015f\u0131\u011f\u0131nda il\u00e7emiz Meslek Y\u00fcksekokuluna da ivme kazand\u0131racak de\u011ferli bir bilim insan\u0131. Bizler de Kaymakaml\u0131k olarak y\u00fcksek\u00f6\u011fretim kurumlar\u0131m\u0131z\u0131n yan\u0131nda olmaya devam edece\u011fiz. Burhaniye\u2019nin geli\u015fmesi i\u00e7in y\u00fcksek\u00f6\u011fretim gen\u00e7li\u011finin varl\u0131\u011f\u0131 \u00e7ok \u00f6nemli. Burhaniye Meslek Y\u00fcksekokulu M\u00fcd\u00fcrl\u00fc\u011f\u00fc g\u00f6revine atanan Prof. Dr. M. O\u011fuzhan \u0130lban hocam\u0131za nazik ziyaretleri i\u00e7in te\u015fekk\u00fcr ediyor, g\u00f6revinde ba\u015far\u0131lar diliyorum.\u201d dedi.<div class=\"tiled-gallery type-rectangular tiled-gallery-unresized\" data-original-width=\"500\" data-carousel-extra='null' itemscope itemtype=\"http:\/\/schema.org\/ImageGallery\" > <div class=\"gallery-row\" style=\"width: 500px; height: 376px;\" data-original-width=\"500\" data-original-height=\"376\" > <div class=\"gallery-group images-1\" style=\"width: 500px; height: 376px;\" data-original-width=\"500\" data-original-height=\"376\" > <div class=\"tiled-gallery-item tiled-gallery-item-large\" itemprop=\"associatedMedia\" itemscope itemtype=\"http:\/\/schema.org\/ImageObject\"> <a href=\"http:\/\/www.tvturk.com\/index.php\/burhaniye-meslek-yuksekokulu-yeni-mudurunden-kaymakam-onere-ziyaret\/burhaniye-meslek-yuksekokulu-yeni-mudurunden-kaymakam-onere-ziyaret-3\/\" border=\"0\" itemprop=\"url\"> <meta itemprop=\"width\" content=\"496\"> <meta itemprop=\"height\" content=\"372\"> <img decoding=\"async\" class=\"\" data-attachment-id=\"22714\" data-orig-file=\"http:\/\/www.tvturk.com\/wp-content\/uploads\/2019\/02\/burhaniye-meslek-yuksekokulu-yeni-mudurunden-kaymakam-onere-ziyaret_a74b50b.jpg\" data-orig-size=\"1000,750\" data-comments-opened=\"\" data-image-meta=\"{&quot;aperture&quot;:&quot;0&quot;,&quot;credit&quot;:&quot;IHA&quot;,&quot;camera&quot;:&quot;&quot;,&quot;caption&quot;:&quot;BALIKES\\u0130R\\u2019\\u0130N BURHAN\\u0130YE \\u0130L\\u00c7ES\\u0130NDE BURHAN\\u0130YE UYGULAMALI B\\u0130L\\u0130MLER Y\\u00dcKSEKOKULU\\u2019NDAK\\u0130 M\\u00dcD\\u00dcRL\\u00dcK G\\u00d6REV\\u0130N\\u0130 DO\\u00c7. DR. YUSUF AYMANKUY\\u2019A DEVREDEN VE BALIKES\\u0130R \\u00dcN\\u0130VERS\\u0130TES\\u0130\\u2019NE BA\\u011eLI BURHAN\\u0130YE\\u2019N\\u0130N D\\u0130\\u011eER B\\u0130R Y\\u00dcKSEK\\u00d6\\u011eRET\\u0130M KURUMU OLAN BURHAN\\u0130YE MESLEK Y\\u00dcKSEKOKULU\\u2019NDA M\\u00dcD\\u00dcRL\\u00dcK G\\u00d6REV\\u0130N\\u0130 S\\u00dcRD\\u00dcRECEK OLAN PROF. DR. M. O\\u011eUZHAN \\u0130LBAN \\u0130L\\u00c7E KAYMAKAMI H\\u00dcSEY\\u0130N \\u00d6NER\\u2019\\u0130 MAKAMINDA Z\\u0130YARET ETT\\u0130. (EMRAH ELMAS\\\/BALIKES\\u0130R-\\u0130HA)&quot;,&quot;created_timestamp&quot;:&quot;0&quot;,&quot;copyright&quot;:&quot;\\u0130HLAS HABER AJANSI, www.iha.com.tr&quot;,&quot;focal_length&quot;:&quot;0&quot;,&quot;iso&quot;:&quot;0&quot;,&quot;shutter_speed&quot;:&quot;0&quot;,&quot;title&quot;:&quot;BURHAN\\u0130YE MESLEK Y\\u00dcKSEKOKULU YEN\\u0130 M\\u00dcD\\u00dcR\\u00dcNDEN KAYMAKAM \\u00d6NER\\u2019E Z\\u0130YARET&quot;,&quot;orientation&quot;:&quot;0&quot;}\" data-image-title=\"Burhaniye Meslek Y\u00fcksekokulu yeni m\u00fcd\u00fcr\u00fcnden Kaymakam \u00d6ner\u2019e ziyaret\" data-image-description=\"&lt;p&gt;Burhaniye Meslek Y\u00fcksekokulu yeni m\u00fcd\u00fcr\u00fcnden Kaymakam \u00d6ner\u2019e ziyaret&lt;\/p&gt; \" data-medium-file=\"https:\/\/i0.wp.com\/www.tvturk.com\/wp-content\/uploads\/2019\/02\/burhaniye-meslek-yuksekokulu-yeni-mudurunden-kaymakam-onere-ziyaret_a74b50b.jpg?fit=300%2C225\" data-large-file=\"https:\/\/i0.wp.com\/www.tvturk.com\/wp-content\/uploads\/2019\/02\/burhaniye-meslek-yuksekokulu-yeni-mudurunden-kaymakam-onere-ziyaret_a74b50b.jpg?fit=1000%2C750\" src=\"https:\/\/i0.wp.com\/www.tvturk.com\/wp-content\/uploads\/2019\/02\/burhaniye-meslek-yuksekokulu-yeni-mudurunden-kaymakam-onere-ziyaret_a74b50b.jpg?w=496&#038;h=372\" srcset=\"https:\/\/i0.wp.com\/www.tvturk.com\/wp-content\/uploads\/2019\/02\/burhaniye-meslek-yuksekokulu-yeni-mudurunden-kaymakam-onere-ziyaret_a74b50b.jpg?w=1000 1000w, https:\/\/i0.wp.com\/www.tvturk.com\/wp-content\/uploads\/2019\/02\/burhaniye-meslek-yuksekokulu-yeni-mudurunden-kaymakam-onere-ziyaret_a74b50b.jpg?resize=150%2C113 150w, https:\/\/i0.wp.com\/www.tvturk.com\/wp-content\/uploads\/2019\/02\/burhaniye-meslek-yuksekokulu-yeni-mudurunden-kaymakam-onere-ziyaret_a74b50b.jpg?resize=300%2C225 300w, https:\/\/i0.wp.com\/www.tvturk.com\/wp-content\/uploads\/2019\/02\/burhaniye-meslek-yuksekokulu-yeni-mudurunden-kaymakam-onere-ziyaret_a74b50b.jpg?resize=768%2C576 768w\" width=\"496\" height=\"372\" loading=\"lazy\" data-original-width=\"496\" data-original-height=\"372\" itemprop=\"http:\/\/schema.org\/image\" title=\"Burhaniye Meslek Y\u00fcksekokulu yeni m\u00fcd\u00fcr\u00fcnden Kaymakam \u00d6ner\u2019e ziyaret\" alt=\"Burhaniye Meslek Y\u00fcksekokulu yeni m\u00fcd\u00fcr\u00fcnden Kaymakam \u00d6ner\u2019e ziyaret\" style=\"width: 496px; height: 372px;\" \/> <\/a> <\/div> <\/div> <!-- close group --> <\/div> <!-- close row --> <\/div><\/p>\n","protected":false},"excerpt":{"rendered":"<p>BALIKES\u0130R\u2019\u0130N BURHAN\u0130YE \u0130L\u00c7ES\u0130NDE BURHAN\u0130YE UYGULAMALI B\u0130L\u0130MLER Y\u00dcKSEKOKULU\u2019NDAK\u0130 M\u00dcD\u00dcRL\u00dcK G\u00d6REV\u0130N\u0130 DO\u00c7. DR. YUSUF AYMANKUY\u2019A DEVREDEN VE BALIKES\u0130R \u00dcN\u0130VERS\u0130TES\u0130\u2019NE BA\u011eLI BURHAN\u0130YE\u2019N\u0130N D\u0130\u011eER B\u0130R Y\u00dcKSEK\u00d6\u011eRET\u0130M KURUMU OLAN BURHAN\u0130YE MESLEK Y\u00dcKSEKOKULU\u2019NDA M\u00dcD\u00dcRL\u00dcK G\u00d6REV\u0130N\u0130 S\u00dcRD\u00dcRECEK OLAN PROF. DR. M. O\u011eUZHAN \u0130LBAN \u0130L\u00c7E KAYMAKAMI H\u00dcSEY\u0130N \u00d6NER\u2019\u0130 MAKAMINDA Z\u0130YARET ETT\u0130.<\/p>\n","protected":false},"author":1,"featured_media":22713,"comment_status":"closed","ping_status":"open","sticky":false,"template":"","format":"standard","meta":{"jetpack_post_was_ever_published":false,"_jetpack_newsletter_access":"","_jetpack_dont_email_post_to_subs":false,"_jetpack_newsletter_tier_id":0,"_jetpack_memberships_contains_paywalled_content":false,"_jetpack_memberships_contains_paid_content":false,"footnotes":"","jetpack_publicize_message":"","jetpack_publicize_feature_enabled":true,"jetpack_social_post_already_shared":false,"jetpack_social_options":{"image_generator_settings":{"template":"highway","default_image_id":0,"font":"","enabled":false},"version":2}},"categories":[655],"tags":[2910,2957,4030,1728,9706,87,9705,150],"class_list":["post-22712","post","type-post","status-publish","format-standard","has-post-thumbnail","hentry","category-son-dakika","tag-burhaniye","tag-kaymakam","tag-meslek","tag-mudurunden","tag-onere","tag-yeni","tag-yuksekokulu","tag-ziyaret"],"jetpack_publicize_connections":[],"jetpack_featured_media_url":"https:\/\/i0.wp.com\/www.tvturk.com\/wp-content\/uploads\/2019\/02\/burhaniye-meslek-yuksekokulu-yeni-mudurunden-kaymakam-onere-ziyaret_905e74c.jpg?fit=1000%2C750","jetpack_sharing_enabled":true,"jetpack_shortlink":"https:\/\/wp.me\/paKIfm-5Uk","_links":{"self":[{"href":"http:\/\/www.tvturk.com\/index.php\/wp-json\/wp\/v2\/posts\/22712","targetHints":{"allow":["GET"]}}],"collection":[{"href":"http:\/\/www.tvturk.com\/index.php\/wp-json\/wp\/v2\/posts"}],"about":[{"href":"http:\/\/www.tvturk.com\/index.php\/wp-json\/wp\/v2\/types\/post"}],"author":[{"embeddable":true,"href":"http:\/\/www.tvturk.com\/index.php\/wp-json\/wp\/v2\/users\/1"}],"replies":[{"embeddable":true,"href":"http:\/\/www.tvturk.com\/index.php\/wp-json\/wp\/v2\/comments?post=22712"}],"version-history":[{"count":1,"href":"http:\/\/www.tvturk.com\/index.php\/wp-json\/wp\/v2\/posts\/22712\/revisions"}],"predecessor-version":[{"id":22715,"href":"http:\/\/www.tvturk.com\/index.php\/wp-json\/wp\/v2\/posts\/22712\/revisions\/22715"}],"wp:featuredmedia":[{"embeddable":true,"href":"http:\/\/www.tvturk.com\/index.php\/wp-json\/wp\/v2\/media\/22713"}],"wp:attachment":[{"href":"http:\/\/www.tvturk.com\/index.php\/wp-json\/wp\/v2\/media?parent=22712"}],"wp:term":[{"taxonomy":"category","embeddable":true,"href":"http:\/\/www.tvturk.com\/index.php\/wp-json\/wp\/v2\/categories?post=22712"},{"taxonomy":"post_tag","embeddable":true,"href":"http:\/\/www.tvturk.com\/index.php\/wp-json\/wp\/v2\/tags?post=22712"}],"curies":[{"name":"wp","href":"https:\/\/api.w.org\/{rel}","templated":true}]}}