{"id":227172,"date":"2019-11-12T09:46:29","date_gmt":"2019-11-12T06:46:29","guid":{"rendered":"http:\/\/www.tvturk.com\/index.php\/new-yorkta-peygamberimiz-ve-aile-konulu-konferans\/"},"modified":"2019-11-12T09:46:29","modified_gmt":"2019-11-12T06:46:29","slug":"new-yorkta-peygamberimiz-ve-aile-konulu-konferans","status":"publish","type":"post","link":"http:\/\/www.tvturk.com\/index.php\/new-yorkta-peygamberimiz-ve-aile-konulu-konferans\/","title":{"rendered":"New York\u2019ta \u2018Peygamberimiz ve Aile\u2019 konulu konferans"},"content":{"rendered":"<p>ABD\u2019nin New York eyaletinde bulunan Mevlana Camisi\u2019nde \u2018Mevlid-i Nebi Haftas\u0131\u2019 kapsam\u0131nda \u2018Peygamberimiz ve Aile\u2019 konulu konferans d\u00fczenlendi.<\/p>\n<p>T\u00fcrklerin yo\u011fun olarak ya\u015fad\u0131\u011f\u0131 New York eyaletinin Long Island b\u00f6lgesinde bulunan Mevlana Camisi\u2019nde \u2018Mevlid-i Nebi Haftas\u0131\u2019 kapsam\u0131nda konferans verildi. New York Din Hizmetleri Ate\u015fesi Sinan Dedeler\u2019in yan\u0131 s\u0131ra \u00e7evre b\u00f6lgelerdeki camilerden din g\u00f6revlilerinin Kur\u2019an tilavetleriyle i\u015ftirak ettikleri programa M\u00fcsl\u00fcmanlar yo\u011fun ilgi g\u00f6sterdi. Diyanet \u0130\u015fleri Ba\u015fkanl\u0131\u011f\u0131 \u0130nsan Kaynaklar\u0131 Genel M\u00fcd\u00fcr\u00fc Akif Pusmaz taraf\u0131ndan verilen \u2018Peygamberimiz ve Aile\u2019 konulu konferans b\u00fcy\u00fck ilgi g\u00f6rd\u00fc. Akif Pusmaz, \u201c\u0130\u00e7erisinde ya\u015famakta oldu\u011fumuz y\u00fczy\u0131lda k\u00fcreselle\u015fmeyle birlikte ne yaz\u0131k ki maneviyat ve insanl\u0131k da t\u00fcketime sunulmu\u015ftur. T\u00fcketime bir meta gibi konu olan insan, k\u00fcreselle\u015fmeyle birlikte ait oldu\u011fu k\u00fclt\u00fcr ve toplumun de\u011ferlerinden taviz verme hatta kopma noktas\u0131na getirilmi\u015ftir. \u0130\u015fte bu k\u00fcresel savrulmalar kar\u015f\u0131s\u0131nda aile yap\u0131s\u0131n\u0131n \u00f6nemi bir kez daha ortaya \u00e7\u0131kmaktad\u0131r. Bizler aileyi toplumun n\u00fcvesi, kilit ta\u015f\u0131 ve mayas\u0131 olarak g\u00f6ren bir medeniyetin mensuplar\u0131y\u0131z. G\u00fc\u00e7l\u00fc bir \u00fclke, millet ve huzurlu bir toplum olabilmenin \u00f6ncelikli \u015fart\u0131 g\u00fc\u00e7l\u00fc bir aile birli\u011fine sahip olmaktan ge\u00e7er. Aile, millet varl\u0131\u011f\u0131m\u0131z\u0131n temelidir, asli dayana\u011f\u0131d\u0131r. Bu sebeple milletimizi tarih sahnesinde s\u00fcrekli k\u0131lacak m\u00fcessese aile m\u00fcessesesidir\u201d dedi.<\/p>\n<p>Konferans, Mevlid-i Nebi Program\u0131\u2019na kat\u0131lanlara yemek ikram\u0131 ile devam etti. Hay\u0131rsever Mustafa \u00c7atalba\u015f taraf\u0131ndan davetlilere hediyeler verilirken, Diyanet Yay\u0131nlar\u0131na ait \u0130slam ilmihali ile dua kitab\u0131 da\u011f\u0131t\u0131ld\u0131.<\/p>\n","protected":false},"excerpt":{"rendered":"<p>ABD\u2019N\u0130N NEW YORK EYALET\u0130NDE BULUNAN MEVLANA CAM\u0130S\u0130&#8217;NDE \u2018MEVL\u0130D-\u0130 NEB\u0130 HAFTASI\u2019 KAPSAMINDA \u2018PEYGAMBER\u0130M\u0130Z VE A\u0130LE\u2019 KONULU KONFERANS D\u00dcZENLEND\u0130.<\/p>\n","protected":false},"author":1,"featured_media":227173,"comment_status":"closed","ping_status":"open","sticky":false,"template":"","format":"standard","meta":{"jetpack_post_was_ever_published":false,"_jetpack_newsletter_access":"","_jetpack_dont_email_post_to_subs":false,"_jetpack_newsletter_tier_id":0,"_jetpack_memberships_contains_paywalled_content":false,"_jetpack_memberships_contains_paid_content":false,"footnotes":"","jetpack_publicize_message":"","jetpack_publicize_feature_enabled":true,"jetpack_social_post_already_shared":true,"jetpack_social_options":{"image_generator_settings":{"template":"highway","default_image_id":0,"font":"","enabled":false},"version":2}},"categories":[10],"tags":[57240,3014,6347,2847,9848,19468],"class_list":["post-227172","post","type-post","status-publish","format-standard","has-post-thumbnail","hentry","category-dunya","tag-peygamberimiz","tag-aile","tag-konferans","tag-konulu","tag-new","tag-yorkta"],"jetpack_publicize_connections":[],"jetpack_featured_media_url":"https:\/\/i0.wp.com\/www.tvturk.com\/wp-content\/uploads\/2019\/11\/new-yorkta-peygamberimiz-ve-aile-konulu-konferans_b89d3d5.jpg?fit=1000%2C750","jetpack_sharing_enabled":true,"jetpack_shortlink":"https:\/\/wp.me\/paKIfm-X64","_links":{"self":[{"href":"http:\/\/www.tvturk.com\/index.php\/wp-json\/wp\/v2\/posts\/227172","targetHints":{"allow":["GET"]}}],"collection":[{"href":"http:\/\/www.tvturk.com\/index.php\/wp-json\/wp\/v2\/posts"}],"about":[{"href":"http:\/\/www.tvturk.com\/index.php\/wp-json\/wp\/v2\/types\/post"}],"author":[{"embeddable":true,"href":"http:\/\/www.tvturk.com\/index.php\/wp-json\/wp\/v2\/users\/1"}],"replies":[{"embeddable":true,"href":"http:\/\/www.tvturk.com\/index.php\/wp-json\/wp\/v2\/comments?post=227172"}],"version-history":[{"count":0,"href":"http:\/\/www.tvturk.com\/index.php\/wp-json\/wp\/v2\/posts\/227172\/revisions"}],"wp:featuredmedia":[{"embeddable":true,"href":"http:\/\/www.tvturk.com\/index.php\/wp-json\/wp\/v2\/media\/227173"}],"wp:attachment":[{"href":"http:\/\/www.tvturk.com\/index.php\/wp-json\/wp\/v2\/media?parent=227172"}],"wp:term":[{"taxonomy":"category","embeddable":true,"href":"http:\/\/www.tvturk.com\/index.php\/wp-json\/wp\/v2\/categories?post=227172"},{"taxonomy":"post_tag","embeddable":true,"href":"http:\/\/www.tvturk.com\/index.php\/wp-json\/wp\/v2\/tags?post=227172"}],"curies":[{"name":"wp","href":"https:\/\/api.w.org\/{rel}","templated":true}]}}