{"id":227180,"date":"2019-11-12T09:47:11","date_gmt":"2019-11-12T06:47:11","guid":{"rendered":"http:\/\/www.tvturk.com\/index.php\/ozel-2-ayda-suyu-cekilen-golet-ciftcilerin-korkulu-ruyasi-oldu\/"},"modified":"2019-11-12T09:47:11","modified_gmt":"2019-11-12T06:47:11","slug":"ozel-2-ayda-suyu-cekilen-golet-ciftcilerin-korkulu-ruyasi-oldu","status":"publish","type":"post","link":"http:\/\/www.tvturk.com\/index.php\/ozel-2-ayda-suyu-cekilen-golet-ciftcilerin-korkulu-ruyasi-oldu\/","title":{"rendered":"(\u00d6zel) 2 ayda suyu \u00e7ekilen g\u00f6let, \u00e7ift\u00e7ilerin korkulu r\u00fcyas\u0131 oldu"},"content":{"rendered":"<p>Kurakl\u0131\u011f\u0131n ya\u015fand\u0131\u011f\u0131 Kocaeli\u2019nin Kand\u0131ra il\u00e7esinde 2 ayda su oran\u0131 y\u00fczde 80 azalan Kocakaymaz \u00dct\u00fck G\u00f6leti, b\u00f6lgedeki \u00e7ift\u00e7ilerin korkulu r\u00fcyas\u0131 haline geldi. Sular\u0131n \u00e7ekilmesi sonras\u0131nda ortaya \u00e7\u0131kan batakl\u0131k nedeni ile suya ula\u015famad\u0131klar\u0131n\u0131 belirten vatanda\u015flar, hayvanlar\u0131n\u0131n susuz kald\u0131\u011f\u0131n\u0131 s\u00f6ylediler.<\/p>\n<p>Kocaeli\u2019nin Kand\u0131ra il\u00e7esi s\u0131n\u0131rlar\u0131 i\u00e7erisinde bulunan Kocakaymaz \u00dct\u00fck G\u00f6leti\u2019nde s\u0131cakl\u0131klar\u0131n mevsim normallerinin \u00fczerinde seyretmesi ve ya\u011f\u0131\u015f\u0131n olmamas\u0131 nedeni ile 2 ayda su seviyesi yakla\u015f\u0131k y\u00fczde 80 oran\u0131nda d\u00fc\u015ft\u00fc. B\u00f6lgede bulunan k\u00f6ylerde ya\u015fayan \u00e7ift\u00e7ilerin su ihtiyac\u0131n\u0131 kar\u015f\u0131lad\u0131\u011f\u0131 g\u00f6lette su oran\u0131n d\u00fc\u015fmesi ile problemler ya\u015fan\u0131yor. B\u00fcy\u00fckba\u015f ve k\u00fc\u00e7\u00fckba\u015f hayvanlar\u0131n su i\u00e7ti\u011fi g\u00f6letteki su seviyesinin azalmas\u0131 ile ortaya \u00e7\u0131kan batak nedeni ile havzada kalan su da kullan\u0131lmaz hale geldi. Suyun \u00e7ekilmesini f\u0131rsat bilen olta bal\u0131k\u00e7\u0131lar\u0131 da Kocaeli ve \u00e7evre illerden g\u00f6lete adeta ak\u0131n etti. K\u0131y\u0131 b\u00f6lgelerinde sular\u0131n \u00e7ekilmesi ile b\u00fcy\u00fck \u00e7atlaklar\u0131n olu\u015ftu\u011fu g\u00f6zlenen g\u00f6let havadan g\u00f6r\u00fcnt\u00fclenirken, vatanda\u015flar suyun azalmas\u0131 ile ortaya \u00e7\u0131kan batakl\u0131k nedeni ile g\u00f6lette kalan sudan da faydalanamad\u0131klar\u0131n\u0131 belirtti. G\u00f6ldeki suyun azalmas\u0131 nedeni ile hayvanlar\u0131na kendi imkanlar\u0131 ile su ula\u015ft\u0131rmaya \u00e7al\u0131\u015fan vatanda\u015flar, g\u00f6letten su ta\u015f\u0131yamad\u0131klar\u0131 i\u00e7in b\u00fcy\u00fck zorluk ya\u015fad\u0131klar\u0131n\u0131 ifade etti.<\/p>\n<p>\u201cSuyun azalmas\u0131 nedeni ile batakl\u0131k ortaya \u00e7\u0131kt\u0131\u201d<\/p>\n<p>Yetkililere g\u00f6lette kalan suyun da yok olmamas\u0131 i\u00e7in suyun tahliye edildi\u011fi kapaklar\u0131n kapat\u0131lmas\u0131 konusunda ba\u015fvuruda bulunduklar\u0131n\u0131 s\u00f6yleyen \u0130smet Akg\u00fcl isimli vatanda\u015f, ya\u015fad\u0131klar\u0131 problemlere de\u011finerek, \u201cUzun s\u00fcredir buras\u0131 b\u00f6yle ama yakla\u015f\u0131k 1 ayd\u0131r yan\u0131na yakla\u015f\u0131lm\u0131yor. Suyun azalmas\u0131 nedeni ile batakl\u0131k ortaya \u00e7\u0131kt\u0131. Bundan dolay\u0131 da insanlar, hayvanlar\u0131 batakl\u0131\u011fa saplan\u0131r diye d\u0131\u015far\u0131 salam\u0131yor. Hayvanlara ah\u0131rda su veriyoruz. Ama batakl\u0131k oldu\u011fu i\u00e7in tankerlere de su dolduram\u0131yoruz. Biz yetkilileri telefonla arad\u0131k. \u2018Biz gelip kapaklar\u0131 kapataca\u011f\u0131z\u2019 dediler. Ama gelen giden olmad\u0131\u201d dedi.<\/p>\n<p>\u201cAh\u0131ra su ta\u015f\u0131yarak hayvanlar\u0131m\u0131za su veriyoruz\u201d<\/p>\n<p>G\u00f6lete  yakla\u015fan hayvanlar\u0131 \u00e7amura sapland\u0131\u011f\u0131 i\u00e7in ah\u0131rlar\u0131na su ta\u015f\u0131mak zorunda kald\u0131klar\u0131n\u0131 ifade eden Sadi Akg\u00fcl isimli vatanda\u015f ise, \u201cBiz buran\u0131n batakl\u0131\u011fa d\u00f6nmesinden dolay\u0131 tankerleri doldurmaktan ve hayvanlara su vermekten dolay\u0131 s\u0131k\u0131nt\u0131 ya\u015f\u0131yoruz. Bizim i\u015fimiz bu nedenle zorla\u015f\u0131yor. Tankerleri yan\u0131na yakla\u015famad\u0131\u011f\u0131m\u0131z i\u00e7in su dolduram\u0131yoruz. Hayvanlar da bat\u0131yor. Burada benim hayvanlar\u0131m bata\u011fa sapland\u0131. Trakt\u00f6rde yakla\u015fm\u0131yor, \u00e7ok zorluk ya\u015f\u0131yoruz. Bunun i\u00e7in muhtara m\u00fcracaat ettik. Ama hala bir bu\u00e7uk ayd\u0131r kapaklar a\u00e7\u0131k, su ak\u0131yor. Yakla\u015f\u0131k 2 ayd\u0131r da iyice azald\u0131. Hayvanlar\u0131m\u0131za mecburen ah\u0131ra su ta\u015f\u0131yarak su veriyoruz. \u0130leride bulunan kanallarda tankerlere su dolduruyoruz. Bir de burada suyun azalmas\u0131n\u0131 f\u0131rsat bilenler bal\u0131k zayiat\u0131 yap\u0131yor.  Adapazar\u0131, \u0130stanbul, Kand\u0131ra, \u0130zmit\u2019ten gelenler bal\u0131k b\u0131rakmad\u0131lar. Buradaki hayvanlarda yiyecek bulam\u0131yor\u201d diye konu\u015ftu.<\/p>\n","protected":false},"excerpt":{"rendered":"<p>KURAKLI\u011eIN YA\u015eANDI\u011eI KOCAEL\u0130\u2019N\u0130N KANDIRA \u0130L\u00c7ES\u0130NDE 2 AYDA SU ORANI Y\u00dcZDE 80 AZALAN KOCAKAYMAZ \u00dcT\u00dcK G\u00d6LET\u0130, B\u00d6LGEDEK\u0130 \u00c7\u0130FT\u00c7\u0130LER\u0130N KORKULU R\u00dcYASI HAL\u0130NE GELD\u0130. SULARIN \u00c7EK\u0130LMES\u0130 SONRASINDA ORTAYA \u00c7IKAN BATAKLIK NEDEN\u0130 \u0130LE SUYA ULA\u015eAMADIKLARINI BEL\u0130RTEN VATANDA\u015eLAR, HAYVANLARININ SUSUZ KALDI\u011eINI S\u00d6YLED\u0130LER.<\/p>\n","protected":false},"author":1,"featured_media":227181,"comment_status":"closed","ping_status":"open","sticky":false,"template":"","format":"standard","meta":{"jetpack_post_was_ever_published":false,"_jetpack_newsletter_access":"","_jetpack_dont_email_post_to_subs":false,"_jetpack_newsletter_tier_id":0,"_jetpack_memberships_contains_paywalled_content":false,"_jetpack_memberships_contains_paid_content":false,"footnotes":"","jetpack_publicize_message":"","jetpack_publicize_feature_enabled":true,"jetpack_social_post_already_shared":true,"jetpack_social_options":{"image_generator_settings":{"template":"highway","default_image_id":0,"font":"","enabled":false},"version":2}},"categories":[1],"tags":[1073,1164,16962,1805,5663,2099,77,2100,712],"class_list":["post-227180","post","type-post","status-publish","format-standard","has-post-thumbnail","hentry","category-genel","tag-ozel","tag-ayda","tag-cekilen","tag-ciftcilerin","tag-golet","tag-korkulu","tag-oldu","tag-ruyasi","tag-suyu"],"jetpack_publicize_connections":[],"jetpack_featured_media_url":"https:\/\/i0.wp.com\/www.tvturk.com\/wp-content\/uploads\/2019\/11\/ozel-2-ayda-suyu-cekilen-golet-ciftcilerin-korkulu-ruyasi-oldu_835de79.jpg?fit=1000%2C666","jetpack_sharing_enabled":true,"jetpack_shortlink":"https:\/\/wp.me\/paKIfm-X6c","_links":{"self":[{"href":"http:\/\/www.tvturk.com\/index.php\/wp-json\/wp\/v2\/posts\/227180","targetHints":{"allow":["GET"]}}],"collection":[{"href":"http:\/\/www.tvturk.com\/index.php\/wp-json\/wp\/v2\/posts"}],"about":[{"href":"http:\/\/www.tvturk.com\/index.php\/wp-json\/wp\/v2\/types\/post"}],"author":[{"embeddable":true,"href":"http:\/\/www.tvturk.com\/index.php\/wp-json\/wp\/v2\/users\/1"}],"replies":[{"embeddable":true,"href":"http:\/\/www.tvturk.com\/index.php\/wp-json\/wp\/v2\/comments?post=227180"}],"version-history":[{"count":0,"href":"http:\/\/www.tvturk.com\/index.php\/wp-json\/wp\/v2\/posts\/227180\/revisions"}],"wp:featuredmedia":[{"embeddable":true,"href":"http:\/\/www.tvturk.com\/index.php\/wp-json\/wp\/v2\/media\/227181"}],"wp:attachment":[{"href":"http:\/\/www.tvturk.com\/index.php\/wp-json\/wp\/v2\/media?parent=227180"}],"wp:term":[{"taxonomy":"category","embeddable":true,"href":"http:\/\/www.tvturk.com\/index.php\/wp-json\/wp\/v2\/categories?post=227180"},{"taxonomy":"post_tag","embeddable":true,"href":"http:\/\/www.tvturk.com\/index.php\/wp-json\/wp\/v2\/tags?post=227180"}],"curies":[{"name":"wp","href":"https:\/\/api.w.org\/{rel}","templated":true}]}}