{"id":227184,"date":"2019-11-12T10:01:57","date_gmt":"2019-11-12T07:01:57","guid":{"rendered":"http:\/\/www.tvturk.com\/index.php\/hagibis-tayfununda-olu-sayisi-91e-yukseldi\/"},"modified":"2019-11-12T10:01:57","modified_gmt":"2019-11-12T07:01:57","slug":"hagibis-tayfununda-olu-sayisi-91e-yukseldi","status":"publish","type":"post","link":"http:\/\/www.tvturk.com\/index.php\/hagibis-tayfununda-olu-sayisi-91e-yukseldi\/","title":{"rendered":"Hagibis Tayfunu\u2019nda \u00f6l\u00fc say\u0131s\u0131 91\u2019e y\u00fckseldi"},"content":{"rendered":"<p>Japonya\u2019y\u0131 vuran Hagibis Tayfunu\u2019nun ard\u0131ndan 1 ay geride kal\u0131rken, felaketin bilan\u00e7osu da netle\u015fti. 91 ki\u015finin hayat\u0131n\u0131 kaybetti\u011fi tayfunda, 4 ki\u015finin kay\u0131p olarak kay\u0131tlara ge\u00e7ti\u011fi a\u00e7\u0131kland\u0131.<\/p>\n<p>Ge\u00e7ti\u011fimiz ay Japonya\u2019da etki g\u00f6steren ve can ve mal kayb\u0131na neden olan Hagibis Tayfunu\u2019nun ard\u0131ndan 1 ay geride kal\u0131rken, felaketin bilan\u00e7osu da netle\u015fti. Japonya Arazi ve Altyap\u0131 Bakanl\u0131\u011f\u0131n\u0131n Pazartesi g\u00fcn\u00fc kapsam\u0131n\u0131 g\u00fcncelledi\u011fi zarara dair veriler, tayfunda 91 ki\u015finin hayat\u0131n\u0131 kaybetti\u011fini ortaya koydu. 4 ki\u015fi ise kay\u0131p olarak kay\u0131tlara ge\u00e7ti.<\/p>\n<p>85 bin ev sular alt\u0131nda kald\u0131<\/p>\n<p>Tayfunun getirdi\u011fi \u015fiddetli ya\u011f\u0131\u015flar nedeniyle 85 binden fazla evin sular alt\u0131nda kald\u0131\u011f\u0131 veya zarar g\u00f6rd\u00fc\u011f\u00fc \u00f6\u011frenilirken, Fukushima\u2019daki Iwaya \u015fehrinin baz\u0131 b\u00f6lgelerinde enkaz temizleme \u00e7al\u0131\u015fmalar\u0131n\u0131n halen devam etti\u011fi bildirildi.<\/p>\n<p>300 nehir ta\u015ft\u0131<\/p>\n<p>Hagibis Tayfunu nedeniyle bir\u00e7ok akarsu yata\u011f\u0131nda da hasar meydana geldi. 300 nehirde a\u015f\u0131r\u0131 ya\u011f\u0131\u015f nedeniyle ta\u015fk\u0131nlar ya\u015fan\u0131rken, en az 25 bin hektar alan\u0131n sular alt\u0131nda kald\u0131\u011f\u0131 a\u00e7\u0131kland\u0131. 850\u2019den fazla toprak ve \u00e7amur kaymas\u0131 rapor edildi\u011fini belirten yetkililer, s\u00f6z konusu say\u0131n\u0131n 1982\u2019den bu yana kaydedilen en y\u00fcksek vaka say\u0131s\u0131 oldu\u011funa dikkat \u00e7ekti.<\/p>\n","protected":false},"excerpt":{"rendered":"<p>JAPONYA&#8217;YI VURAN HAG\u0130B\u0130S TAYFUNU&#8217;NUN ARDINDAN 1 AY GER\u0130DE KALIRKEN, FELAKET\u0130N B\u0130LAN\u00c7OSU DA NETLE\u015eT\u0130. 91 K\u0130\u015e\u0130N\u0130N HAYATINI KAYBETT\u0130\u011e\u0130 TAYFUNDA, 4 K\u0130\u015e\u0130N\u0130N KAYIP OLARAK KAYITLARA GE\u00c7T\u0130\u011e\u0130 A\u00c7IKLANDI.<\/p>\n","protected":false},"author":1,"featured_media":227185,"comment_status":"closed","ping_status":"open","sticky":false,"template":"","format":"standard","meta":{"jetpack_post_was_ever_published":false,"_jetpack_newsletter_access":"","_jetpack_dont_email_post_to_subs":false,"_jetpack_newsletter_tier_id":0,"_jetpack_memberships_contains_paywalled_content":false,"_jetpack_memberships_contains_paid_content":false,"footnotes":"","jetpack_publicize_message":"","jetpack_publicize_feature_enabled":true,"jetpack_social_post_already_shared":true,"jetpack_social_options":{"image_generator_settings":{"template":"highway","default_image_id":0,"font":"","enabled":false},"version":2}},"categories":[10],"tags":[57245,57244,1664,611,48275,1681],"class_list":["post-227184","post","type-post","status-publish","format-standard","has-post-thumbnail","hentry","category-dunya","tag-91e","tag-hagibis","tag-olu","tag-sayisi","tag-tayfununda","tag-yukseldi"],"jetpack_publicize_connections":[],"jetpack_featured_media_url":"https:\/\/i0.wp.com\/www.tvturk.com\/wp-content\/uploads\/2019\/11\/hagibis-tayfununda-olu-sayisi-91e-yukseldi_c87f273.jpg?fit=920%2C594","jetpack_sharing_enabled":true,"jetpack_shortlink":"https:\/\/wp.me\/paKIfm-X6g","_links":{"self":[{"href":"http:\/\/www.tvturk.com\/index.php\/wp-json\/wp\/v2\/posts\/227184","targetHints":{"allow":["GET"]}}],"collection":[{"href":"http:\/\/www.tvturk.com\/index.php\/wp-json\/wp\/v2\/posts"}],"about":[{"href":"http:\/\/www.tvturk.com\/index.php\/wp-json\/wp\/v2\/types\/post"}],"author":[{"embeddable":true,"href":"http:\/\/www.tvturk.com\/index.php\/wp-json\/wp\/v2\/users\/1"}],"replies":[{"embeddable":true,"href":"http:\/\/www.tvturk.com\/index.php\/wp-json\/wp\/v2\/comments?post=227184"}],"version-history":[{"count":0,"href":"http:\/\/www.tvturk.com\/index.php\/wp-json\/wp\/v2\/posts\/227184\/revisions"}],"wp:featuredmedia":[{"embeddable":true,"href":"http:\/\/www.tvturk.com\/index.php\/wp-json\/wp\/v2\/media\/227185"}],"wp:attachment":[{"href":"http:\/\/www.tvturk.com\/index.php\/wp-json\/wp\/v2\/media?parent=227184"}],"wp:term":[{"taxonomy":"category","embeddable":true,"href":"http:\/\/www.tvturk.com\/index.php\/wp-json\/wp\/v2\/categories?post=227184"},{"taxonomy":"post_tag","embeddable":true,"href":"http:\/\/www.tvturk.com\/index.php\/wp-json\/wp\/v2\/tags?post=227184"}],"curies":[{"name":"wp","href":"https:\/\/api.w.org\/{rel}","templated":true}]}}