{"id":227264,"date":"2019-11-12T11:18:00","date_gmt":"2019-11-12T08:18:00","guid":{"rendered":"http:\/\/www.tvturk.com\/index.php\/kaymakam-yilmaz-turkiye-birincisi-ogrenciyi-tebrik-etti\/"},"modified":"2019-11-12T11:18:00","modified_gmt":"2019-11-12T08:18:00","slug":"kaymakam-yilmaz-turkiye-birincisi-ogrenciyi-tebrik-etti","status":"publish","type":"post","link":"http:\/\/www.tvturk.com\/index.php\/kaymakam-yilmaz-turkiye-birincisi-ogrenciyi-tebrik-etti\/","title":{"rendered":"Kaymakam Y\u0131lmaz, T\u00fcrkiye birincisi \u00f6\u011frenciyi tebrik etti"},"content":{"rendered":"<p>Havza \u0130l\u00e7e Kaymakam\u0131 Metin Y\u0131lmaz, \u201cSanal Ger\u00e7eklik ve Fark\u0131ndal\u0131k Projesi\u201d ile T\u00fcrkiye birincisi olan \u00f6\u011frenci Ahmet Yusuf Alt\u0131nnur\u2019u makam\u0131nda a\u011f\u0131rlayarak kutlad\u0131.<\/p>\n<p>Sanayi ve Teknoloji Bakanl\u0131\u011f\u0131 taraf\u0131ndan d\u00fczenlenen fikir ve k\u0131sa film yar\u0131\u015fmas\u0131nda fikir baz\u0131nda Havza Makbule Yusuf \u00d6l\u00e7er Yat\u0131l\u0131 B\u00f6lge Ortaokulu (YBO) \u00f6\u011frencisi Ahmet Yusuf Alt\u0131nnur, \u201cSanal Ger\u00e7eklik ve Fark\u0131ndal\u0131k Projesi\u201d ile T\u00fcrkiye birincisi oldu.<\/p>\n<p>Havza Makbule Yusuf \u00d6l\u00e7er YBO M\u00fcd\u00fcr\u00fc H\u00fcseyin Yavuz, M\u00fcd\u00fcr Yard\u0131mc\u0131s\u0131 Halit G\u00f6k\u00e7e, Rehberlik \u00d6\u011fretmeni Yusuf Tekta\u015f ve Havza Milli E\u011fitim M\u00fcd\u00fcr\u00fc U\u011fur Sa\u011flam, Havza \u0130l\u00e7e Kaymakam\u0131 Metin Y\u0131lmaz\u2019\u0131 makam\u0131nda ziyaret etti.<\/p>\n<p>Amac\u0131n\u0131n sanal ger\u00e7eklik ve fark\u0131ndal\u0131k fikrinin rehberlik servisine ba\u015fvuran \u00f6\u011frencilerin kayg\u0131 durumlar\u0131n\u0131 en aza indirmek oldu\u011funu belirten Ahmet Yusuf Alt\u0131nnur, \u201cOkulumuzda rehberlik \u00f6\u011fretmenimizle s\u0131nav streslerini azaltabilmek ve bir tak\u0131m okul i\u00e7i ve okul d\u0131\u015f\u0131 problemlerimizi \u00e7\u00f6zmek stres ve s\u0131k\u0131nt\u0131lar\u0131m\u0131z\u0131 en aza indirmek i\u00e7in yapt\u0131\u011f\u0131m\u0131z g\u00f6r\u00fc\u015fmelerde d\u0131\u015f etkenlerin zaman zaman devreye girmesi ile yeterli verimi alam\u0131yorduk. Bunun \u00fczerine bu g\u00f6r\u00fc\u015fmelerimizi nas\u0131l daha verimli hale getirebiliriz diye d\u00fc\u015f\u00fcnmeye ba\u015flad\u0131m ve sanal ger\u00e7eklik fikrini \u00f6\u011fretmenlerimize anlatt\u0131m. Fikrimi be\u011fendiler ve uygulama noktas\u0131nda bana gerekli yard\u0131m ve deste\u011fi sa\u011flad\u0131lar. Fikrimin bakanl\u0131\u011f\u0131m\u0131z taraf\u0131ndan be\u011fenilmesi ve T\u00fcrkiye birincili\u011fine lay\u0131k g\u00f6r\u00fclmem benim, ailem, okulum ve il\u00e7emiz i\u00e7in onur ve gurur kayna\u011f\u0131d\u0131r. Bundan sonra fikir baz\u0131nda fark\u0131ndal\u0131k olu\u015fturabilecek, ger\u00e7ekle\u015ftirilebilecek projeler \u00fcretebilmek i\u00e7in s\u00fcrekli e\u011fitim ve ara\u015ft\u0131rma i\u00e7erisinde olaca\u011f\u0131m\u201d dedi.<\/p>\n<p>Havza Makbule Yusuf \u00d6l\u00e7er YBO\u2019da rehberlik servisinde bulunan alet ve teknikleri kullan\u0131larak sanal ger\u00e7eklik fikri hayata ge\u00e7irildi. 2018 y\u0131l\u0131nda oryantirikte de il derecesi alan Altt\u0131nnur, hedefinin bilgisayar yaz\u0131l\u0131m m\u00fchendisi olmak oldu\u011funu belirtti.<\/p>\n<p>Havza \u0130l\u00e7e Kaymakam\u0131 Metin Y\u0131lmaz ise Altt\u0131nnur\u2019u tebrik ederken, &#8220;\u00dclkemizde ekonomik, sosyal, ticari ve di\u011fer alanlarda fark\u0131ndal\u0131k olu\u015fturabilecek fikir baz\u0131nda uygulanabilir d\u00fc\u015f\u00fcncelere ihtiyac\u0131m\u0131z var. \u00d6\u011frencimizin bu fikri d\u00fc\u015f\u00fcncesi fikir ve uygulanabilirlik noktas\u0131nda \u00e7ok de\u011ferli ve g\u00fczel. Bu fikrin \u00fclkemizde bir\u00e7ok farkl\u0131 alanlarda kullan\u0131labilir olmas\u0131, \u00e7al\u0131\u015fmalar\u0131n daha verimli hale getirilmesi, \u00fcretimlerin verimli hale getirilmesi, \u00e7al\u0131\u015fma ortamlar\u0131n\u0131n \u00e7ok daha ba\u015far\u0131l\u0131 olmas\u0131 bu fikri daha da \u00f6nemli bir noktaya getiriyor. \u00d6\u011frencimizi bu \u00e7al\u0131\u015fmas\u0131ndan, Sanayi ve Teknoloji Bakanl\u0131\u011f\u0131m\u0131zdan Verimlilik \u00d6d\u00fclleri \u00e7er\u00e7evesinde alm\u0131\u015f oldu\u011fu T\u00fcrkiye birincili\u011finden dolay\u0131 tebrik ediyor, ba\u015far\u0131lar\u0131n\u0131n devam\u0131n\u0131 diliyorum\u201d diye konu\u015ftu.<\/p>\n","protected":false},"excerpt":{"rendered":"<p>HAVZA KAYMAKAMI MET\u0130N YILMAZ,VER\u0130ML\u0130L\u0130K \u00d6D\u00dcL\u00dc T\u00dcRK\u0130YR B\u0130R\u0130NC\u0130S\u0130 AHMET YUSUF ALTINNUR,REHBERL\u0130K \u00d6\u011eRETMEN\u0130 YUSUF TEKTA\u015e<\/p>\n","protected":false},"author":1,"featured_media":227265,"comment_status":"closed","ping_status":"open","sticky":false,"template":"","format":"standard","meta":{"jetpack_post_was_ever_published":false,"_jetpack_newsletter_access":"","_jetpack_dont_email_post_to_subs":false,"_jetpack_newsletter_tier_id":0,"_jetpack_memberships_contains_paywalled_content":false,"_jetpack_memberships_contains_paid_content":false,"footnotes":"","jetpack_publicize_message":"","jetpack_publicize_feature_enabled":true,"jetpack_social_post_already_shared":true,"jetpack_social_options":{"image_generator_settings":{"template":"highway","default_image_id":0,"font":"","enabled":false},"version":2}},"categories":[1],"tags":[7552,207,2957,4340,2272,453,4688],"class_list":["post-227264","post","type-post","status-publish","format-standard","has-post-thumbnail","hentry","category-genel","tag-birincisi","tag-etti","tag-kaymakam","tag-ogrenciyi","tag-tebrik","tag-turkiye","tag-yilmaz"],"jetpack_publicize_connections":[],"jetpack_featured_media_url":"https:\/\/i0.wp.com\/www.tvturk.com\/wp-content\/uploads\/2019\/11\/kaymakam-yilmaz-turkiye-birincisi-ogrenciyi-tebrik-etti_b76d325.jpg?fit=1000%2C750","jetpack_sharing_enabled":true,"jetpack_shortlink":"https:\/\/wp.me\/paKIfm-X7y","_links":{"self":[{"href":"http:\/\/www.tvturk.com\/index.php\/wp-json\/wp\/v2\/posts\/227264","targetHints":{"allow":["GET"]}}],"collection":[{"href":"http:\/\/www.tvturk.com\/index.php\/wp-json\/wp\/v2\/posts"}],"about":[{"href":"http:\/\/www.tvturk.com\/index.php\/wp-json\/wp\/v2\/types\/post"}],"author":[{"embeddable":true,"href":"http:\/\/www.tvturk.com\/index.php\/wp-json\/wp\/v2\/users\/1"}],"replies":[{"embeddable":true,"href":"http:\/\/www.tvturk.com\/index.php\/wp-json\/wp\/v2\/comments?post=227264"}],"version-history":[{"count":0,"href":"http:\/\/www.tvturk.com\/index.php\/wp-json\/wp\/v2\/posts\/227264\/revisions"}],"wp:featuredmedia":[{"embeddable":true,"href":"http:\/\/www.tvturk.com\/index.php\/wp-json\/wp\/v2\/media\/227265"}],"wp:attachment":[{"href":"http:\/\/www.tvturk.com\/index.php\/wp-json\/wp\/v2\/media?parent=227264"}],"wp:term":[{"taxonomy":"category","embeddable":true,"href":"http:\/\/www.tvturk.com\/index.php\/wp-json\/wp\/v2\/categories?post=227264"},{"taxonomy":"post_tag","embeddable":true,"href":"http:\/\/www.tvturk.com\/index.php\/wp-json\/wp\/v2\/tags?post=227264"}],"curies":[{"name":"wp","href":"https:\/\/api.w.org\/{rel}","templated":true}]}}