{"id":227268,"date":"2019-11-12T11:46:49","date_gmt":"2019-11-12T08:46:49","guid":{"rendered":"http:\/\/www.tvturk.com\/index.php\/muftulukten-mevlid-i-nebi-programi\/"},"modified":"2019-11-12T11:46:49","modified_gmt":"2019-11-12T08:46:49","slug":"muftulukten-mevlid-i-nebi-programi","status":"publish","type":"post","link":"http:\/\/www.tvturk.com\/index.php\/muftulukten-mevlid-i-nebi-programi\/","title":{"rendered":"M\u00fcft\u00fcl\u00fckten Mevlid-i Neb\u00ee program\u0131"},"content":{"rendered":"<p>Gemlik M\u00fcft\u00fcl\u00fc\u011f\u00fc taraf\u0131ndan tertiplenen Mevlid-i Neb\u00ee program\u0131 ilgi g\u00f6rd\u00fc.<\/p>\n<p>Cemil Meri\u00e7 K\u00fclt\u00fcr Merkezinde Gemlik M\u00fcft\u00fcs\u00fc Re\u015fat \u015eavl\u0131\u2019n\u0131n ev sahipli\u011finde yap\u0131lan programa Kaymakam Ya\u015far D\u00f6nmez  ile daire m\u00fcd\u00fcrleri, siyasi parti ve sivil toplum temsilcileri ve vatanda\u015flar kat\u0131ld\u0131. Kur\u2019an-\u0131 kerim tilaveti ve m\u00fcft\u00fcn\u00fcn a\u00e7\u0131l\u0131\u015f konu\u015fmas\u0131n\u0131n ard\u0131ndan k\u00fcrs\u00fcye gelen e\u011fitimci yazar Sait \u00c7aml\u0131ca, \u00e7ocuklar\u0131n e\u011fitim ve yeti\u015ftirilmesinde ya\u015fanan meselelerden bahsetti. Anne, baba ve \u00e7ocuklar aras\u0131ndaki ili\u015fkileri, bu ili\u015fkilerin \u00f6nemini, topluma yans\u0131malar\u0131n\u0131 \u00f6rnekleriyle anlatan \u00c7aml\u0131ca, ebeveynlerin \u00e7ocuklar\u0131n\u0131 iyi bir \u015fekilde yeti\u015ftirmeleri i\u00e7in mutlaka kitap okumalar\u0131 gerekti\u011fini kaydetti. Toplum i\u00e7inde yap\u0131lan bir\u00e7ok hatan\u0131n aileden kaynakland\u0131\u011f\u0131n\u0131 ifade eden \u00c7aml\u0131ca, \u00e7ocuklar\u0131n yeti\u015fmelerinde anne-baba ve e\u011fitimciler ba\u015fta olmak \u00fczere herkesin \u00f6nemli sorumluluklar\u0131n\u0131n bulundu\u011funu s\u00f6yledi.<\/p>\n<p>Sait \u00c7aml\u0131ca, \u00e7ocuk sahibi olmaktan daha \u00e7ok \u00e7ocuk terbiyesinin \u00f6nemine i\u015faret etti. \u00c7ocuklara ve gen\u00e7lere y\u00f6nelik yap\u0131lan en b\u00fcy\u00fck yanl\u0131\u015f\u0131n k\u0131yaslama oldu\u011funu belirten Sait \u00c7aml\u0131ca, \u201cGen\u00e7lik d\u00f6nemleri f\u0131rsatlar ve tuzaklar d\u00f6nemidir. Gelece\u011finiz gen\u00e7li\u011finizde \u015fekillenir. F\u0131rsatlar\u0131 de\u011ferlendirirseniz bamba\u015fka bir gelece\u011finiz olur, tuzaklara d\u00fc\u015ferseniz ba\u015fka bir gelece\u011finiz\u201d dedi.<\/p>\n<p>\u00c7aml\u0131ca, konferans\u0131n sonunda salonda bulunan \u00e7ocuklar\u0131 sahneye davet edip evde aile fertleriyle alakal\u0131 sorular sordu.<\/p>\n","protected":false},"excerpt":{"rendered":"<p>M\u00dcFT\u00dcL\u00dcK&#8217;TEN MEVL\u0130D-\u0130 NEB\u0130 PROGRAMI<\/p>\n","protected":false},"author":1,"featured_media":227269,"comment_status":"closed","ping_status":"open","sticky":false,"template":"","format":"standard","meta":{"jetpack_post_was_ever_published":false,"_jetpack_newsletter_access":"","_jetpack_dont_email_post_to_subs":false,"_jetpack_newsletter_tier_id":0,"_jetpack_memberships_contains_paywalled_content":false,"_jetpack_memberships_contains_paid_content":false,"footnotes":"","jetpack_publicize_message":"","jetpack_publicize_feature_enabled":true,"jetpack_social_post_already_shared":true,"jetpack_social_options":{"image_generator_settings":{"template":"highway","default_image_id":0,"font":"","enabled":false},"version":2}},"categories":[1],"tags":[5329,438,16017,1999],"class_list":["post-227268","post","type-post","status-publish","format-standard","has-post-thumbnail","hentry","category-genel","tag-mevlid-i","tag-muftulukten","tag-nebi","tag-programi"],"jetpack_publicize_connections":[],"jetpack_featured_media_url":"https:\/\/i0.wp.com\/www.tvturk.com\/wp-content\/uploads\/2019\/11\/muftulukten-mevlid-i-neb-programi_70efcfa.jpg?fit=1000%2C750","jetpack_sharing_enabled":true,"jetpack_shortlink":"https:\/\/wp.me\/paKIfm-X7C","_links":{"self":[{"href":"http:\/\/www.tvturk.com\/index.php\/wp-json\/wp\/v2\/posts\/227268","targetHints":{"allow":["GET"]}}],"collection":[{"href":"http:\/\/www.tvturk.com\/index.php\/wp-json\/wp\/v2\/posts"}],"about":[{"href":"http:\/\/www.tvturk.com\/index.php\/wp-json\/wp\/v2\/types\/post"}],"author":[{"embeddable":true,"href":"http:\/\/www.tvturk.com\/index.php\/wp-json\/wp\/v2\/users\/1"}],"replies":[{"embeddable":true,"href":"http:\/\/www.tvturk.com\/index.php\/wp-json\/wp\/v2\/comments?post=227268"}],"version-history":[{"count":0,"href":"http:\/\/www.tvturk.com\/index.php\/wp-json\/wp\/v2\/posts\/227268\/revisions"}],"wp:featuredmedia":[{"embeddable":true,"href":"http:\/\/www.tvturk.com\/index.php\/wp-json\/wp\/v2\/media\/227269"}],"wp:attachment":[{"href":"http:\/\/www.tvturk.com\/index.php\/wp-json\/wp\/v2\/media?parent=227268"}],"wp:term":[{"taxonomy":"category","embeddable":true,"href":"http:\/\/www.tvturk.com\/index.php\/wp-json\/wp\/v2\/categories?post=227268"},{"taxonomy":"post_tag","embeddable":true,"href":"http:\/\/www.tvturk.com\/index.php\/wp-json\/wp\/v2\/tags?post=227268"}],"curies":[{"name":"wp","href":"https:\/\/api.w.org\/{rel}","templated":true}]}}