{"id":227308,"date":"2019-11-12T12:17:40","date_gmt":"2019-11-12T09:17:40","guid":{"rendered":"http:\/\/www.tvturk.com\/index.php\/ozel-sporcu-sevval-turkiyeyi-gururlandirdi\/"},"modified":"2019-11-12T12:17:40","modified_gmt":"2019-11-12T09:17:40","slug":"ozel-sporcu-sevval-turkiyeyi-gururlandirdi","status":"publish","type":"post","link":"http:\/\/www.tvturk.com\/index.php\/ozel-sporcu-sevval-turkiyeyi-gururlandirdi\/","title":{"rendered":"\u00d6zel sporcu \u015eevval, T\u00fcrkiye\u2019yi gururland\u0131rd\u0131"},"content":{"rendered":"<p>\u0130zmirli \u00f6zel sporcu \u015eevval Tekin, Saraybosna\u2019da d\u00fczenlenen A\u00e7\u0131k Y\u00fczme Turnuvas\u0131\u2019nda 1 alt\u0131n, 2 g\u00fcm\u00fc\u015f madalya kazanarak T\u00fcrkiye\u2019yi gururland\u0131rd\u0131.<\/p>\n<p>Bosna Hersek\u2019in Saraybosna kentinde 9-11 Kas\u0131m tarihleri aras\u0131nda d\u00fczenlenen A\u00e7\u0131k Y\u00fczme Turnuvas\u0131\u2019nda yar\u0131\u015fan T\u00fcrkiye \u00d6zel Sporcular Spor Federasyonu (T\u00d6SSFED) IPC Y\u00fczme Tak\u0131m\u0131, toplamda 16 madalya kazanarak turnuvada \u00f6nemli bir ba\u015far\u0131 elde etti.<\/p>\n<p>1 alt\u0131n ve 2 g\u00fcm\u00fc\u015f madalya<\/p>\n<p>Madalya kazanan sporcular aras\u0131nda yer alan 19 ya\u015f\u0131ndaki \u015eevval Tekin, turnuvay\u0131 1 alt\u0131n ve 2 g\u00fcm\u00fc\u015f madalyayla tamamlad\u0131. Tekin, 100 metre kurba\u011falama yar\u0131\u015f\u0131nda birinci gelerek alt\u0131n madalya kazand\u0131. Ba\u015far\u0131l\u0131 sporcu, 100 metre kelebek ve 200 metre kar\u0131\u015f\u0131k y\u00fczme stillerindeki yar\u0131\u015flar\u0131nda da 2. olarak g\u00fcm\u00fc\u015f madalya ald\u0131. Ailesinin deste\u011fi ile 9 ya\u015f\u0131ndan itibaren y\u00fczme sporunda \u00f6nemli ba\u015far\u0131lara imza atan otizmli y\u00fcz\u00fcc\u00fc \u015eevval Tekin, olimpiyatlarda yar\u0131\u015fma hedefine do\u011fru y\u00fczmeye devam ediyor.<\/p>\n<p>\u015eevval Tekin kimdir?<\/p>\n<p>Milli y\u00fcz\u00fcc\u00fc \u015eevval Tekin, milli mayo ile yar\u0131\u015ft\u0131\u011f\u0131 2014 \u00c7ek Cumhuriyeti INAS Avrupa A\u00e7\u0131k Ya\u015f Y\u00fczme \u015eampiyonas\u0131nda 3. olarak ilk madalyas\u0131n\u0131 kazand\u0131. 2016 y\u0131l\u0131nda d\u00fczenlenen Uluslararas\u0131 Zihinsel Engelliler Spor Federasyonu (INAS) Avrupa A\u00e7\u0131k Y\u00fczme \u015eampiyonas\u0131nda 1 alt\u0131n, 2 g\u00fcm\u00fc\u015f madalya kazanarak b\u00fcy\u00fck bir ba\u015far\u0131ya imza att\u0131. 2017 y\u0131l\u0131nda ise Para Swimming D\u00fcnya Serisinde A Baraj\u0131\u2019n\u0131 ge\u00e7en Tekin, Danimarka\u2019da kazand\u0131\u011f\u0131 ba\u015far\u0131larla 2018 y\u0131l\u0131nda \u0130rlanda\u2019da d\u00fczenlenecek Avrupa Para Y\u00fczme \u015eampiyonas\u0131\u2019na gitmenin kap\u0131s\u0131n\u0131 aralad\u0131. Tekin, \u0130rlanda\u2019da d\u00fczenlenen IPC Para Y\u00fczme \u015eampiyonas\u0131nda 4100 serisinde tak\u0131m olarak 2.\u2019lik elde etti. \u015eevval Tekin, Resmi olarak 10 y\u0131ld\u0131r T\u00d6SSFED\u2019in d\u00fczenledi\u011fi B\u00f6lge ve T\u00fcrkiye \u015eampiyonas\u0131nda kat\u0131ld\u0131\u011f\u0131 y\u00fczme yar\u0131\u015flar\u0131nda onlarca alt\u0131n madalya kazand\u0131.<\/p>\n","protected":false},"excerpt":{"rendered":"<p>\u0130ZM\u0130RL\u0130 \u00d6ZEL SPORCU \u015eEVVAL TEK\u0130N, SARAYBOSNA\u2019DA D\u00dcZENLENEN A\u00c7IK Y\u00dcZME TURNUVASINDA 1 ALTIN VE 2 G\u00dcM\u00dc\u015e MADALYA KAZANARAK T\u00dcRK\u0130YE\u2019Y\u0130 GURURLANDIRDI.<\/p>\n","protected":false},"author":1,"featured_media":227309,"comment_status":"closed","ping_status":"open","sticky":false,"template":"","format":"standard","meta":{"jetpack_post_was_ever_published":false,"_jetpack_newsletter_access":"","_jetpack_dont_email_post_to_subs":false,"_jetpack_newsletter_tier_id":0,"_jetpack_memberships_contains_paywalled_content":false,"_jetpack_memberships_contains_paid_content":false,"footnotes":"","jetpack_publicize_message":"","jetpack_publicize_feature_enabled":true,"jetpack_social_post_already_shared":true,"jetpack_social_options":{"image_generator_settings":{"template":"highway","default_image_id":0,"font":"","enabled":false},"version":2}},"categories":[657],"tags":[1073,35425,26185,3895,6844],"class_list":["post-227308","post","type-post","status-publish","format-standard","has-post-thumbnail","hentry","category-spor","tag-ozel","tag-gururlandirdi","tag-sevval","tag-sporcu","tag-turkiyeyi"],"jetpack_publicize_connections":[],"jetpack_featured_media_url":"https:\/\/i0.wp.com\/www.tvturk.com\/wp-content\/uploads\/2019\/11\/ozel-sporcu-sevval-turkiyeyi-gururlandirdi_37b18c5.jpg?fit=1000%2C750","jetpack_sharing_enabled":true,"jetpack_shortlink":"https:\/\/wp.me\/paKIfm-X8g","_links":{"self":[{"href":"http:\/\/www.tvturk.com\/index.php\/wp-json\/wp\/v2\/posts\/227308","targetHints":{"allow":["GET"]}}],"collection":[{"href":"http:\/\/www.tvturk.com\/index.php\/wp-json\/wp\/v2\/posts"}],"about":[{"href":"http:\/\/www.tvturk.com\/index.php\/wp-json\/wp\/v2\/types\/post"}],"author":[{"embeddable":true,"href":"http:\/\/www.tvturk.com\/index.php\/wp-json\/wp\/v2\/users\/1"}],"replies":[{"embeddable":true,"href":"http:\/\/www.tvturk.com\/index.php\/wp-json\/wp\/v2\/comments?post=227308"}],"version-history":[{"count":0,"href":"http:\/\/www.tvturk.com\/index.php\/wp-json\/wp\/v2\/posts\/227308\/revisions"}],"wp:featuredmedia":[{"embeddable":true,"href":"http:\/\/www.tvturk.com\/index.php\/wp-json\/wp\/v2\/media\/227309"}],"wp:attachment":[{"href":"http:\/\/www.tvturk.com\/index.php\/wp-json\/wp\/v2\/media?parent=227308"}],"wp:term":[{"taxonomy":"category","embeddable":true,"href":"http:\/\/www.tvturk.com\/index.php\/wp-json\/wp\/v2\/categories?post=227308"},{"taxonomy":"post_tag","embeddable":true,"href":"http:\/\/www.tvturk.com\/index.php\/wp-json\/wp\/v2\/tags?post=227308"}],"curies":[{"name":"wp","href":"https:\/\/api.w.org\/{rel}","templated":true}]}}