{"id":227336,"date":"2019-11-12T13:02:37","date_gmt":"2019-11-12T10:02:37","guid":{"rendered":"http:\/\/www.tvturk.com\/index.php\/bin-70-metre-rakimli-koyde-cikan-su-sifa-dagitiyor\/"},"modified":"2019-11-12T13:02:37","modified_gmt":"2019-11-12T10:02:37","slug":"bin-70-metre-rakimli-koyde-cikan-su-sifa-dagitiyor","status":"publish","type":"post","link":"http:\/\/www.tvturk.com\/index.php\/bin-70-metre-rakimli-koyde-cikan-su-sifa-dagitiyor\/","title":{"rendered":"Bin 70 metre rak\u0131ml\u0131 k\u00f6yde \u00e7\u0131kan su \u015fifa da\u011f\u0131t\u0131yor"},"content":{"rendered":"<p>Bilecik\u2019in Pazaryeri il\u00e7esindeki bin 70 metre rak\u0131ml\u0131 G\u00fcde k\u00f6y\u00fcnde \u00e7\u0131kan ve b\u00f6brek ta\u015flar\u0131n\u0131n d\u00fc\u015f\u00fcr\u00fclmesine fayda sa\u011flad\u0131\u011f\u0131 belirtilen \u015fifal\u0131 suya \u00e7evre il ve il\u00e7elerden de b\u00fcy\u00fck ra\u011fbet g\u00f6steriliyor.<\/p>\n<p>Suyun b\u00f6brek hastalar\u0131na iyi geldi\u011fini s\u00f6yleyen vatanda\u015flar, bidon bidon doldurduklar\u0131 suyu evlerine g\u00f6t\u00fcr\u00fcyorlar. Ah\u0131 Da\u011f\u0131 eteklerinde yer alan k\u00f6y bu sayede hem tan\u0131n\u0131rken, hem de \u2019\u015fifa da\u011f\u0131tan k\u00f6y\u2019 olarak adland\u0131r\u0131l\u0131yor.<\/p>\n<p>\u201cB\u00f6brek ta\u015flar\u0131na iyi geldi\u011fini duydum\u201d<\/p>\n<p>G\u00fcde k\u00f6y\u00fcndeki sudan \u00fc\u00e7 defa almaya geldi\u011fini s\u00f6yleyen Ahmet K\u0131rm\u0131z\u0131 &#8220;Bu suyun b\u00f6brek ta\u015flar\u0131na iyi geldi\u011fini duydum. Bu benim \u00fc\u00e7\u00fcnc\u00fc geli\u015fim. Daha \u00f6nce geldi\u011fimde T\u00fcrkiye\u2019nin \u00e7e\u015fitli illerinden gelen vatanda\u015flar ile kar\u015f\u0131la\u015ft\u0131m onlarda bu suyun b\u00f6brek ta\u015flar\u0131na iyi geldi\u011fini s\u00f6ylediler\u201d dedi.<\/p>\n<p>\u201cSuyu doldurmak i\u00e7in uzun kuyruklar olu\u015fur&#8221;<\/p>\n<p>G\u00fcde K\u00f6y\u00fc Muhtar\u0131 Metin Turan ise, k\u00f6ylerindeki ormanl\u0131k alanda bulunan suya eskiden uzun kuyruklar oldu\u011funu s\u00f6yleyerek, &#8220;Buralar\u0131 gezmeye gelen bir vatanda\u015f bu sudan i\u00e7mi\u015f ve g\u00fczel gelmi\u015f. Bidonlara doldurarak memleketine g\u00f6t\u00fcrm\u00fc\u015f. Bu \u015fah\u0131s b\u00f6brek hastas\u0131 oldu\u011fundan bu su a\u011fr\u0131lar\u0131na iyi gelmi\u015f. Ondan sonra bu suyumuz ilgi artt\u0131. Eskiden \u00e7e\u015fmemizde uzun kuyruklar oluyordu ve \u00e7e\u015fmemiz az ak\u0131yordu. K\u00f6yl\u00fcm\u00fcz\u00fcn yard\u0131mlar\u0131 ile ormanl\u0131k alanda bulunan \u00e7e\u015fmemize yakla\u015f\u0131k iki \u00fc\u00e7 tonluk depo yapt\u0131k. Suyun bo\u015fa akmas\u0131n\u0131n \u00f6n\u00fcne ge\u00e7erek depoda toplamaya ba\u015flad\u0131k. Yap\u0131lan depo sayesinde k\u00f6y\u00fcm\u00fcze gelen vatanda\u015flar su doldururken zaman harcam\u0131yor&#8221; dedi.<\/p>\n<p>\u00d6te yandan \u00e7e\u015fmeye Bursa, Eski\u015fehir, Kocaeli ve Sakarya illerinden gelen vatanda\u015flar, buradan doldurduklar\u0131 suyun \u015fifa deposu oldu\u011funu ve b\u00f6breklerdeki ta\u015flara \u00e7ok iyi geldi\u011fini s\u00f6ylediler.<\/p>\n","protected":false},"excerpt":{"rendered":"<p>B\u0130N 70 METRE RAKIMLI K\u00d6YDE \u00c7IKAN SU \u015e\u0130FA DA\u011eITIYOR<\/p>\n","protected":false},"author":1,"featured_media":227337,"comment_status":"closed","ping_status":"open","sticky":false,"template":"","format":"standard","meta":{"jetpack_post_was_ever_published":false,"_jetpack_newsletter_access":"","_jetpack_dont_email_post_to_subs":false,"_jetpack_newsletter_tier_id":0,"_jetpack_memberships_contains_paywalled_content":false,"_jetpack_memberships_contains_paid_content":false,"footnotes":"","jetpack_publicize_message":"","jetpack_publicize_feature_enabled":true,"jetpack_social_post_already_shared":true,"jetpack_social_options":{"image_generator_settings":{"template":"highway","default_image_id":0,"font":"","enabled":false},"version":2}},"categories":[1],"tags":[213,2114,22963,2576,7091,18866,7666],"class_list":["post-227336","post","type-post","status-publish","format-standard","has-post-thumbnail","hentry","category-genel","tag-bin","tag-cikan","tag-dagitiyor","tag-koyde","tag-metre","tag-rakimli","tag-sifa"],"jetpack_publicize_connections":[],"jetpack_featured_media_url":"https:\/\/i0.wp.com\/www.tvturk.com\/wp-content\/uploads\/2019\/11\/bin-70-metre-rakimli-koyde-cikan-su-sifa-dagitiyor_985ec49.jpg?fit=1000%2C561","jetpack_sharing_enabled":true,"jetpack_shortlink":"https:\/\/wp.me\/paKIfm-X8I","_links":{"self":[{"href":"http:\/\/www.tvturk.com\/index.php\/wp-json\/wp\/v2\/posts\/227336","targetHints":{"allow":["GET"]}}],"collection":[{"href":"http:\/\/www.tvturk.com\/index.php\/wp-json\/wp\/v2\/posts"}],"about":[{"href":"http:\/\/www.tvturk.com\/index.php\/wp-json\/wp\/v2\/types\/post"}],"author":[{"embeddable":true,"href":"http:\/\/www.tvturk.com\/index.php\/wp-json\/wp\/v2\/users\/1"}],"replies":[{"embeddable":true,"href":"http:\/\/www.tvturk.com\/index.php\/wp-json\/wp\/v2\/comments?post=227336"}],"version-history":[{"count":0,"href":"http:\/\/www.tvturk.com\/index.php\/wp-json\/wp\/v2\/posts\/227336\/revisions"}],"wp:featuredmedia":[{"embeddable":true,"href":"http:\/\/www.tvturk.com\/index.php\/wp-json\/wp\/v2\/media\/227337"}],"wp:attachment":[{"href":"http:\/\/www.tvturk.com\/index.php\/wp-json\/wp\/v2\/media?parent=227336"}],"wp:term":[{"taxonomy":"category","embeddable":true,"href":"http:\/\/www.tvturk.com\/index.php\/wp-json\/wp\/v2\/categories?post=227336"},{"taxonomy":"post_tag","embeddable":true,"href":"http:\/\/www.tvturk.com\/index.php\/wp-json\/wp\/v2\/tags?post=227336"}],"curies":[{"name":"wp","href":"https:\/\/api.w.org\/{rel}","templated":true}]}}