{"id":227555,"date":"2019-11-12T18:02:24","date_gmt":"2019-11-12T15:02:24","guid":{"rendered":"http:\/\/www.tvturk.com\/index.php\/deri-sektorunden-gelecege-yatirim\/"},"modified":"2019-11-12T18:02:24","modified_gmt":"2019-11-12T15:02:24","slug":"deri-sektorunden-gelecege-yatirim","status":"publish","type":"post","link":"http:\/\/www.tvturk.com\/index.php\/deri-sektorunden-gelecege-yatirim\/","title":{"rendered":"Deri sekt\u00f6r\u00fcnden \u2019gelece\u011fe\u2019 yat\u0131r\u0131m"},"content":{"rendered":"<p>Deri sekt\u00f6r\u00fcne yeni tasar\u0131mc\u0131lar kazand\u0131rmak i\u00e7in yap\u0131lan yar\u0131\u015fman\u0131n kazananlar\u0131 belli oldu.<\/p>\n<p>Deri sekt\u00f6r\u00fcnde katma de\u011ferli ihracat\u0131 daha da art\u0131rmak i\u00e7in \u0130stanbul Deri ve Deri Mamulleri \u0130hracat\u00e7\u0131lar\u0131 Birli\u011fi (\u0130DM\u0130B) b\u00fcnyesinde, Ticaret Bakanl\u0131\u011f\u0131\u2019n\u0131n destekleriyle 5. Detay Deri ve Deri \u00dcr\u00fcnleri Tasar\u0131m Yar\u0131\u015fmas\u0131 d\u00fczenlendi.<\/p>\n<p>\u0130DM\u0130B Ba\u015fkan\u0131 Mustafa \u015eenocak, ger\u00e7ekle\u015ftirdikleri tasar\u0131m yar\u0131\u015fmalar\u0131yla sekt\u00f6re \u00e7ok de\u011ferli tasar\u0131mc\u0131lar kazand\u0131klar\u0131n\u0131 ve kazand\u0131rmaya devam edeceklerini vurgulad\u0131. Ama\u00e7lar\u0131n\u0131n deri sekt\u00f6r\u00fcn\u00fcn tasar\u0131m g\u00fcc\u00fcn\u00fc ve katma de\u011ferini artt\u0131rmak oldu\u011funu aktaran \u015eenocak, \u201cGen\u00e7 yeteneklerimizi de sekt\u00f6re kazand\u0131rmak istiyoruz. \u00c7\u00fcnk\u00fc \u00fclke olarak daha y\u00fcksek katma de\u011ferle ihracat yapmaya ihtiyac\u0131m\u0131z var.  D\u00fcnyada g\u00fcncel ak\u0131mlar\u0131 sekt\u00f6r\u00fcm\u00fcze tan\u0131tmak i\u00e7in trend seminerleri d\u00fczenliyoruz. 1 y\u0131l ayakkab\u0131, 1 y\u0131l konfeksiyon ve saraciye olmak \u00fczere her y\u0131l tasar\u0131m yar\u0131\u015fmalar\u0131 organize ediyoruz. Yar\u0131\u015fmalar\u0131m\u0131z her ge\u00e7en y\u0131l daha \u00e7ok ki\u015fiye ula\u015f\u0131yor. Finalistlerimizi \u00e7ok \u00f6nemli \u00f6d\u00fcller ile bulu\u015fturuyoruz. \u00c7\u00fcnk\u00fc biz ihracatta nitelikli insan kayna\u011f\u0131n\u0131n ve tasar\u0131m\u0131n g\u00fcc\u00fcne inan\u0131yoruz\u201d dedi.<\/p>\n<p>Deri ve deri mamulleri sekt\u00f6r\u00fcn\u00fcn bug\u00fcn T\u00fcrkiye\u2019de ihracatta en y\u00fcksek katma de\u011ferli d\u00f6rd\u00fcnc\u00fc sekt\u00f6r konumunda oldu\u011funu belirten \u015eenocak, \u201cT\u00fcrkiye\u2019nin kg ba\u015f\u0131na ihracat birim fiyat\u0131 1,2 dolar seviyesindeyken, deri ve deri mamulleri sekt\u00f6r\u00fcnde 10,3 dolar, saraciye sekt\u00f6r\u00fcnde 15 dolar, deri ve k\u00fcrk konfeksiyonda ise 130 dolar seviyelerindeyiz. Bu rakamlar g\u00fczel ama daha \u00e7ok \u00e7al\u0131\u015fmak zorunday\u0131z. T\u00fcrkiye olarak deri ve k\u00fcrk konfeksiyon ile saraciye sekt\u00f6rlerimizde ihracat birim fiyat\u0131m\u0131z neredeyse Avrupa Birli\u011finin ortalamas\u0131n\u0131 yakalam\u0131\u015f durumda. \u00dclkeler \u00f6zelinde de bakt\u0131\u011f\u0131m\u0131zda kat etmemiz gereken \u00e7ok yol var\u201d diye konu\u015ftu.<\/p>\n<p>Deri Konfeksiyon kategorisinde ilk \u00fc\u00e7e giren Merve Karali, Selin Cevahir, Meryem Bal\u0131k\u00e7\u0131 \u00d6z\u00f6\u011f\u00fcr, saraciye kategorisinde ise ilk \u00fc\u00e7e giren Beril Say\u0131n, \u00c7iler Sevingen, Burcu \u00d6zden Ergene\u2019ye e\u011fitim ve para \u00f6d\u00fcl\u00fc verilecek. Yar\u0131\u015fman\u0131n dereceye girenleri bakanl\u0131\u011f\u0131n tercihi ile yurt d\u0131\u015f\u0131 e\u011fitim ile \u00f6d\u00fcllendirilecek.<\/p>\n","protected":false},"excerpt":{"rendered":"<p>DER\u0130 SEKT\u00d6R\u00dcNE YEN\u0130 TASARIMCILAR KAZANDIRMAK \u0130\u00c7\u0130N YAPILAN YARI\u015eMANIN KAZANANLARI BELL\u0130 OLDU.<\/p>\n","protected":false},"author":1,"featured_media":227556,"comment_status":"closed","ping_status":"open","sticky":false,"template":"","format":"standard","meta":{"jetpack_post_was_ever_published":false,"_jetpack_newsletter_access":"","_jetpack_dont_email_post_to_subs":false,"_jetpack_newsletter_tier_id":0,"_jetpack_memberships_contains_paywalled_content":false,"_jetpack_memberships_contains_paid_content":false,"footnotes":"","jetpack_publicize_message":"","jetpack_publicize_feature_enabled":true,"jetpack_social_post_already_shared":true,"jetpack_social_options":{"image_generator_settings":{"template":"highway","default_image_id":0,"font":"","enabled":false},"version":2}},"categories":[1],"tags":[15245,2059,37299,470],"class_list":["post-227555","post","type-post","status-publish","format-standard","has-post-thumbnail","hentry","category-genel","tag-deri","tag-gelecege","tag-sektorunden","tag-yatirim"],"jetpack_publicize_connections":[],"jetpack_featured_media_url":"https:\/\/i0.wp.com\/www.tvturk.com\/wp-content\/uploads\/2019\/11\/deri-sektorunden-gelecege-yatirim_c89d1e7.jpg?fit=1000%2C666","jetpack_sharing_enabled":true,"jetpack_shortlink":"https:\/\/wp.me\/paKIfm-Xcf","_links":{"self":[{"href":"http:\/\/www.tvturk.com\/index.php\/wp-json\/wp\/v2\/posts\/227555","targetHints":{"allow":["GET"]}}],"collection":[{"href":"http:\/\/www.tvturk.com\/index.php\/wp-json\/wp\/v2\/posts"}],"about":[{"href":"http:\/\/www.tvturk.com\/index.php\/wp-json\/wp\/v2\/types\/post"}],"author":[{"embeddable":true,"href":"http:\/\/www.tvturk.com\/index.php\/wp-json\/wp\/v2\/users\/1"}],"replies":[{"embeddable":true,"href":"http:\/\/www.tvturk.com\/index.php\/wp-json\/wp\/v2\/comments?post=227555"}],"version-history":[{"count":0,"href":"http:\/\/www.tvturk.com\/index.php\/wp-json\/wp\/v2\/posts\/227555\/revisions"}],"wp:featuredmedia":[{"embeddable":true,"href":"http:\/\/www.tvturk.com\/index.php\/wp-json\/wp\/v2\/media\/227556"}],"wp:attachment":[{"href":"http:\/\/www.tvturk.com\/index.php\/wp-json\/wp\/v2\/media?parent=227555"}],"wp:term":[{"taxonomy":"category","embeddable":true,"href":"http:\/\/www.tvturk.com\/index.php\/wp-json\/wp\/v2\/categories?post=227555"},{"taxonomy":"post_tag","embeddable":true,"href":"http:\/\/www.tvturk.com\/index.php\/wp-json\/wp\/v2\/tags?post=227555"}],"curies":[{"name":"wp","href":"https:\/\/api.w.org\/{rel}","templated":true}]}}