{"id":227573,"date":"2019-11-12T22:02:24","date_gmt":"2019-11-12T19:02:24","guid":{"rendered":"http:\/\/www.tvturk.com\/index.php\/bayrampasada-peygamberimiz-ve-aile-konulu-konferans\/"},"modified":"2019-11-12T22:02:24","modified_gmt":"2019-11-12T19:02:24","slug":"bayrampasada-peygamberimiz-ve-aile-konulu-konferans","status":"publish","type":"post","link":"http:\/\/www.tvturk.com\/index.php\/bayrampasada-peygamberimiz-ve-aile-konulu-konferans\/","title":{"rendered":"Bayrampa\u015fa\u2019da &#8220;Peygamberimiz ve Aile&#8221; konulu konferans"},"content":{"rendered":"<p>Bayrampa\u015fa Belediyesi ve Bayrampa\u015fa \u0130l\u00e7e M\u00fcft\u00fcl\u00fc\u011f\u00fc taraf\u0131ndan Mevlid-i Nebi Haftas\u0131 kapsam\u0131nda &#8220;Peygamberimiz ve Aile&#8221; temal\u0131 konferans d\u00fczenlendi.<\/p>\n<p>\u201c2019 Y\u0131l\u0131 Mevlid-i Nebi Haftas\u0131&#8221; kapsam\u0131nda yurt genelinde \u00e7e\u015fitli etkinlikler d\u00fczenleniyor. Bu etkinlikler kapsam\u0131nda Bayrampa\u015fa Belediyesi ve  Diyanet \u0130\u015fleri Ba\u015fkanl\u0131\u011f\u0131 Bayrampa\u015fa \u0130l\u00e7e M\u00fcft\u00fcl\u00fc\u011f\u00fc i\u015fbirli\u011fiyle &#8220;Peygamberimiz ve Aile&#8221; konulu konferans d\u00fczenlendi. Bayrampa\u015fa Belediyesi Mehmet Akif K\u00fclt\u00fcr Merkezi\u2019nde d\u00fczenlenen programa, Bayrampa\u015fa Kaymakam\u0131 Sonel \u015eener, Bayrampa\u015fa Belediye Ba\u015fkan\u0131 Atila Ayd\u0131ner, Bayrampa\u015fa \u0130l\u00e7e M\u00fcft\u00fcs\u00fc Y\u0131lmaz K\u00fc\u00e7\u00fck, Siyasi parti temsilcileri ve vatanda\u015flar kat\u0131ld\u0131. Programda, Kuran-\u0131 Kerim tilavetinin ard\u0131ndan Diyanet \u0130\u015fleri Ba\u015fkanl\u0131\u011f\u0131\u2019n\u0131n haz\u0131rlad\u0131\u011f\u0131 Mevlid-i Nebi Haftas\u0131\u2019n\u0131 anlatan sinevizyon g\u00f6sterimi yap\u0131ld\u0131. Program sonunda \u2018Bayrampa\u015fa Belediyesi Musiki Cemiyeti\u2019nin d\u00fczenledi\u011fi Tasavvuf m\u00fczi\u011fi dinleyenleri mest etti.<\/p>\n<p>\u201cPeygamber Efendimizin \u015fan\u0131na yak\u0131\u015f\u0131r \u015fekilde kutlad\u0131k\u201d<\/p>\n<p>T\u00fcrk sanat musikisinin g\u00fczel ilahileriyle anlaml\u0131 bir gece oldu\u011funu s\u00f6yleyen Bayrampa\u015fa Belediye Ba\u015fkan\u0131 Atila Ayd\u0131ner, \u201cMevlid-i Nebi Haftas\u0131n\u0131 hep birlikte bug\u00fcn kutluyoruz. Bu kutlamay\u0131 da b\u00f6yle g\u00fczel bir mekanda Bayrampa\u015fa Belediyesi\u2019nin kurmu\u015f oldu\u011fu T\u00fcrk sanat musikisinin g\u00fczel ilahileriyle ve naatlar\u0131yla birlikte Peygamber Efendimizin \u015fan\u0131na yak\u0131\u015f\u0131r \u015fekilde kutlad\u0131k. En g\u00fczel \u015fekilde de hat\u0131rlayaca\u011f\u0131z ve bu anlaml\u0131 gecede b\u00fct\u00fcn Bayrampa\u015fal\u0131 halk\u0131m\u0131z burada. Allah bizi Peygamber Efendimizin s\u00fcnnetlerinden ve yolundan ay\u0131rmas\u0131n\u201d dedi.<\/p>\n","protected":false},"excerpt":{"rendered":"<p>BAYRAMPA\u015eA BELED\u0130YES\u0130 VE BAYRAMPA\u015eA \u0130L\u00c7E M\u00dcFT\u00dcL\u00dc\u011e\u00dc TARAFINDAN MEVL\u0130D-\u0130 NEB\u0130 HAFTASI KAPSAMINDA &#8220;PEYGAMBER\u0130M\u0130Z VE A\u0130LE&#8221; TEMALI KONFERANS D\u00dcZENLEND\u0130.<\/p>\n","protected":false},"author":1,"featured_media":227574,"comment_status":"closed","ping_status":"open","sticky":false,"template":"","format":"standard","meta":{"jetpack_post_was_ever_published":false,"_jetpack_newsletter_access":"","_jetpack_dont_email_post_to_subs":false,"_jetpack_newsletter_tier_id":0,"_jetpack_memberships_contains_paywalled_content":false,"_jetpack_memberships_contains_paid_content":false,"footnotes":"","jetpack_publicize_message":"","jetpack_publicize_feature_enabled":true,"jetpack_social_post_already_shared":true,"jetpack_social_options":{"image_generator_settings":{"template":"highway","default_image_id":0,"font":"","enabled":false},"version":2}},"categories":[1],"tags":[57240,3014,920,6347,2847],"class_list":["post-227573","post","type-post","status-publish","format-standard","has-post-thumbnail","hentry","category-genel","tag-peygamberimiz","tag-aile","tag-bayrampasada","tag-konferans","tag-konulu"],"jetpack_publicize_connections":[],"jetpack_featured_media_url":"https:\/\/i0.wp.com\/www.tvturk.com\/wp-content\/uploads\/2019\/11\/bayrampasada-peygamberimiz-ve-aile-konulu-konferans_d4d76fe.jpg?fit=1000%2C666","jetpack_sharing_enabled":true,"jetpack_shortlink":"https:\/\/wp.me\/paKIfm-Xcx","_links":{"self":[{"href":"http:\/\/www.tvturk.com\/index.php\/wp-json\/wp\/v2\/posts\/227573","targetHints":{"allow":["GET"]}}],"collection":[{"href":"http:\/\/www.tvturk.com\/index.php\/wp-json\/wp\/v2\/posts"}],"about":[{"href":"http:\/\/www.tvturk.com\/index.php\/wp-json\/wp\/v2\/types\/post"}],"author":[{"embeddable":true,"href":"http:\/\/www.tvturk.com\/index.php\/wp-json\/wp\/v2\/users\/1"}],"replies":[{"embeddable":true,"href":"http:\/\/www.tvturk.com\/index.php\/wp-json\/wp\/v2\/comments?post=227573"}],"version-history":[{"count":0,"href":"http:\/\/www.tvturk.com\/index.php\/wp-json\/wp\/v2\/posts\/227573\/revisions"}],"wp:featuredmedia":[{"embeddable":true,"href":"http:\/\/www.tvturk.com\/index.php\/wp-json\/wp\/v2\/media\/227574"}],"wp:attachment":[{"href":"http:\/\/www.tvturk.com\/index.php\/wp-json\/wp\/v2\/media?parent=227573"}],"wp:term":[{"taxonomy":"category","embeddable":true,"href":"http:\/\/www.tvturk.com\/index.php\/wp-json\/wp\/v2\/categories?post=227573"},{"taxonomy":"post_tag","embeddable":true,"href":"http:\/\/www.tvturk.com\/index.php\/wp-json\/wp\/v2\/tags?post=227573"}],"curies":[{"name":"wp","href":"https:\/\/api.w.org\/{rel}","templated":true}]}}