{"id":227667,"date":"2019-11-13T10:32:45","date_gmt":"2019-11-13T07:32:45","guid":{"rendered":"http:\/\/www.tvturk.com\/index.php\/afyonkarahisarda-sonbahar-ve-yaz-goruntuleri-bir-arada\/"},"modified":"2019-11-13T10:32:45","modified_gmt":"2019-11-13T07:32:45","slug":"afyonkarahisarda-sonbahar-ve-yaz-goruntuleri-bir-arada","status":"publish","type":"post","link":"http:\/\/www.tvturk.com\/index.php\/afyonkarahisarda-sonbahar-ve-yaz-goruntuleri-bir-arada\/","title":{"rendered":"Afyonkarahisar\u2019da sonbahar ve yaz g\u00f6r\u00fcnt\u00fcleri bir arada"},"content":{"rendered":"<p>Afyonkarahisar\u2019da son bahar\u0131n ya\u015fan\u0131ld\u0131\u011f\u0131 \u015fu g\u00fcnlerde hava s\u0131cakl\u0131klar\u0131n\u0131n halen mevsim normallerinin \u00fczerinde seyretmesi park ve bah\u00e7elerde objektiflere g\u00fczel g\u00f6r\u00fcnt\u00fclerin yans\u0131mas\u0131na neden oldu.<\/p>\n<p>Kas\u0131m ay\u0131n\u0131 ortalar\u0131na gelinmesine ra\u011fmen, Afyonkarahisar\u2019da adeta yaz havas\u0131 ya\u015fan\u0131yor. Bir yandan son bahar\u0131n izlerini bar\u0131nd\u0131ran sararm\u0131\u015f yapraklar do\u011faya ayr\u0131 bir g\u00fczellik katarken, di\u011fer yanda halen daha park ve bah\u00e7elerde a\u00e7an \u00e7i\u00e7eklerin g\u00fczelli\u011fi objektiflere yans\u0131d\u0131. Farkl\u0131 g\u00fczelliklerin yans\u0131d\u0131\u011f\u0131 foto\u011fraflar, bir yandan son bahara tan\u0131kl\u0131k ederken, di\u011fer yandan yazdan kalma g\u00fczellikleri de yans\u0131t\u0131yor.<\/p>\n<p>Afyonkarahisar\u2019\u0131n oksijen deposu Kocatepe (B\u00fcy\u00fckkalecik) kasabas\u0131nda B\u00fcy\u00fck Taarruz emrinin verildi\u011fi bin 874 rak\u0131ml\u0131 Kocacatepe\u2019nin eteklerinde bulunan bir kiraz bah\u00e7esindeki kiraz a\u011fa\u00e7lar\u0131n\u0131n sararm\u0131\u015f yapraklar\u0131 kartpostall\u0131k g\u00f6r\u00fcnt\u00fcler olu\u015fturdu.<\/p>\n<p>\u00d6te yandan kent merkezindeki bir kuruma ait binan\u0131n \u00e7evresindeki \u00e7i\u00e7eklere konan ar\u0131lar ise halen daha yaz\u0131n g\u00fczelliklerini yans\u0131tarak Afyonkarahisar\u2019da son baharda yaz\u0131n ya\u015fand\u0131\u011f\u0131n\u0131 g\u00f6sterdi.<\/p>\n","protected":false},"excerpt":{"rendered":"<p>AFYONKARAH\u0130SAR\u2019DA SON BAHARIN YA\u015eANILDI\u011eI \u015eU G\u00dcNLERDE HAVA SICAKLIKLARININ HALEN MEVS\u0130M NORMALLER\u0130N\u0130N \u00dcZER\u0130NDE SEYRETMES\u0130 PARK VE BAH\u00c7ELERDE OBJEKT\u0130FLERE G\u00dcZEL G\u00d6R\u00dcNT\u00dcLER\u0130N YANSIMASINA NEDEN OLDU.<\/p>\n","protected":false},"author":1,"featured_media":227668,"comment_status":"closed","ping_status":"open","sticky":false,"template":"","format":"standard","meta":{"jetpack_post_was_ever_published":false,"_jetpack_newsletter_access":"","_jetpack_dont_email_post_to_subs":false,"_jetpack_newsletter_tier_id":0,"_jetpack_memberships_contains_paywalled_content":false,"_jetpack_memberships_contains_paid_content":false,"footnotes":"","jetpack_publicize_message":"","jetpack_publicize_feature_enabled":true,"jetpack_social_post_already_shared":true,"jetpack_social_options":{"image_generator_settings":{"template":"highway","default_image_id":0,"font":"","enabled":false},"version":2}},"categories":[1],"tags":[894,9048,125,8844,49701,183],"class_list":["post-227667","post","type-post","status-publish","format-standard","has-post-thumbnail","hentry","category-genel","tag-afyonkarahisarda","tag-arada","tag-bir","tag-goruntuleri","tag-sonbahar","tag-yaz"],"jetpack_publicize_connections":[],"jetpack_featured_media_url":"https:\/\/i0.wp.com\/www.tvturk.com\/wp-content\/uploads\/2019\/11\/afyonkarahisarda-sonbahar-ve-yaz-goruntuleri-bir-arada_2513d5f.jpg?fit=1000%2C744","jetpack_sharing_enabled":true,"jetpack_shortlink":"https:\/\/wp.me\/paKIfm-Xe3","_links":{"self":[{"href":"http:\/\/www.tvturk.com\/index.php\/wp-json\/wp\/v2\/posts\/227667","targetHints":{"allow":["GET"]}}],"collection":[{"href":"http:\/\/www.tvturk.com\/index.php\/wp-json\/wp\/v2\/posts"}],"about":[{"href":"http:\/\/www.tvturk.com\/index.php\/wp-json\/wp\/v2\/types\/post"}],"author":[{"embeddable":true,"href":"http:\/\/www.tvturk.com\/index.php\/wp-json\/wp\/v2\/users\/1"}],"replies":[{"embeddable":true,"href":"http:\/\/www.tvturk.com\/index.php\/wp-json\/wp\/v2\/comments?post=227667"}],"version-history":[{"count":0,"href":"http:\/\/www.tvturk.com\/index.php\/wp-json\/wp\/v2\/posts\/227667\/revisions"}],"wp:featuredmedia":[{"embeddable":true,"href":"http:\/\/www.tvturk.com\/index.php\/wp-json\/wp\/v2\/media\/227668"}],"wp:attachment":[{"href":"http:\/\/www.tvturk.com\/index.php\/wp-json\/wp\/v2\/media?parent=227667"}],"wp:term":[{"taxonomy":"category","embeddable":true,"href":"http:\/\/www.tvturk.com\/index.php\/wp-json\/wp\/v2\/categories?post=227667"},{"taxonomy":"post_tag","embeddable":true,"href":"http:\/\/www.tvturk.com\/index.php\/wp-json\/wp\/v2\/tags?post=227667"}],"curies":[{"name":"wp","href":"https:\/\/api.w.org\/{rel}","templated":true}]}}