{"id":227731,"date":"2019-11-13T11:47:12","date_gmt":"2019-11-13T08:47:12","guid":{"rendered":"http:\/\/www.tvturk.com\/index.php\/bilecikte-ilk-defa-degerli-esya-mezati-yapilacak\/"},"modified":"2019-11-13T11:47:12","modified_gmt":"2019-11-13T08:47:12","slug":"bilecikte-ilk-defa-degerli-esya-mezati-yapilacak","status":"publish","type":"post","link":"http:\/\/www.tvturk.com\/index.php\/bilecikte-ilk-defa-degerli-esya-mezati-yapilacak\/","title":{"rendered":"Bilecik\u2019te ilk defa de\u011ferli e\u015fya mezat\u0131 yap\u0131lacak"},"content":{"rendered":"<p>Bilecik\u2019te bir vatanda\u015f, ev ev gezerek toplad\u0131\u011f\u0131 eski, de\u011ferli ve antika de\u011feri ta\u015f\u0131yan e\u015fyalar\u0131 yapaca\u011f\u0131 mezatla satmaya planl\u0131yor.<\/p>\n<p>Bilecik\u2019te ikinci el al\u0131m sat\u0131m yapan Ersal Toka adl\u0131 vatanda\u015flar kent merkezinde aylar \u00f6nce sosyal medya \u00fczerinden yapt\u0131\u011f\u0131 bir \u00e7a\u011fr\u0131 vatanda\u015flar taraf\u0131ndan ilgi ile kar\u015f\u0131lan\u0131rken, bu \u00e7a\u011fr\u0131ya cevap veren ki\u015filerin kullanmad\u0131\u011f\u0131 ve at\u0131l durumda olan eski e\u015fyalar\u0131 para kar\u015f\u0131l\u0131\u011f\u0131nda toplad\u0131. Tuttu\u011fu bir depoya bu e\u015fyalar\u0131 biriktiren Toka\u2019n\u0131n deposu adeta bir antikac\u0131 d\u00fckkan\u0131na d\u00f6nd\u00fc. Deposunun foto\u011fraflar\u0131n\u0131 sosyal medya \u00fczerinden payla\u015fan Toka\u2019n\u0131n eski e\u015fyalar\u0131na vatanda\u015flar ilgi g\u00f6sterince yapaca\u011f\u0131 bir mezatla bu e\u015fyalar\u0131 satma karar\u0131 ald\u0131.<\/p>\n<p>&#8220;Bir kahvede mezat yapaca\u011f\u0131z&#8221;<\/p>\n<p>Bu i\u015fe hobi olarak ba\u015flad\u0131\u011f\u0131 anlatan Ersal Toka, &#8220;Ben sosyal medya \u00fczerinden \u2019evinizde, deponuzda, i\u015f yerinizde sizin kullanmad\u0131\u011f\u0131n\u0131z fakat ba\u015fkalar\u0131n\u0131n i\u015fine yarayabilecek at\u0131l durumda kullan\u0131labilir olan elde ta\u015f\u0131nabilir t\u00fcm e\u015fyalar\u0131n\u0131z\u0131 mezat\u0131m\u0131zda  sat\u0131\u015fa sunulup al\u0131c\u0131lar\u0131 ile bulu\u015fturulacakt\u0131r\u2019 diye bir \u00e7a\u011fr\u0131 yapt\u0131m. Ondan sonra  bize bir \u00e7ok gaz lambas\u0131, eski \u00fct\u00fc, eski televizyon, radyo, eski telefonlar, diki\u015f makinesi gibi \u00fcr\u00fcnler geliyor. Bunlar\u0131n i\u00e7inde pul koleksiyonlar\u0131, gramofon gibi \u00e7ok g\u00fczel e\u015fyalar geldi. Bizlerde bunlar\u0131 merakl\u0131s\u0131 olan ki\u015filere 21 Kas\u0131m Per\u015fembe g\u00fcn\u00fc bir kahvede mezat usul\u00fc sat\u0131\u015fa sunuca\u011f\u0131z. Bu sayede kullan\u0131lmayan eski e\u015fyalar hem de\u011ferlendirilecek, hem de eski e\u015fya merakl\u0131lar\u0131 mezat\u0131m\u0131zda be\u011fendi\u011fi \u015feyi alarak evinin bir k\u00f6\u015fesinde sergileyebilecek&#8221; dedi.<\/p>\n","protected":false},"excerpt":{"rendered":"<p>SOSYAL MEDYA \u00dcZER\u0130NDEN TOPLADI\u011eI DE\u011eERL\u0130 E\u015eYALARA TAL\u0130P \u00c7OK OLUNCA BU KARARI VERD\u0130<\/p>\n","protected":false},"author":1,"featured_media":227732,"comment_status":"closed","ping_status":"open","sticky":false,"template":"","format":"standard","meta":{"jetpack_post_was_ever_published":false,"_jetpack_newsletter_access":"","_jetpack_dont_email_post_to_subs":false,"_jetpack_newsletter_tier_id":0,"_jetpack_memberships_contains_paywalled_content":false,"_jetpack_memberships_contains_paid_content":false,"footnotes":"","jetpack_publicize_message":"","jetpack_publicize_feature_enabled":true,"jetpack_social_post_already_shared":true,"jetpack_social_options":{"image_generator_settings":{"template":"highway","default_image_id":0,"font":"","enabled":false},"version":2}},"categories":[1],"tags":[506,6371,10587,8733,37,57354,158],"class_list":["post-227731","post","type-post","status-publish","format-standard","has-post-thumbnail","hentry","category-genel","tag-bilecikte","tag-defa","tag-degerli","tag-esya","tag-ilk","tag-mezati","tag-yapilacak"],"jetpack_publicize_connections":[],"jetpack_featured_media_url":"https:\/\/i0.wp.com\/www.tvturk.com\/wp-content\/uploads\/2019\/11\/bilecikte-ilk-defa-degerli-esya-mezati-yapilacak_07e9ba5.jpg?fit=1000%2C750","jetpack_sharing_enabled":true,"jetpack_shortlink":"https:\/\/wp.me\/paKIfm-Xf5","_links":{"self":[{"href":"http:\/\/www.tvturk.com\/index.php\/wp-json\/wp\/v2\/posts\/227731","targetHints":{"allow":["GET"]}}],"collection":[{"href":"http:\/\/www.tvturk.com\/index.php\/wp-json\/wp\/v2\/posts"}],"about":[{"href":"http:\/\/www.tvturk.com\/index.php\/wp-json\/wp\/v2\/types\/post"}],"author":[{"embeddable":true,"href":"http:\/\/www.tvturk.com\/index.php\/wp-json\/wp\/v2\/users\/1"}],"replies":[{"embeddable":true,"href":"http:\/\/www.tvturk.com\/index.php\/wp-json\/wp\/v2\/comments?post=227731"}],"version-history":[{"count":0,"href":"http:\/\/www.tvturk.com\/index.php\/wp-json\/wp\/v2\/posts\/227731\/revisions"}],"wp:featuredmedia":[{"embeddable":true,"href":"http:\/\/www.tvturk.com\/index.php\/wp-json\/wp\/v2\/media\/227732"}],"wp:attachment":[{"href":"http:\/\/www.tvturk.com\/index.php\/wp-json\/wp\/v2\/media?parent=227731"}],"wp:term":[{"taxonomy":"category","embeddable":true,"href":"http:\/\/www.tvturk.com\/index.php\/wp-json\/wp\/v2\/categories?post=227731"},{"taxonomy":"post_tag","embeddable":true,"href":"http:\/\/www.tvturk.com\/index.php\/wp-json\/wp\/v2\/tags?post=227731"}],"curies":[{"name":"wp","href":"https:\/\/api.w.org\/{rel}","templated":true}]}}