{"id":227771,"date":"2019-11-13T12:46:50","date_gmt":"2019-11-13T09:46:50","guid":{"rendered":"http:\/\/www.tvturk.com\/index.php\/turk-is-hak-is-ve-diskten-ortak-aciklama\/"},"modified":"2019-11-13T12:46:50","modified_gmt":"2019-11-13T09:46:50","slug":"turk-is-hak-is-ve-diskten-ortak-aciklama","status":"publish","type":"post","link":"http:\/\/www.tvturk.com\/index.php\/turk-is-hak-is-ve-diskten-ortak-aciklama\/","title":{"rendered":"T\u00dcRK-\u0130\u015e, HAK \u0130\u015e ve D\u0130SK\u2019ten ortak a\u00e7\u0131klama"},"content":{"rendered":"<p>T\u00dcRK-\u0130\u015e, HAK \u0130\u015e ve D\u0130SK ba\u015fkanlar\u0131 yapt\u0131klar\u0131 ortak bas\u0131n a\u00e7\u0131klamas\u0131nda i\u015f\u00e7ilerin ve \u00e7al\u0131\u015fanlar\u0131n vergi kesintilerine ili\u015fkin taleplerini dile getirdiler. Emek \u00fczerindeki vergi y\u00fck\u00fcn\u00fcn azalt\u0131lmas\u0131 ve verginin geni\u015f kitlelere adil bir \u015fekilde yans\u0131mas\u0131n\u0131n sa\u011flanmas\u0131 gerekti\u011fi belirtilen a\u00e7\u0131klamada, &#8220;B\u00fct\u00fcn \u00fccretlerden asgari \u00fccrete tekab\u00fcl eden k\u0131s\u0131m vergiden muaf olmal\u0131d\u0131r. Asgari \u00fccret sonras\u0131 ilk vergi basama\u011f\u0131 i\u00e7in uygulanacak oran y\u00fczde 10 olmal\u0131d\u0131r\u201d denildi.<\/p>\n<p>T\u00dcRK-\u0130\u015e Genel Ba\u015fkan\u0131 Erg\u00fcn Atalay, HAK-\u0130\u015e Genel Ba\u015fkan\u0131 Mahmut Arslan ve D\u0130SK Genel Ba\u015fkan\u0131 Arzu \u00c7erkezo\u011flu, T\u00dcRK-\u0130\u015e Genel Merkezi\u2019nde vergiler konusunda ortak bas\u0131n a\u00e7\u0131klamas\u0131 d\u00fczenledi. Ortak bas\u0131n a\u00e7\u0131klamas\u0131n\u0131 \u00fc\u00e7 sendika ad\u0131na D\u0130SK Genel Ba\u015fkan\u0131 Arzu \u00c7erkezo\u011flu ger\u00e7ekle\u015ftirdi. \u00c7erkezo\u011flu T\u00dcRK-\u0130\u015e, HAK-\u0130\u015e ve D\u0130SK olarak i\u015f\u00e7ilerin ve t\u00fcm \u00e7al\u0131\u015fanlar\u0131n en \u00f6nemli sorunlar\u0131ndan biri olan vergi y\u00fcklerinin azalt\u0131lmas\u0131 ve vergide adaletin sa\u011flanmas\u0131 i\u00e7in g\u00f6r\u00fc\u015fleri ve taleplerini kamuoyunun, h\u00fck\u00fcmetin ve 2020 y\u0131l\u0131 b\u00fct\u00e7esini g\u00f6r\u00fc\u015fmekte olan T\u00fcrkiye B\u00fcy\u00fck Millet Meclisindeki siyasi partilerin ve milletvekillerinin dikkatine sunduklar\u0131n\u0131 belirtti. T\u00fcrkiye\u2019de gelir vergisi m\u00fckelleflerinin b\u00fcy\u00fck \u00e7o\u011funlu\u011funu \u00fccret geliri elde edenlerin olu\u015fturdu\u011funu belirten \u00c7erkezo\u011flu, &#8220;\u00dccretli \u00e7al\u0131\u015fanlar \u00fczerinde hem do\u011frudan gelir ve kazan\u00e7 \u00fczerinden al\u0131nan hem de dolayl\u0131 olarak mal ve hizmet \u00fczerinden al\u0131nan vergilerin a\u011f\u0131r y\u00fck\u00fc bulunuyor. Kamu ve \u00f6zel sekt\u00f6rde \u00e7al\u0131\u015fan milyonlarca i\u015f\u00e7i ve memurun gelir vergileri kayna\u011f\u0131ndan kesinti yap\u0131larak \u00f6deniyor. \u00dccretlerimizden kesilen vergiler, Gelir Vergisi has\u0131lat\u0131n\u0131n \u00f6nemli bir k\u0131sm\u0131n\u0131 olu\u015fturuyor. Bug\u00fcn \u00fclkemizde uygulanan vergi politikalar\u0131 nedeniyle i\u015f\u00e7iler \u00fczerinde a\u011f\u0131r bir vergi bask\u0131s\u0131 bulunuyor. \u0130\u015f\u00e7inin eline ge\u00e7en net \u00fccret, vergi kesintileri nedeniyle y\u0131lba\u015f\u0131na g\u00f6re ge\u00e7en s\u00fcrede giderek geriliyor. \u00dccretli \u00e7al\u0131\u015fanlar\u0131n net \u00fccreti, bir yandan enflasyon nedeniyle sat\u0131n alma g\u00fcc\u00fcn\u00fc kaybetmesiyle, di\u011fer yandan artan vergi oran\u0131 nedeniyle azal\u0131yor&#8221; dedi.<\/p>\n<p>&#8220;Bu vergi d\u00fczeni adil de\u011fildir. Sosyal adalete, Anayasan\u0131n sosyal hukuk devleti ilkesine uygun de\u011fildir. Anayasayla ba\u011fda\u015fmayan bu anlay\u0131\u015f s\u00fcrd\u00fcr\u00fclebilir de\u011fildir&#8221; diyen \u00c7erkezo\u011flu, &#8220;TBMM\u2019ye sunulan vergi d\u00fczeninde yeni de\u011fi\u015fiklikleri i\u00e7eren yasa teklifi emek\u00e7ilerin beklentilerini kar\u015f\u0131lam\u0131yor, vergi adaletsizli\u011fini ortadan kald\u0131rm\u0131yor. Bu teklifte \u00fccretliler lehine olan \u2018ay\u0131r\u0131m ilkesi\u2019 yakla\u015f\u0131m\u0131 yine g\u00f6zetilmiyor. \u00c7al\u0131\u015fanlar\u0131n 2005 y\u0131l\u0131 gelir vergisi tarifesine uygulanan y\u00fczde 15-20-25-30-35 gelir vergisi oran\u0131, 2006 y\u0131l\u0131ndan bu yana y\u00fczde 15-20-27-35 olarak maalesef daha y\u00fcksek uygulan\u0131yor. 2005 y\u0131l\u0131nda gelir vergisi tarifesi br\u00fct asgari \u00fccretin 13,5 kat\u0131 iken, g\u00fcn\u00fcm\u00fczde 7 kat\u0131na denk gelmektedir. \u00c7al\u0131\u015fanlar her y\u0131l daha fazla vergi \u00f6demek zorunda kal\u0131yor. Bu uygulama sosyal adaletle ba\u011fda\u015fm\u0131yor. B\u00fct\u00fcn taleplere ra\u011fmen gelir vergisi tarifesi \u00fccretliler lehine iyile\u015ftirilmiyor&#8221; ifadelerini kulland\u0131.<\/p>\n<p>Daha adil bir vergi sistemi i\u00e7in T\u00dcRK-\u0130\u015e, HAK-\u0130\u015e ve D\u0130SK olarak ortak talepleri oldu\u011funu belirten \u00c7erkezo\u011flu konu\u015fmas\u0131n\u0131 \u015f\u00f6yle s\u00fcrd\u00fcrd\u00fc:<\/p>\n<p>&#8220;Emek \u00fczerindeki vergi y\u00fck\u00fcn\u00fcn azalt\u0131lmas\u0131 ve verginin geni\u015f kitlelere adil bir \u015fekilde yans\u0131mas\u0131n\u0131n sa\u011flanmas\u0131 gerekmektedir. O nedenle gelir vergisi tarife basamaklar\u0131 ve oranlar\u0131 acil olarak \u00e7al\u0131\u015fanlar lehine g\u00fcncellenmelidir. B\u00fct\u00fcn \u00fccretlerden asgari \u00fccrete tekab\u00fcl eden k\u0131s\u0131m vergiden muaf olmal\u0131d\u0131r. Asgari \u00fccret sonras\u0131 ilk vergi basama\u011f\u0131 i\u00e7in uygulanacak oran y\u00fczde 10 olmal\u0131d\u0131r. D\u00fc\u015f\u00fck gelirli hane halk\u0131n\u0131n t\u00fcketiminde \u00f6nemli pay\u0131 olan g\u0131da ve alkols\u00fcz i\u00e7ecekler, e\u011fitim, sa\u011fl\u0131k ile giyim ve ayakkab\u0131 grubu i\u00e7in halen indirimli vergi oran\u0131 uygulanmaktaysa da d\u00fc\u015f\u00fck gelirli ailelerin t\u00fcketim vergi pay\u0131n\u0131 azaltmak i\u00e7in bu oran\u0131n daha da a\u015fa\u011f\u0131ya \u00e7ekilmesi sa\u011flanmal\u0131d\u0131r. \u00dccret geliri elde eden ki\u015filerin giderlerini \u00f6dedikleri vergiden indirememelerinin do\u011furdu\u011fu anayasal e\u015fitlik ilkesine ayk\u0131r\u0131l\u0131k halini kar\u015f\u0131layabilmek i\u00e7in t\u0131pk\u0131 gayrimenkul sermaye iratlar\u0131nda oldu\u011fu gibi, y\u00fczde 25\u2019lik g\u00f6t\u00fcr\u00fc gider indiriminin yap\u0131lmas\u0131n\u0131 \u00f6neriyoruz. \u0130\u015f\u00e7inin kendisi ve di\u011fer aile fertleri i\u00e7in yapmak zorunda oldu\u011fu g\u0131da, bar\u0131nma, giyim, \u0131s\u0131nma, elektrik, sa\u011fl\u0131k, e\u011fitim gibi giderleri gelir vergisi matrah\u0131ndan mahsup edilmelidir. Zira benzer harcamalar, beyanname usul\u00fc ile vergiye tabii m\u00fckellefler taraf\u0131ndan gelir vergisi matrah\u0131ndan mahsup edilebilmektedir.  Bireysel do\u011falgaz, elektrik, su, ula\u015f\u0131m ve ileti\u015fim hizmetleri t\u00fcketiminden al\u0131nan KDV y\u00fczde 1\u2019e d\u00fc\u015f\u00fcr\u00fclmelidir. Temel t\u00fcketim mallar\u0131ndan al\u0131nan KDV s\u0131f\u0131rlanmal\u0131d\u0131r.&#8221;<\/p>\n<p>Vergi oranlar\u0131ndaki art\u0131\u015f\u0131n kay\u0131t d\u0131\u015f\u0131 \u00e7al\u0131\u015fma oranlar\u0131n\u0131 art\u0131raca\u011f\u0131 g\u00f6r\u00fc\u015f\u00fcn\u00fc savunan \u00c7erkezo\u011flu, &#8220;Talebimiz ve beklentimiz, vergide sa\u011flanacak d\u00fczenlemelerin \u00fccretli \u00e7al\u0131\u015fanlar aleyhine olan haks\u0131z ve adaletsiz durumu ortadan kald\u0131rmas\u0131 ve emek\u00e7iler lehine iyile\u015ftirme yap\u0131lmas\u0131d\u0131r. Bu \u00fclkenin sa\u011flad\u0131\u011f\u0131 kaynaklar\u0131 kullanarak gelir ve servet elde edenler topluma kar\u015f\u0131 y\u00fck\u00fcml\u00fcl\u00fcklerini yerine getirmeli ve kazan\u00e7lar\u0131 oran\u0131nda vergi \u00f6demeleri sa\u011flanmal\u0131d\u0131r. Adil bir gelir da\u011f\u0131l\u0131m\u0131n\u0131 sa\u011flayan, aile y\u00fck\u00fcml\u00fcl\u00fcklerini dikkate alan, vergi adaletini ve e\u015fitli\u011fini hedefleyen ve kay\u0131td\u0131\u015f\u0131 ekonominin \u00f6nlenmesi amac\u0131yla vergi oranlar\u0131nda indirime gitmeyi savunan b\u00fct\u00fcnc\u00fcl bir gelir vergisi sistemine y\u00f6nelik politikalar\u0131n geli\u015ftirilmesini \u00f6ncelikli hedefler aras\u0131nda g\u00f6rmekteyiz. Vergi oranlardaki y\u00fckselme kay\u0131t d\u0131\u015f\u0131 \u00e7al\u0131\u015fmay\u0131 art\u0131racakt\u0131r. Adaletsiz vergi d\u00fczeninin de\u011fi\u015ftirilmesini, emek\u00e7ilerin vergi y\u00fck\u00fc alt\u0131nda ezilmesine son verilmesini talep ediyoruz. Sosyal adalete, Anayasan\u0131n sosyal hukuk devleti ilkesine uygun bir vergi sistemi talep ediyoruz&#8221; dedi.<\/p>\n<p>Yap\u0131lan bas\u0131n a\u00e7\u0131klamas\u0131n\u0131n ard\u0131ndan ortak bas\u0131n a\u00e7\u0131klamas\u0131 metinleri partilerin grup ba\u015fkan vekillerine  g\u00f6nderilmek \u00fczere sendika ba\u015fkanlar\u0131 ve sendika \u00fcyeleri taraf\u0131ndan imzaland\u0131. \u00d6te yandan 81 ilde ger\u00e7ekle\u015ftirilen imza kampanyas\u0131nda \u00fc\u00e7 sendikan\u0131n \u00fcyelerinden toplanan imzal\u0131 belgelerin de partilerin grup ba\u015fkan vekillerine sunulmas\u0131 planlan\u0131yor. Toplant\u0131 sonras\u0131 gazetecilerin sorular\u0131n\u0131 yan\u0131tlayan sendika bakanlar\u0131, asgari \u00fccret ve \u00e7al\u0131\u015fanlar\u0131 ilgilendiren \u00f6nemli konularda tekrar bir araya gelinebilece\u011fini kaydetti.<\/p>\n","protected":false},"excerpt":{"rendered":"<p>T\u00dcRK-\u0130\u015e HAK \u0130\u015e VE D\u0130SK BA\u015eKANLARI YAPTIKLARI ORTAK BASIN A\u00c7IKLAMASINDA \u0130\u015e\u00c7\u0130LER\u0130N VE \u00c7ALI\u015eANLARIN VERG\u0130 KES\u0130NT\u0130LER\u0130NE \u0130L\u0130\u015eK\u0130N TALEPLER\u0130N\u0130 D\u0130LE GET\u0130RD\u0130LER. YAPILAN A\u00c7IKLAMADA; &#8220;EMEK \u00dcZER\u0130NDEK\u0130 VERG\u0130 Y\u00dcK\u00dcN\u00dcN AZALTILMASI VE VERG\u0130N\u0130N GEN\u0130\u015e K\u0130TLELERE AD\u0130L B\u0130R \u015eEK\u0130LDE YANSIMASININ SA\u011eLANMASI GEREKMEKTED\u0130R. O NEDENLE, GEL\u0130R VERG\u0130S\u0130 TAR\u0130FE BASAMAKLARI VE ORANLARI AC\u0130L OLARAK \u00c7ALI\u015eANLAR LEH\u0130NE G\u00dcNCELLENMEL\u0130D\u0130R.B\u00dcT\u00dcN \u00dcCRETLERDEN ASGAR\u0130 \u00dcCRETE TEKAB\u00dcL EDEN KISIM VERG\u0130DEN MUAF OLMALIDIR. ASGAR\u0130 \u00dcCRET SONRASI \u0130LK VERG\u0130 BASAMA\u011eI \u0130\u00c7\u0130N UYGULANACAK ORAN Y\u00dcZDE 10 OLMALIDIR\u201d DEN\u0130LD\u0130.<\/p>\n","protected":false},"author":1,"featured_media":227772,"comment_status":"closed","ping_status":"open","sticky":false,"template":"","format":"standard","meta":{"jetpack_post_was_ever_published":false,"_jetpack_newsletter_access":"","_jetpack_dont_email_post_to_subs":false,"_jetpack_newsletter_tier_id":0,"_jetpack_memberships_contains_paywalled_content":false,"_jetpack_memberships_contains_paid_content":false,"footnotes":"","jetpack_publicize_message":"","jetpack_publicize_feature_enabled":true,"jetpack_social_post_already_shared":true,"jetpack_social_options":{"image_generator_settings":{"template":"highway","default_image_id":0,"font":"","enabled":false},"version":2}},"categories":[1],"tags":[3349,57366,964,432,947,27349],"class_list":["post-227771","post","type-post","status-publish","format-standard","has-post-thumbnail","hentry","category-genel","tag-aciklama","tag-diskten","tag-hak","tag-is","tag-ortak","tag-turk-is"],"jetpack_publicize_connections":[],"jetpack_featured_media_url":"https:\/\/i0.wp.com\/www.tvturk.com\/wp-content\/uploads\/2019\/11\/turk-is-hak-is-ve-diskten-ortak-aciklama_b5d49b3.jpg?fit=1000%2C666","jetpack_sharing_enabled":true,"jetpack_shortlink":"https:\/\/wp.me\/paKIfm-XfJ","_links":{"self":[{"href":"http:\/\/www.tvturk.com\/index.php\/wp-json\/wp\/v2\/posts\/227771","targetHints":{"allow":["GET"]}}],"collection":[{"href":"http:\/\/www.tvturk.com\/index.php\/wp-json\/wp\/v2\/posts"}],"about":[{"href":"http:\/\/www.tvturk.com\/index.php\/wp-json\/wp\/v2\/types\/post"}],"author":[{"embeddable":true,"href":"http:\/\/www.tvturk.com\/index.php\/wp-json\/wp\/v2\/users\/1"}],"replies":[{"embeddable":true,"href":"http:\/\/www.tvturk.com\/index.php\/wp-json\/wp\/v2\/comments?post=227771"}],"version-history":[{"count":0,"href":"http:\/\/www.tvturk.com\/index.php\/wp-json\/wp\/v2\/posts\/227771\/revisions"}],"wp:featuredmedia":[{"embeddable":true,"href":"http:\/\/www.tvturk.com\/index.php\/wp-json\/wp\/v2\/media\/227772"}],"wp:attachment":[{"href":"http:\/\/www.tvturk.com\/index.php\/wp-json\/wp\/v2\/media?parent=227771"}],"wp:term":[{"taxonomy":"category","embeddable":true,"href":"http:\/\/www.tvturk.com\/index.php\/wp-json\/wp\/v2\/categories?post=227771"},{"taxonomy":"post_tag","embeddable":true,"href":"http:\/\/www.tvturk.com\/index.php\/wp-json\/wp\/v2\/tags?post=227771"}],"curies":[{"name":"wp","href":"https:\/\/api.w.org\/{rel}","templated":true}]}}