{"id":227779,"date":"2019-11-13T12:47:28","date_gmt":"2019-11-13T09:47:28","guid":{"rendered":"http:\/\/www.tvturk.com\/index.php\/yasli-hasta-calisan-kalbine-yapilan-bypass-ile-sagligina-kavustu\/"},"modified":"2019-11-13T12:47:28","modified_gmt":"2019-11-13T09:47:28","slug":"yasli-hasta-calisan-kalbine-yapilan-bypass-ile-sagligina-kavustu","status":"publish","type":"post","link":"http:\/\/www.tvturk.com\/index.php\/yasli-hasta-calisan-kalbine-yapilan-bypass-ile-sagligina-kavustu\/","title":{"rendered":"Ya\u015fl\u0131 hasta, \u00e7al\u0131\u015fan kalbine yap\u0131lan bypass ile sa\u011fl\u0131\u011f\u0131na kavu\u015ftu"},"content":{"rendered":"<p>Amasya \u00dcniversitesi Sabuncuo\u011flu \u015eerefeddin E\u011fitim ve Ara\u015ft\u0131rma Hastanesinde ya\u015fl\u0131 bir hasta, \u00e7al\u0131\u015fan kalbine yap\u0131lan bypass ile sa\u011fl\u0131\u011f\u0131na kavu\u015ftu.<\/p>\n<p>Amasya \u00dcniversitesi Sabuncuo\u011flu \u015eerefeddin E\u011fitim ve Ara\u015ft\u0131rma Hastanesinde 76 ya\u015f\u0131ndaki \u0130.K. isimli bir hasta, kalbine yap\u0131lan by-pass ile sa\u011fl\u0131\u011f\u0131na kavu\u015furken operasyonu Do\u00e7. Dr. Seyhan Y\u0131lmaz, Dr. \u00d6\u011fretim \u00dcyesi Ercan Kahraman ve Opr. Dr. G\u00f6k\u00e7en G\u00f6kg\u00f6zo\u011flu\u2019ndan olu\u015fan kalp damar cerrahisi doktorlar\u0131 ger\u00e7ekle\u015ftirdi.<\/p>\n<p>Ekip ad\u0131na bilgi veren Do\u00e7. Dr. Seyhan Y\u0131lmaz, \u201cDaha \u00e7ok tecr\u00fcbeli merkezlerde, kalbin kas\u0131lma g\u00fcc\u00fc azalm\u0131\u015f bu profildeki hastalara uygulanan \u00e7al\u0131\u015fan kalpte koroner by-pass ameliyat\u0131n\u0131 burada hastanemizde ilk kez uygulayarak hastam\u0131z\u0131n ameliyat\u0131n\u0131 ger\u00e7ekle\u015ftirdik hastam\u0131z\u0131n sa\u011fl\u0131k durumu \u00e7ok iyi birka\u00e7 g\u00fcn yo\u011fun bak\u0131m \u00fcnitemizde ve servisimizde takip ettikten sonra \u015fifa ile taburcu ettik&#8221; dedi.<\/p>\n<p>Kliniklerinde hemen hemen t\u00fcm kalp ve damar hastal\u0131klar\u0131na g\u00fcncel tedavi y\u00f6ntemlerini uygulayabildiklerini ifade eden Do\u00e7. Dr. Y\u0131lmaz, \u00f6zellikle b\u00f6lgenin di\u011fer illerinden ve il\u00e7elerinden de hastalar\u0131n tedavi olmak i\u00e7in g\u00f6n\u00fcl rahatl\u0131\u011f\u0131yla kliniklerine ba\u015fvurabileceklerini s\u00f6yledi.<\/p>\n<p>Hastam\u0131z\u0131n refakat\u00e7isi yapt\u0131\u011f\u0131 a\u00e7\u0131klamada, &#8220;Hastam\u0131z\u0131n ya\u015fl\u0131 olmas\u0131 ve \u00f6nemli ba\u015fka hastal\u0131klar\u0131n\u0131n da olmas\u0131 nedeniyle ilk \u00f6nce \u0130stanbul\u2019da ameliyat ettirmeyi d\u00fc\u015f\u00fcnd\u00fck, fakat daha sonra Sabuncuo\u011flu \u015eerefeddin E\u011fitim ve Ara\u015ft\u0131rma Hastanenin Kalp ve Damar Cerrahisi B\u00f6l\u00fcm\u00fc doktorlar\u0131n\u0131n ilgili yakla\u015f\u0131mlar\u0131 nedeniyle burada ameliyat yapt\u0131rmaya karar verdik. Hastam\u0131z\u0131n ameliyat\u0131 \u00e7ok iyi ge\u00e7ti \u015fuan hastam\u0131z\u0131n durumu \u00e7ok iyi Allah doktorlar\u0131m\u0131zdan, hem\u015firelerimizden, hastane idarecilerinden bu hizmetlerin kazan\u0131mlar\u0131n\u0131 sa\u011flayan yetkililerden binlerce kez raz\u0131 olsun ba\u015fka bir hastaneye gitmeden hastam\u0131z \u015fifas\u0131n\u0131 buldu eme\u011fi ge\u00e7en t\u00fcm personellere g\u00f6n\u00fclden te\u015fekk\u00fcr ediyorum\u201d dedi.<\/p>\n","protected":false},"excerpt":{"rendered":"<p>AMASYA \u00dcN\u0130VERS\u0130TES\u0130 SABUNCUO\u011eLU \u015eEREDD\u0130N E\u011e\u0130T\u0130M ARA\u015eTIRMA HASTANES\u0130NDE 76 YA\u015eINDAK\u0130 \u0130.K. \u0130S\u0130ML\u0130 HASTA \u00c7ALI\u015eAN KALB\u0130NE YAPILAN BYPASS \u0130LE SA\u011eLI\u011eINA KAVU\u015eTU.<\/p>\n","protected":false},"author":1,"featured_media":227780,"comment_status":"closed","ping_status":"open","sticky":false,"template":"","format":"standard","meta":{"jetpack_post_was_ever_published":false,"_jetpack_newsletter_access":"","_jetpack_dont_email_post_to_subs":false,"_jetpack_newsletter_tier_id":0,"_jetpack_memberships_contains_paywalled_content":false,"_jetpack_memberships_contains_paid_content":false,"footnotes":"","jetpack_publicize_message":"","jetpack_publicize_feature_enabled":true,"jetpack_social_post_already_shared":true,"jetpack_social_options":{"image_generator_settings":{"template":"highway","default_image_id":0,"font":"","enabled":false},"version":2}},"categories":[1],"tags":[19397,1050,4166,192,3259,1825,3705,530,1051],"class_list":["post-227779","post","type-post","status-publish","format-standard","has-post-thumbnail","hentry","category-genel","tag-bypass","tag-calisan","tag-hasta","tag-ile","tag-kalbine","tag-kavustu","tag-sagligina","tag-yapilan","tag-yasli"],"jetpack_publicize_connections":[],"jetpack_featured_media_url":"https:\/\/i0.wp.com\/www.tvturk.com\/wp-content\/uploads\/2019\/11\/yasli-hasta-calisan-kalbine-yapilan-bypass-ile-sagligina-kavustu_a9b7e23.jpg?fit=1000%2C665","jetpack_sharing_enabled":true,"jetpack_shortlink":"https:\/\/wp.me\/paKIfm-XfR","_links":{"self":[{"href":"http:\/\/www.tvturk.com\/index.php\/wp-json\/wp\/v2\/posts\/227779","targetHints":{"allow":["GET"]}}],"collection":[{"href":"http:\/\/www.tvturk.com\/index.php\/wp-json\/wp\/v2\/posts"}],"about":[{"href":"http:\/\/www.tvturk.com\/index.php\/wp-json\/wp\/v2\/types\/post"}],"author":[{"embeddable":true,"href":"http:\/\/www.tvturk.com\/index.php\/wp-json\/wp\/v2\/users\/1"}],"replies":[{"embeddable":true,"href":"http:\/\/www.tvturk.com\/index.php\/wp-json\/wp\/v2\/comments?post=227779"}],"version-history":[{"count":0,"href":"http:\/\/www.tvturk.com\/index.php\/wp-json\/wp\/v2\/posts\/227779\/revisions"}],"wp:featuredmedia":[{"embeddable":true,"href":"http:\/\/www.tvturk.com\/index.php\/wp-json\/wp\/v2\/media\/227780"}],"wp:attachment":[{"href":"http:\/\/www.tvturk.com\/index.php\/wp-json\/wp\/v2\/media?parent=227779"}],"wp:term":[{"taxonomy":"category","embeddable":true,"href":"http:\/\/www.tvturk.com\/index.php\/wp-json\/wp\/v2\/categories?post=227779"},{"taxonomy":"post_tag","embeddable":true,"href":"http:\/\/www.tvturk.com\/index.php\/wp-json\/wp\/v2\/tags?post=227779"}],"curies":[{"name":"wp","href":"https:\/\/api.w.org\/{rel}","templated":true}]}}