{"id":227817,"date":"2019-11-13T14:02:29","date_gmt":"2019-11-13T11:02:29","guid":{"rendered":"http:\/\/www.tvturk.com\/index.php\/beyaz-manda-sasirtti\/"},"modified":"2019-11-13T14:02:29","modified_gmt":"2019-11-13T11:02:29","slug":"beyaz-manda-sasirtti","status":"publish","type":"post","link":"http:\/\/www.tvturk.com\/index.php\/beyaz-manda-sasirtti\/","title":{"rendered":"Beyaz manda \u015fa\u015f\u0131rtt\u0131"},"content":{"rendered":"<p>Bal\u0131kesir\u2019de do\u011fum yapan bir manda beyaz bir di\u015fi yavru d\u00fcnyaya getirdi. Ender olarak g\u00f6r\u00fclen beyaz manda ilgi oda\u011f\u0131 olurken, s\u00fcr\u00fc sahibi T\u00fcrkmen Ailesi hayatlar\u0131nda ilk kez beyaz bir manda g\u00f6rd\u00fcklerini s\u00f6yledi.<\/p>\n<p>Bal\u0131kesir\u2019in Alt\u0131eyl\u00fcl il\u00e7esine ba\u011fl\u0131 k\u0131rsal Bal\u0131kl\u0131 Mahallesi\u2019nde beyaz bir manda d\u00fcnyaya geldi. Mandac\u0131l\u0131k ile u\u011fra\u015fan H\u00fcseyin T\u00fcrkmen ve \u015eevket T\u00fcrkmen, g\u00f6rd\u00fckleri beyaz manda kar\u015f\u0131s\u0131nda \u015fa\u015f\u0131rd\u0131. H\u00fcseyin T\u00fcrkmen, &#8220;Bal\u0131kl\u0131\u2019da ya\u015f\u0131yoruz. 61 ya\u015f\u0131nday\u0131m, bug\u00fcne kadar hi\u00e7 beyaz manda g\u00f6rmedim. Kald\u0131 ki Bal\u0131kl\u0131 mandas\u0131 ile \u00fcnl\u00fc bir yer. 5 ya\u015f\u0131ndan bu yana mandalar\u0131n i\u00e7indeyim. \u015ea\u015f\u0131rd\u0131m&#8221; dedi.<\/p>\n<p>\u015eevket T\u00fcrkmen ise daha \u00f6nce alaca renkte manda g\u00f6rd\u00fc\u011f\u00fcn\u00fc ama beyaz manda ilk kez g\u00f6rd\u00fc\u011f\u00fcn\u00fc s\u00f6yledi.<\/p>\n<p>Beyaz renkli mandan\u0131n albino olup olmad\u0131\u011f\u0131 ise yap\u0131lacak incelemenin sonunda belli olacak.<\/p>\n","protected":false},"excerpt":{"rendered":"<p>BALIKES\u0130R&#8217;DE DO\u011eUM YAPAN B\u0130R MANDA BEYAZ B\u0130R D\u0130\u015e\u0130 YAVRU D\u00dcNYAYA GET\u0130RD\u0130. ENDER OLARAK G\u00d6R\u00dcLEN BEYAZ MANDA \u0130LG\u0130 ODA\u011eI OLURKEN, S\u00dcR\u00dc SAH\u0130B\u0130 OLAN T\u00dcRKMEN A\u0130LES\u0130 DE HAYATLARINDA \u0130LK KEZ BEYAZ B\u0130R MANDA G\u00d6RD\u00dcKLER\u0130N\u0130 S\u00d6YLED\u0130.<\/p>\n","protected":false},"author":1,"featured_media":227818,"comment_status":"closed","ping_status":"open","sticky":false,"template":"","format":"standard","meta":{"jetpack_post_was_ever_published":false,"_jetpack_newsletter_access":"","_jetpack_dont_email_post_to_subs":false,"_jetpack_newsletter_tier_id":0,"_jetpack_memberships_contains_paywalled_content":false,"_jetpack_memberships_contains_paid_content":false,"footnotes":"","jetpack_publicize_message":"","jetpack_publicize_feature_enabled":true,"jetpack_social_post_already_shared":true,"jetpack_social_options":{"image_generator_settings":{"template":"highway","default_image_id":0,"font":"","enabled":false},"version":2}},"categories":[1],"tags":[818,18566,2448],"class_list":["post-227817","post","type-post","status-publish","format-standard","has-post-thumbnail","hentry","category-genel","tag-beyaz","tag-manda","tag-sasirtti"],"jetpack_publicize_connections":[],"jetpack_featured_media_url":"https:\/\/i0.wp.com\/www.tvturk.com\/wp-content\/uploads\/2019\/11\/beyaz-manda-sasirtti_e07b4d5.jpg?fit=1000%2C750","jetpack_sharing_enabled":true,"jetpack_shortlink":"https:\/\/wp.me\/paKIfm-Xgt","_links":{"self":[{"href":"http:\/\/www.tvturk.com\/index.php\/wp-json\/wp\/v2\/posts\/227817","targetHints":{"allow":["GET"]}}],"collection":[{"href":"http:\/\/www.tvturk.com\/index.php\/wp-json\/wp\/v2\/posts"}],"about":[{"href":"http:\/\/www.tvturk.com\/index.php\/wp-json\/wp\/v2\/types\/post"}],"author":[{"embeddable":true,"href":"http:\/\/www.tvturk.com\/index.php\/wp-json\/wp\/v2\/users\/1"}],"replies":[{"embeddable":true,"href":"http:\/\/www.tvturk.com\/index.php\/wp-json\/wp\/v2\/comments?post=227817"}],"version-history":[{"count":0,"href":"http:\/\/www.tvturk.com\/index.php\/wp-json\/wp\/v2\/posts\/227817\/revisions"}],"wp:featuredmedia":[{"embeddable":true,"href":"http:\/\/www.tvturk.com\/index.php\/wp-json\/wp\/v2\/media\/227818"}],"wp:attachment":[{"href":"http:\/\/www.tvturk.com\/index.php\/wp-json\/wp\/v2\/media?parent=227817"}],"wp:term":[{"taxonomy":"category","embeddable":true,"href":"http:\/\/www.tvturk.com\/index.php\/wp-json\/wp\/v2\/categories?post=227817"},{"taxonomy":"post_tag","embeddable":true,"href":"http:\/\/www.tvturk.com\/index.php\/wp-json\/wp\/v2\/tags?post=227817"}],"curies":[{"name":"wp","href":"https:\/\/api.w.org\/{rel}","templated":true}]}}